{"id":7548,"date":"2012-12-01T16:00:39","date_gmt":"2012-12-01T19:00:39","guid":{"rendered":"http:\/\/www.24baires.com\/?p=7548"},"modified":"2012-12-01T21:53:35","modified_gmt":"2012-12-02T00:53:35","slug":"mar-del-plata-una-sargento-desafectada-de-la-policia-se-encadeno-frente-a-la-municipalidad","status":"publish","type":"post","link":"https:\/\/www.24baires.com\/?p=7548","title":{"rendered":"Mar del Plata: una sargento desafectada de la Polic\u00eda se encaden\u00f3 frente a la Municipalidad"},"content":{"rendered":"<p>La Sargento Virginia Sosa, est\u00e1 encadenada desde el martes frente a la Municipalidad de General Pueyrredon junto al Sargento Dar\u00edo C\u00e9sar Ojeda, cumpliendo este s\u00e1bado el quinto d\u00eda de acampe tras ser desafectada de la Polic\u00eda Bonaerense. Dijo que personal de Inspecci\u00f3n General intent\u00f3 sacarlos del lugar y dispar\u00f3 fuertes cr\u00edticas hacia Ram\u00f3n Negretti, Jefe de la Departamental.<!--more--><\/p>\n<p>Con la impronta de dar a conocer su reclamo, la Sargento Virgina Sosa lleg\u00f3 este s\u00e1bado a su quinto d\u00eda de protesta frente a la municipalidad de General Pueyrredon. Encadenada, y ahora de acampe, por ser sumariada y desafectada de la Polic\u00eda Bonaerense por peticionar diversas mejoras en el servicio, aspira a que en el corto plazo se solucione su situaci\u00f3n, como tambi\u00e9n la del Sargento Dar\u00edo C\u00e9sar Ojeda, quien tambi\u00e9n lleva adelante esta manifestaci\u00f3n. Decisi\u00f3n que tomaron tras \u201cagotar todas las instancias de reclamo\u201d.<\/p>\n<p>\u201cSoy una persona de bien, amo mi profesi\u00f3n y tengo vocaci\u00f3n de servicio. Por eso defiendo mi puesto\u201d, fueron sus primeras palabras en di\u00e1logo con \u201cel Retrato\u2026\u201d, en instantes donde los transe\u00fantes pasaban por la carpa y miraban los carteles escritos contra Pulti, Negretti y otros funcionarios.<\/p>\n<p>Sin embargo, las \u00faltimas horas no fueron de las mejores. \u201cEn la madrugada del viernes tuvimos un inconveniente con personal de Inspecci\u00f3n General. Me llam\u00f3 la atenci\u00f3n que no se hiciera presente la polic\u00eda, cosa que s\u00ed pasa cuando se realizan desalojos o alguna clausura en alg\u00fan local. Pero claro, es obvio que no van a contar con su apoyo porque son nuestros compa\u00f1eros y acompa\u00f1an nuestro reclamo\u201d, relat\u00f3.<\/p>\n<p>\u201cEmpezaron con amenazas y luego nos dijeron que el desalojo era una orden de Pulti. Que si no lo hac\u00edamos nosotros ellos iban a sacar todo. Pero si era una orden de Negretti, como ellos tambi\u00e9n nos dijeron, fue m\u00e1s raro que no lo hicieran acompa\u00f1ado de la polic\u00eda. Fue una extorsi\u00f3n\u201d, confi\u00f3 sobre lo acontecido. \u201cConoc\u00eda a uno de los inspectores por alg\u00fan que otro procedimiento de clausura que compartimos\u201d, desliz\u00f3 sin poder dar precisiones de su nombre.<\/p>\n<p>Sin embargo, tampoco dej\u00f3 pasar la oportunidad de agradecer la ayuda de los vecinos que se presentaron en el lugar y evitaron que la situaci\u00f3n se desmadre. Como tambi\u00e9n de algunos concejales de la ciudad como Carlos Fernando Arroyo (Agrupaci\u00f3n Atl\u00e1ntica) y Mario Rodr\u00edguez (Uni\u00f3n C\u00edvica Radical), si bien \u00e9stos \u00faltimos lo hicieron por el reclamo en s\u00ed.<\/p>\n<p><strong>Sobre el reclamo<\/strong><\/p>\n<p>A t\u00edtulo personal, explic\u00f3 que fue desafectada \u201cinjustamente\u201d de la polic\u00eda, donde le \u201cinventaron\u201d un sumario junto a otros nueve compa\u00f1eros. Sin embargo, la \u00fanica desafectada fue ella. Al respecto record\u00f3 que \u201cel 24 de septiembre fuimos a hablar con el Jefe de la Departamental (Ram\u00f3n Negretti) y peticionamos mejores condiciones y elementos de trabajo, como el tema de los m\u00f3viles. Hay autos que son un desastre. Entonces, este se\u00f1or busc\u00f3 a alguien, me toc\u00f3 a m\u00ed y sembr\u00f3 miedo al personal, como dejando en claro que si alguien protesta algo le pasar\u00e1 lo mismo\u201d.<\/p>\n<p>Entonces decidieron encadenarse frente a la Municipalidad para que \u201cGustavo Pulti, como jefe pol\u00edtico de la ciudad, pueda hablar con nuestras autoridades, que el ministro Ricardo Casal o el Gobernador Daniel Scioli. No pedimos que \u00e9l nos resuelva el problema\u201d.<\/p>\n<p>Posterior a citar que le sacaron \u201cmoment\u00e1neamente\u201d su arma y que \u201cno la recuperar\u00e9 hasta que se revuelva mi situaci\u00f3n\u201d, volvi\u00f3 a disparar contra Negretti: \u201cCon la mentira de este se\u00f1or, ensuci\u00f3 a todo el personal que d\u00eda tras d\u00eda trabaja en la calle\u201d.<\/p>\n","protected":false},"excerpt":{"rendered":"<p>La Sargento Virginia Sosa, est\u00e1 encadenada desde el martes frente a la Municipalidad de General Pueyrredon junto al Sargento Dar\u00edo C\u00e9sar Ojeda, cumpliendo este s\u00e1bado el quinto d\u00eda de acampe tras ser desafectada de la Polic\u00eda Bonaerense. Dijo que personal de Inspecci\u00f3n General intent\u00f3 sacarlos del lugar y dispar\u00f3 fuertes cr\u00edticas hacia Ram\u00f3n Negretti, Jefe de la Departamental.<\/p>\n","protected":false},"author":4,"featured_media":0,"comment_status":"open","ping_status":"open","sticky":false,"template":"","format":"standard","meta":{"_jetpack_newsletter_access":"","_jetpack_dont_email_post_to_subs":false,"_jetpack_newsletter_tier_id":0,"_jetpack_memberships_contains_paywalled_content":false,"_jetpack_memberships_contains_paid_content":false,"footnotes":""},"categories":[38],"tags":[],"class_list":["post-7548","post","type-post","status-publish","format-standard","hentry","category-locales"],"jetpack_featured_media_url":"","jetpack_shortlink":"https:\/\/wp.me\/p2JWE0-1XK","jetpack-related-posts":[{"id":105783,"url":"https:\/\/www.24baires.com\/?p=105783","url_meta":{"origin":7548,"position":0},"title":"Ritondo ech\u00f3 a cinco polic\u00edas por la \u00abmasacre\u00bb en la comisar\u00eda de Esteban Echeverr\u00eda","author":"GB","date":"06\/12\/2018","format":false,"excerpt":"La Auditor\u00eda de Asuntos Internos desafect\u00f3 a un subcomisario y a cuatro agentes tras el incendio que dej\u00f3 un saldo de nueve muertos. Tras las denuncias de organismos de derechos humanos, el Ministerio de Seguridad bonaerense desafect\u00f3 a los cinco polic\u00edas que prestaban funciones en la Comisar\u00eda Tercera de Esteban\u2026","rel":"","context":"En \u00abProvincia\u00bb","block_context":{"text":"Provincia","link":"https:\/\/www.24baires.com\/?cat=40"},"img":{"alt_text":"","src":"https:\/\/i0.wp.com\/www.24baires.com\/wp-content\/uploads\/2018\/11\/echeverr%C3%ADa.jpg?resize=350%2C200","width":350,"height":200,"srcset":"https:\/\/i0.wp.com\/www.24baires.com\/wp-content\/uploads\/2018\/11\/echeverr%C3%ADa.jpg?resize=350%2C200 1x, https:\/\/i0.wp.com\/www.24baires.com\/wp-content\/uploads\/2018\/11\/echeverr%C3%ADa.jpg?resize=525%2C300 1.5x"},"classes":[]},{"id":92791,"url":"https:\/\/www.24baires.com\/?p=92791","url_meta":{"origin":7548,"position":1},"title":"\u201cMam\u00e1, ven\u00ed r\u00e1pido que nos mata la polic\u00eda\u201d","author":"GB","date":"03\/03\/2017","format":false,"excerpt":"Asuntos Internos de la Bonaerense desafect\u00f3 a los efectivos que estuvieron la noche de la tragedia luego de conocerse mensajes de texto que los presos hab\u00edan enviado a sus familias minutos antes del hecho alertando que la polic\u00eda estaba \u201cmat\u00e1ndolos\u201d. Sospechan que los efectivos ultimaron a los reclusos y luego\u2026","rel":"","context":"En \u00abLocales\u00bb","block_context":{"text":"Locales","link":"https:\/\/www.24baires.com\/?cat=38"},"img":{"alt_text":"","src":"https:\/\/i0.wp.com\/www.24baires.com\/wp-content\/uploads\/2017\/03\/policia-pergamino.jpg?resize=350%2C200","width":350,"height":200,"srcset":"https:\/\/i0.wp.com\/www.24baires.com\/wp-content\/uploads\/2017\/03\/policia-pergamino.jpg?resize=350%2C200 1x, https:\/\/i0.wp.com\/www.24baires.com\/wp-content\/uploads\/2017\/03\/policia-pergamino.jpg?resize=525%2C300 1.5x"},"classes":[]},{"id":101893,"url":"https:\/\/www.24baires.com\/?p=101893","url_meta":{"origin":7548,"position":2},"title":"Entraron a una comisar\u00eda vestidos de polic\u00edas e hirieron a una sargento","author":"AF","date":"30\/04\/2018","format":false,"excerpt":"Cuatro delincuentes armados y vestidos de polic\u00edas irrumpieron esta madrugada en la comisar\u00eda de la localidad bonaerense de San Justo en un aparente intento por liberar a presos alojados en los calabozos, aunque fueron repelidos por los agentes policiales en un tiroteo en el que fue herida de dos balazos\u2026","rel":"","context":"En \u00abPoliciales\u00bb","block_context":{"text":"Policiales","link":"https:\/\/www.24baires.com\/?cat=49"},"img":{"alt_text":"","src":"https:\/\/i0.wp.com\/www.24baires.com\/wp-content\/uploads\/2018\/04\/polic%C3%AD.jpg?resize=350%2C200","width":350,"height":200,"srcset":"https:\/\/i0.wp.com\/www.24baires.com\/wp-content\/uploads\/2018\/04\/polic%C3%AD.jpg?resize=350%2C200 1x, https:\/\/i0.wp.com\/www.24baires.com\/wp-content\/uploads\/2018\/04\/polic%C3%AD.jpg?resize=525%2C300 1.5x"},"classes":[]},{"id":114662,"url":"https:\/\/www.24baires.com\/?p=114662","url_meta":{"origin":7548,"position":3},"title":"Desafectaron a los polic\u00edas que reprimieron \u00absin orden\u00bb a trabajadores en Quilmes","author":"AF","date":"09\/04\/2020","format":false,"excerpt":"La medida se dispuso a trav\u00e9s de la Auditor\u00eda General de Asuntos Internos que depende del ministro Sergio Berni. El gobierno bonaerense desafect\u00f3 a los polic\u00edas que reprimieron a trabajadores del frigor\u00edfico Penta, del partido de Quilmes, quienes estaban concentrados frente a la empresa para intentar ingresar a la planta\u2026","rel":"","context":"En \u00abLocales\u00bb","block_context":{"text":"Locales","link":"https:\/\/www.24baires.com\/?cat=38"},"img":{"alt_text":"","src":"https:\/\/i0.wp.com\/www.24baires.com\/wp-content\/uploads\/2020\/04\/1b501e96492c05702fac0f18ba6f6309.jpg?resize=350%2C200","width":350,"height":200,"srcset":"https:\/\/i0.wp.com\/www.24baires.com\/wp-content\/uploads\/2020\/04\/1b501e96492c05702fac0f18ba6f6309.jpg?resize=350%2C200 1x, https:\/\/i0.wp.com\/www.24baires.com\/wp-content\/uploads\/2020\/04\/1b501e96492c05702fac0f18ba6f6309.jpg?resize=525%2C300 1.5x"},"classes":[]},{"id":108347,"url":"https:\/\/www.24baires.com\/?p=108347","url_meta":{"origin":7548,"position":4},"title":"San Miguel Del Monte: Ritondo desafect\u00f3 a 12 polic\u00edas involucrados en los hechos","author":"AF","date":"23\/05\/2019","format":false,"excerpt":"Lo confirm\u00f3 en una conferencia de prensa que el Ministro de Seguridad brind\u00f3 este jueves al mediod\u00eda. \"Fue un procedimiento muy mal hecho\", dijo. El ministro de Seguridad bonaerense, Cristian Ritondo, desafect\u00f3 a otros 9 polic\u00edas y ya se suman doce efectivos separados por la persecuci\u00f3n que termin\u00f3 con el\u2026","rel":"","context":"En \u00abLocales\u00bb","block_context":{"text":"Locales","link":"https:\/\/www.24baires.com\/?cat=38"},"img":{"alt_text":"","src":"https:\/\/i0.wp.com\/www.24baires.com\/wp-content\/uploads\/2017\/08\/ritondo-conferencia.jpg?resize=350%2C200","width":350,"height":200,"srcset":"https:\/\/i0.wp.com\/www.24baires.com\/wp-content\/uploads\/2017\/08\/ritondo-conferencia.jpg?resize=350%2C200 1x, https:\/\/i0.wp.com\/www.24baires.com\/wp-content\/uploads\/2017\/08\/ritondo-conferencia.jpg?resize=525%2C300 1.5x"},"classes":[]},{"id":103142,"url":"https:\/\/www.24baires.com\/?p=103142","url_meta":{"origin":7548,"position":5},"title":"Absolvieron al polic\u00eda de la Bonaerense, Ricardo Panadero, por el asesinato de Natalia Melmann","author":"AF","date":"03\/07\/2018","format":false,"excerpt":"El sargento estaba acusado de haber participado del crimen de Natalia Melmann. La joven de 15 a\u00f1os fue secuestrada, torturada, violada y asesinada en 2001 en Miramar por una patota de efectivos de esa fuerza. El Tribunal Oral en lo Criminal N\u00b04 de Mar del Plata absolvi\u00f3 el sargento de\u2026","rel":"","context":"En \u00abJUDICIALES\u00bb","block_context":{"text":"JUDICIALES","link":"https:\/\/www.24baires.com\/?cat=68"},"img":{"alt_text":"","src":"https:\/\/i0.wp.com\/www.24baires.com\/wp-content\/uploads\/2018\/07\/panadero.jpg?resize=350%2C200","width":350,"height":200,"srcset":"https:\/\/i0.wp.com\/www.24baires.com\/wp-content\/uploads\/2018\/07\/panadero.jpg?resize=350%2C200 1x, https:\/\/i0.wp.com\/www.24baires.com\/wp-content\/uploads\/2018\/07\/panadero.jpg?resize=525%2C300 1.5x"},"classes":[]}],"jetpack_sharing_enabled":true,"jetpack_likes_enabled":true,"_links":{"self":[{"href":"https:\/\/www.24baires.com\/index.php?rest_route=\/wp\/v2\/posts\/7548","targetHints":{"allow":["GET"]}}],"collection":[{"href":"https:\/\/www.24baires.com\/index.php?rest_route=\/wp\/v2\/posts"}],"about":[{"href":"https:\/\/www.24baires.com\/index.php?rest_route=\/wp\/v2\/types\/post"}],"author":[{"embeddable":true,"href":"https:\/\/www.24baires.com\/index.php?rest_route=\/wp\/v2\/users\/4"}],"replies":[{"embeddable":true,"href":"https:\/\/www.24baires.com\/index.php?rest_route=%2Fwp%2Fv2%2Fcomments&post=7548"}],"version-history":[{"count":2,"href":"https:\/\/www.24baires.com\/index.php?rest_route=\/wp\/v2\/posts\/7548\/revisions"}],"predecessor-version":[{"id":7550,"href":"https:\/\/www.24baires.com\/index.php?rest_route=\/wp\/v2\/posts\/7548\/revisions\/7550"}],"wp:attachment":[{"href":"https:\/\/www.24baires.com\/index.php?rest_route=%2Fwp%2Fv2%2Fmedia&parent=7548"}],"wp:term":[{"taxonomy":"category","embeddable":true,"href":"https:\/\/www.24baires.com\/index.php?rest_route=%2Fwp%2Fv2%2Fcategories&post=7548"},{"taxonomy":"post_tag","embeddable":true,"href":"https:\/\/www.24baires.com\/index.php?rest_route=%2Fwp%2Fv2%2Ftags&post=7548"}],"curies":[{"name":"wp","href":"https:\/\/api.w.org\/{rel}","templated":true}]}}