{"id":75367,"date":"2015-11-20T20:58:02","date_gmt":"2015-11-20T23:58:02","guid":{"rendered":"http:\/\/www.24baires.com\/?p=75367"},"modified":"2015-11-20T20:58:02","modified_gmt":"2015-11-20T23:58:02","slug":"scioli-no-es-cristina-pero-mauricio-es-macri","status":"publish","type":"post","link":"https:\/\/www.24baires.com\/?p=75367","title":{"rendered":"Scioli no es Cristina, pero Mauricio es Macri"},"content":{"rendered":"<p><img data-recalc-dims=\"1\" loading=\"lazy\" decoding=\"async\" class=\"aligncenter size-full wp-image-75263\" src=\"https:\/\/i0.wp.com\/www.24baires.com\/wp-content\/uploads\/2015\/11\/scioli-macri.jpg?resize=560%2C372\" alt=\"scioli macri\" width=\"560\" height=\"372\" srcset=\"https:\/\/i0.wp.com\/www.24baires.com\/wp-content\/uploads\/2015\/11\/scioli-macri.jpg?w=560&amp;ssl=1 560w, https:\/\/i0.wp.com\/www.24baires.com\/wp-content\/uploads\/2015\/11\/scioli-macri.jpg?resize=300%2C199&amp;ssl=1 300w\" sizes=\"auto, (max-width: 560px) 100vw, 560px\" \/>Llegamos. Ya est\u00e1. Enfrentaremos por primera vez en nuestra historia un balotaje. Casi hubo uno en 2003, como recordar\u00e1n, pero Menem se baj\u00f3 y la elecci\u00f3n qued\u00f3 sin efecto, proclam\u00e1ndose presidente a Nestor Kirchner.<br \/>\nPero no me propongo hacer un repaso hist\u00f3rico basado en fechas, sino un poquito de memoria, de la m\u00e1s emocional, la que apela a los recuerdos personales, la que se puede proyectar, desde la experiencia propia, al pasado reciente. El pasado que vivimos.<!--more--><\/p>\n<p>Nunca \u201cped\u00ed\u201d el voto por un candidato, ni siquiera por m\u00ed, las veces que me toc\u00f3 integrar alguna lista. Porque creo profundamente en la soberan\u00eda de la elecci\u00f3n ajena. Prefiero contar qu\u00e9 queremos hacer, c\u00f3mo, con quienes, para qui\u00e9n. Y que desde all\u00ed decidan acompa\u00f1arnos o no. Claro que es dificultoso llegar a todos y todas, es una lucha sin cuartel intentar traspasar los cercos medi\u00e1ticos, las mentiras, los inventos. Pero somos militantes, y no es nuestro trabajo, es nuestra forma de vida.<br \/>\nY en esta campa\u00f1a se ha dado una circunstancia especial, que no s\u00f3lo nos mueve a difundir el proyecto de pa\u00eds en el que creemos, en el que queremos seguir profundizando, sino tambi\u00e9n a exponer qu\u00e9 pasar\u00eda en el supuesto caso de que un tal Mauricio Macri lograse hacerse con la presidencia de la Naci\u00f3n.<br \/>\nPorque esta vez, quienes tienen pensado votar a Cambiemos el domingo, no pueden decir que no saben qu\u00e9 quer\u00eda hacer Macri, qu\u00e9 ideas ten\u00eda. No podr\u00e1n decir que no sab\u00edan que iba a devaluar, que iba a ajustar a las trompadas, que iba a acordar con los Fondos Buitres, que iba a endeudarse hasta las manos con el FMI, que iba a arrodillarse ante los Estados Unidos, que iba a empujar con sa\u00f1a a millones de argentinos a la pobreza, y otros millones a la indigencia. No podr\u00e1n decir que nadie les dijo, no podr\u00e1n no hacerse cargo que esta decisi\u00f3n hist\u00f3rica donde se definen en un solo d\u00eda los destinos de nuestra patria.<br \/>\nEl macrismo te quiere vender la \u201cRevoluci\u00f3n de la alegr\u00eda\u201d, con globos, palabras amables pero vac\u00edas, discursos simp\u00e1ticos pero sin propuestas, bailando una musiquita que debe hacer retorcer al pobre de Freddie Mercury en su tumba.<br \/>\nPero no son ninguna revoluci\u00f3n. Y la alegr\u00eda ser\u00e1 s\u00f3lo de ellos, porque nosotros volveremos a tener la \u00f1ata contra el vidrio, porque nadie nos va a invitar nunca a la fiesta neoliberal. Se llama exclusi\u00f3n social. Ya lo vivimos.<br \/>\nPero el problema no es expl\u00edcitamente no saber o no entender qu\u00e9 quieren los monopolios, ciertos empresarios, pa\u00edses que ven con malos ojos estos a\u00f1os de soberan\u00eda sostenida, y los pol\u00edticos sin escr\u00fapulos que podr\u00edan vendernos a pedazos otra vez, con una sonrisa en los labios, con palabras amables y globos de colores, como gustaba hacer el payaso IT, que despu\u00e9s destripaba ni\u00f1os.<br \/>\nNo, el problema que subyace es otro. Es un revanchismo hist\u00f3rico que se quiere llevar puestas las conquistan mas emblem\u00e1ticas de estos 12 a\u00f1os de kirchnerismo. Porque creen que los Derechos Humanos son un curro, que La Asignaci\u00f3n Universal es para mantener vagas, que YPF est\u00e1 mejor en manos extranjeras, que Aerol\u00edneas deber\u00eda ser privada, que el que quiere ver f\u00fatbol se lo tienen que pagar, que recuperar las Malvinas ser\u00eda un gasto innecesario, que sobran jubilados, que hay que endeudarse, que el Arsat es una heladera en el espacio, que todos los derechos conquistados, como el Matrimonio Igualitario, la Ley de Identidad de G\u00e9nero, el nuevo estatuto del Pe\u00f3n Rural, el R\u00e9gimen laboral para Empleadas Dom\u00e9sticas y tantos otros, deben ser votados en contra.<br \/>\nQuieren llevarse puesta la soberan\u00eda arraigada, los derechos nuevos y los reconquistados. Quieren tirarte debajo de la lona, porque para ellos ese es tu lugar. No te quieren con computadoras de Conectar Igualdad, no te quieren escolarizado, vacunado, como debe hacerse para cobrar la AUH, no te quieren jubilado, no te quieren vacacionando en los feriados que quieren eliminar.<br \/>\nTe quieren sumiso, para que no puedan reclamar lo que te corresponde. Por eso votaron en contra de la gratuidad de la educaci\u00f3n universitaria. Y ese cambio, no, no, no.<br \/>\nY no decimos lo que a nosotros nos parece que pasar\u00e1, sino que simplemente repetimos los que desde el macrismo, cuando no el propio Macri, manifestaron. Es todo comprobable, si no me cre\u00e9s, google\u00e1.<br \/>\nEntonces estamos ante una batalla \u00e9pica donde millones de argentino libraremos el combate por lo logrado, donde al votar defenderemos la soberan\u00eda nacional, la educaci\u00f3n p\u00fablica, la igualdad, el plato de comida en nuestras mesas y en la de nuestros compatriostas. Y es una batalla que continuar\u00e1 despu\u00e9s de las elecciones, porque nunca se van a acostumbrar a que nosotros estemos en el poder.<br \/>\nYa s\u00e9, parece que exagero, pero si vot\u00e1s a Macri porque odi\u00e1s al gobierno, te cae mal la presidenta y te parece que somos peleadores, correte un cachito de ah\u00ed y decime si todo lo logrado, lo que nombr\u00e9 ac\u00e1 y lo que no, no es para cuidar. Decime que est\u00e1s en desacuerdo con todo lo que se hizo en estos 12 a\u00f1os y que realmente quer\u00e9s que el d\u00f3lar se vaya a las nubes, que se abra el libre mercado y se pulverice a la industria nacional, que no te importa que miles que ahora comen todos los d\u00edas vuelvan a a pasar hambre as\u00ed vos pod\u00e9s viajar afuera, y no insisto m\u00e1s.<br \/>\nPero si no es as\u00ed, si muchas o algunas cosas te parecen bien hechas, si est\u00e1s de acuerdo con mucho o algo de lo que se hizo y acompa\u00f1\u00e1s la idea de protegerlo, entender\u00e1s que somos peleadores porque sabemos lo que est\u00e1 en juego. Y cuando nos jugamos el futuro de nuestros hermanos, no vamos a andar por ah\u00ed regalando globitos, diciendo cosas lindas y saltando charquitos para la foto.<br \/>\nTambi\u00e9n me pod\u00e9s decir que el candidato es Scioli y no te cierra. Ya s\u00e9. Y no, Scioli no es Cristina. Pero Mauricio es fue y ser\u00e1 Macri. Y detr\u00e1s de Scioli estamos todos nosotros, cuidando tu bolsillo, tu presente, so\u00f1ando el futuro, sin aflojar nunca. Detr\u00e1s de Macri, bueno, los buitres de adentro y los de afuera. Y los buitres son carro\u00f1eros, los buitres siempre tienen hambre.<\/p>\n","protected":false},"excerpt":{"rendered":"<p>Llegamos. Ya est\u00e1. Enfrentaremos por primera vez en nuestra historia un balotaje. Casi hubo uno en 2003, como recordar\u00e1n, pero Menem se baj\u00f3 y la elecci\u00f3n qued\u00f3 sin efecto, proclam\u00e1ndose presidente a Nestor Kirchner. Pero no me propongo hacer un repaso hist\u00f3rico basado en fechas, sino un poquito de memoria, de la m\u00e1s emocional, la que apela a los recuerdos [&#8230;]<\/p>\n","protected":false},"author":8,"featured_media":0,"comment_status":"open","ping_status":"open","sticky":false,"template":"","format":"standard","meta":{"_jetpack_newsletter_access":"","_jetpack_dont_email_post_to_subs":false,"_jetpack_newsletter_tier_id":0,"_jetpack_memberships_contains_paywalled_content":false,"_jetpack_memberships_contains_paid_content":false,"footnotes":""},"categories":[64],"tags":[],"class_list":["post-75367","post","type-post","status-publish","format-standard","hentry","category-opinion"],"jetpack_featured_media_url":"","jetpack_shortlink":"https:\/\/wp.me\/p2JWE0-jBB","jetpack-related-posts":[{"id":120094,"url":"https:\/\/www.24baires.com\/?p=120094","url_meta":{"origin":75367,"position":0},"title":"Kicillof dijo que \u201chay posibilidades\u201d de desdoblar las elecciones","author":"GB","date":"12\/05\/2023","format":false,"excerpt":"En declaraciones con la prensa, el gobernador bonaerense, Axel Kicillof, dej\u00f3 abierta la posibilidad de desdoblar las elecciones generales. Axel Kicillof reaviv\u00f3 este jueves la discusi\u00f3n en torno a si su Gesti\u00f3n buscar\u00e1 desdoblar las elecciones en provincia de Buenos Aires, realizandoas en una fecha diferente a las de Naci\u00f3n.\u2026","rel":"","context":"En \u00abElecciones\u00bb","block_context":{"text":"Elecciones","link":"https:\/\/www.24baires.com\/?cat=316"},"img":{"alt_text":"","src":"https:\/\/i0.wp.com\/www.24baires.com\/wp-content\/uploads\/2022\/07\/kicillof.jpg?resize=350%2C200","width":350,"height":200,"srcset":"https:\/\/i0.wp.com\/www.24baires.com\/wp-content\/uploads\/2022\/07\/kicillof.jpg?resize=350%2C200 1x, https:\/\/i0.wp.com\/www.24baires.com\/wp-content\/uploads\/2022\/07\/kicillof.jpg?resize=525%2C300 1.5x, https:\/\/i0.wp.com\/www.24baires.com\/wp-content\/uploads\/2022\/07\/kicillof.jpg?resize=700%2C400 2x"},"classes":[]},{"id":120379,"url":"https:\/\/www.24baires.com\/?p=120379","url_meta":{"origin":75367,"position":1},"title":"UxP conf\u00eda en revertir el resultado de las PASO para enfrentar a Milei","author":"AF","date":"14\/08\/2023","format":false,"excerpt":"Varios dirigentes del frente peronista coincidieron en que la cantidad de votos que obtuvo Javier Milei fueron una sorpresa, aunque consideraron que Uni\u00f3n por la Patria tiene probabilidades de \u201crevertir el resultado\u201d en las elecciones de octubre. Para eso proponen autocr\u00edtica, ampliar la coalici\u00f3n y brindar esperanzas concretas a la\u2026","rel":"","context":"En \u00abElecciones\u00bb","block_context":{"text":"Elecciones","link":"https:\/\/www.24baires.com\/?cat=316"},"img":{"alt_text":"","src":"https:\/\/i0.wp.com\/www.24baires.com\/wp-content\/uploads\/2023\/08\/WhatsApp-Image-2023-08-14-at-22.14.55.jpeg?resize=350%2C200","width":350,"height":200,"srcset":"https:\/\/i0.wp.com\/www.24baires.com\/wp-content\/uploads\/2023\/08\/WhatsApp-Image-2023-08-14-at-22.14.55.jpeg?resize=350%2C200 1x, https:\/\/i0.wp.com\/www.24baires.com\/wp-content\/uploads\/2023\/08\/WhatsApp-Image-2023-08-14-at-22.14.55.jpeg?resize=525%2C300 1.5x, https:\/\/i0.wp.com\/www.24baires.com\/wp-content\/uploads\/2023\/08\/WhatsApp-Image-2023-08-14-at-22.14.55.jpeg?resize=700%2C400 2x, https:\/\/i0.wp.com\/www.24baires.com\/wp-content\/uploads\/2023\/08\/WhatsApp-Image-2023-08-14-at-22.14.55.jpeg?resize=1050%2C600 3x"},"classes":[]},{"id":111589,"url":"https:\/\/www.24baires.com\/?p=111589","url_meta":{"origin":75367,"position":2},"title":"Macri: \u201cNo me puedo hacer cargo\u201d","author":"AF","date":"12\/08\/2019","format":false,"excerpt":"El mandatario brind\u00f3 una conferencia de prensa en la que culp\u00f3 por la suba del d\u00f3lar a la decisi\u00f3n de la mayor\u00eda de los ciudadanos de votar al Frente de Todos. \u201cEstoy ac\u00e1 para ayudar en lo que pueda\u201d, se deslig\u00f3 Macri y dijo que \u201cel kirchnerismo deber\u00eda hacer una\u2026","rel":"","context":"En \u00abPol\u00edtica\u00bb","block_context":{"text":"Pol\u00edtica","link":"https:\/\/www.24baires.com\/?cat=51"},"img":{"alt_text":"","src":"https:\/\/i0.wp.com\/www.24baires.com\/wp-content\/uploads\/2019\/08\/vidall.jpg?resize=350%2C200","width":350,"height":200,"srcset":"https:\/\/i0.wp.com\/www.24baires.com\/wp-content\/uploads\/2019\/08\/vidall.jpg?resize=350%2C200 1x, https:\/\/i0.wp.com\/www.24baires.com\/wp-content\/uploads\/2019\/08\/vidall.jpg?resize=525%2C300 1.5x"},"classes":[]},{"id":120367,"url":"https:\/\/www.24baires.com\/?p=120367","url_meta":{"origin":75367,"position":3},"title":"\u00abLa votaci\u00f3n empez\u00f3 sin inconvenientes en la provincia\u00bb, dijo Axel al emitir su voto","author":"GB","date":"13\/08\/2023","format":false,"excerpt":"ELECCIONES 2023-El gobernador de la provincia de Buenos Aires, Axel Kicillof, emiti\u00f3 su voto hace instantes en la escuela Superior de Salud de la ciudad de La Plata. El gobernador de la provincia de Buenos Aires, Axel Kicillof, vot\u00f3 hace instantes en la escuela Superior de Salud de la ciudad\u2026","rel":"","context":"En \u00abElecciones\u00bb","block_context":{"text":"Elecciones","link":"https:\/\/www.24baires.com\/?cat=316"},"img":{"alt_text":"","src":"https:\/\/i0.wp.com\/www.24baires.com\/wp-content\/uploads\/2023\/08\/voto-kici.webp?resize=350%2C200","width":350,"height":200,"srcset":"https:\/\/i0.wp.com\/www.24baires.com\/wp-content\/uploads\/2023\/08\/voto-kici.webp?resize=350%2C200 1x, https:\/\/i0.wp.com\/www.24baires.com\/wp-content\/uploads\/2023\/08\/voto-kici.webp?resize=525%2C300 1.5x, https:\/\/i0.wp.com\/www.24baires.com\/wp-content\/uploads\/2023\/08\/voto-kici.webp?resize=700%2C400 2x"},"classes":[]},{"id":111907,"url":"https:\/\/www.24baires.com\/?p=111907","url_meta":{"origin":75367,"position":4},"title":"\u00abEl Gobierno reorient\u00f3 su pol\u00edtica econ\u00f3mica para llegar al balotaje\u00bb, dijo Sica","author":"GB","date":"03\/09\/2019","format":false,"excerpt":"El ministro de Producci\u00f3n admiti\u00f3 que las \u00faltimas medidas que tom\u00f3 la gesti\u00f3n de Macri son para \"tener un buen resultado electoral\". El ministro de Producci\u00f3n y Trabajo, Dante Sica, sostuvo este lunes que el Gobierno est\u00e1 \"reorientando\" su pol\u00edtica econ\u00f3mica para \"tener la chance de ir al balotaje\" en\u2026","rel":"","context":"En \u00abPol\u00edtica\u00bb","block_context":{"text":"Pol\u00edtica","link":"https:\/\/www.24baires.com\/?cat=51"},"img":{"alt_text":"","src":"https:\/\/i0.wp.com\/www.24baires.com\/wp-content\/uploads\/2019\/08\/macri-sica.jpg?resize=350%2C200","width":350,"height":200,"srcset":"https:\/\/i0.wp.com\/www.24baires.com\/wp-content\/uploads\/2019\/08\/macri-sica.jpg?resize=350%2C200 1x, https:\/\/i0.wp.com\/www.24baires.com\/wp-content\/uploads\/2019\/08\/macri-sica.jpg?resize=525%2C300 1.5x"},"classes":[]},{"id":111749,"url":"https:\/\/www.24baires.com\/?p=111749","url_meta":{"origin":75367,"position":5},"title":"Vidal reuni\u00f3 a sus intendentes y les pidi\u00f3 \u00abescuchar m\u00e1s a los vecinos\u00bb","author":"GB","date":"22\/08\/2019","format":false,"excerpt":"La gobernadora bonaerense, Mar\u00eda Eugenia Vidal, les pidi\u00f3 a los intendentes de Juntos por el Cambio \"escuchar m\u00e1s a los vecinos\" de cara a las elecciones generales de octubre, y \u00e9stos a su vez le solicitaron m\u00e1s fondos para contener la situaci\u00f3n social. La gobernadora encabez\u00f3 un encuentro con los\u2026","rel":"","context":"En \u00abProvincia\u00bb","block_context":{"text":"Provincia","link":"https:\/\/www.24baires.com\/?cat=40"},"img":{"alt_text":"","src":"https:\/\/i0.wp.com\/www.24baires.com\/wp-content\/uploads\/2019\/08\/vidal-intendentes-300x200.jpg?resize=350%2C200","width":350,"height":200},"classes":[]}],"jetpack_sharing_enabled":true,"jetpack_likes_enabled":true,"_links":{"self":[{"href":"https:\/\/www.24baires.com\/index.php?rest_route=\/wp\/v2\/posts\/75367","targetHints":{"allow":["GET"]}}],"collection":[{"href":"https:\/\/www.24baires.com\/index.php?rest_route=\/wp\/v2\/posts"}],"about":[{"href":"https:\/\/www.24baires.com\/index.php?rest_route=\/wp\/v2\/types\/post"}],"author":[{"embeddable":true,"href":"https:\/\/www.24baires.com\/index.php?rest_route=\/wp\/v2\/users\/8"}],"replies":[{"embeddable":true,"href":"https:\/\/www.24baires.com\/index.php?rest_route=%2Fwp%2Fv2%2Fcomments&post=75367"}],"version-history":[{"count":1,"href":"https:\/\/www.24baires.com\/index.php?rest_route=\/wp\/v2\/posts\/75367\/revisions"}],"predecessor-version":[{"id":75368,"href":"https:\/\/www.24baires.com\/index.php?rest_route=\/wp\/v2\/posts\/75367\/revisions\/75368"}],"wp:attachment":[{"href":"https:\/\/www.24baires.com\/index.php?rest_route=%2Fwp%2Fv2%2Fmedia&parent=75367"}],"wp:term":[{"taxonomy":"category","embeddable":true,"href":"https:\/\/www.24baires.com\/index.php?rest_route=%2Fwp%2Fv2%2Fcategories&post=75367"},{"taxonomy":"post_tag","embeddable":true,"href":"https:\/\/www.24baires.com\/index.php?rest_route=%2Fwp%2Fv2%2Ftags&post=75367"}],"curies":[{"name":"wp","href":"https:\/\/api.w.org\/{rel}","templated":true}]}}