{"id":7530,"date":"2012-12-01T21:36:42","date_gmt":"2012-12-02T00:36:42","guid":{"rendered":"http:\/\/www.24baires.com\/?p=7530"},"modified":"2012-12-01T21:36:42","modified_gmt":"2012-12-02T00:36:42","slug":"el-godoy-cruz-de-palermo-empato-con-quilmes-en-mendoza","status":"publish","type":"post","link":"https:\/\/www.24baires.com\/?p=7530","title":{"rendered":"El Godoy Cruz de Palermo empat\u00f3 con Quilmes en Mendoza"},"content":{"rendered":"<p><img data-recalc-dims=\"1\" loading=\"lazy\" decoding=\"async\" class=\"aligncenter size-full wp-image-7540\" title=\"godoy cruz quilmes\" src=\"https:\/\/i0.wp.com\/www.24baires.com\/wp-content\/uploads\/2012\/12\/godoy-cruz-quilmes.jpg?resize=560%2C335\" alt=\"\" width=\"560\" height=\"335\" srcset=\"https:\/\/i0.wp.com\/www.24baires.com\/wp-content\/uploads\/2012\/12\/godoy-cruz-quilmes.jpg?w=560&amp;ssl=1 560w, https:\/\/i0.wp.com\/www.24baires.com\/wp-content\/uploads\/2012\/12\/godoy-cruz-quilmes.jpg?resize=300%2C179&amp;ssl=1 300w\" sizes=\"auto, (max-width: 560px) 100vw, 560px\" \/><\/p>\n<p>Godoy Cruz empat\u00f3 0 a 0 con Quilmes en un partido v\u00e1lido por la d\u00e9cimo octava fecha del Torneo Inicial, que se disput\u00f3 en el estadio Malvinas Argentinas de Mendoza. Fue el primer partido como director t\u00e9cnico del ex delantero de Boca Mart\u00edn Palermo. Sobre el final del partido, el \u00e1rbitro Sa\u00fal Laverni ech\u00f3 a Germ\u00e1n Mandarino.<!--more--><\/p>\n<p>Godoy Cruz, con el debut de Mart\u00edn Palermo como entrenador, empat\u00f3 0 a 0 con Quilmes en el estadio \u00abMalvinas Argentinas de Mendoza, por la 18va. y pen\u00faltima fecha del torneo Inicial Eva Per\u00f2n.<\/p>\n<p>El \u00e1rbitro fue Sa\u00fal Laverni, quien en el primer minuto de descuento de la etapa final expuls\u00f3 a Germ\u00e1n Mandarino.<\/p>\n","protected":false},"excerpt":{"rendered":"<p>Godoy Cruz empat\u00f3 0 a 0 con Quilmes en un partido v\u00e1lido por la d\u00e9cimo octava fecha del Torneo Inicial, que se disput\u00f3 en el estadio Malvinas Argentinas de Mendoza. Fue el primer partido como director t\u00e9cnico del ex delantero de Boca Mart\u00edn Palermo. Sobre el final del partido, el \u00e1rbitro Sa\u00fal Laverni ech\u00f3 a Germ\u00e1n Mandarino.<\/p>\n","protected":false},"author":11,"featured_media":0,"comment_status":"open","ping_status":"open","sticky":false,"template":"","format":"standard","meta":{"_jetpack_newsletter_access":"","_jetpack_dont_email_post_to_subs":false,"_jetpack_newsletter_tier_id":0,"_jetpack_memberships_contains_paywalled_content":false,"_jetpack_memberships_contains_paid_content":false,"footnotes":""},"categories":[12],"tags":[],"class_list":["post-7530","post","type-post","status-publish","format-standard","hentry","category-deportes"],"jetpack_featured_media_url":"","jetpack_shortlink":"https:\/\/wp.me\/p2JWE0-1Xs","jetpack-related-posts":[{"id":74269,"url":"https:\/\/www.24baires.com\/?p=74269","url_meta":{"origin":7530,"position":0},"title":"Boca, Central y San Lorenzo jugar\u00e1n en simult\u00e1neo a las 18 del domingo","author":"AF","date":"28\/10\/2015","format":false,"excerpt":"Los encuentros entre el puntero del torneo de Primera Divisi\u00f3n, Boca Juniors ante Tigre, como as\u00ed los partidos entre Banfield y Rosario Central, y San Lorenzo contra T\u00e9mperley se hab\u00edan pactado para las 16:10. Se trata de los partidos que tendr\u00e1n incidencia en la definici\u00f3n del torneo Julio Humberto Grondona,\u2026","rel":"","context":"En \u00abDeportes\u00bb","block_context":{"text":"Deportes","link":"https:\/\/www.24baires.com\/?cat=12"},"img":{"alt_text":"boca central san lorenzo","src":"https:\/\/i0.wp.com\/www.24baires.com\/wp-content\/uploads\/2015\/10\/boca-central-san-lorenzo.jpg?resize=350%2C200","width":350,"height":200,"srcset":"https:\/\/i0.wp.com\/www.24baires.com\/wp-content\/uploads\/2015\/10\/boca-central-san-lorenzo.jpg?resize=350%2C200 1x, https:\/\/i0.wp.com\/www.24baires.com\/wp-content\/uploads\/2015\/10\/boca-central-san-lorenzo.jpg?resize=525%2C300 1.5x"},"classes":[]},{"id":17877,"url":"https:\/\/www.24baires.com\/?p=17877","url_meta":{"origin":7530,"position":1},"title":"Godoy Cruz mand\u00f3 a Independiente a la zona de descenso","author":"Grupo Sierra","date":"08\/03\/2013","format":false,"excerpt":"Independiente cay\u00f3 por 1 a 0 con Godoy Cruz de Mendoza, en Avellaneda, por la quinta fecha del Torneo Final 2013. Nicol\u00e1s Castro marc\u00f3 el gol. El \"Rojo\" est\u00e1 en descenso y el \"Tomba\" es puntero. Independiente sum\u00f3 su segunda ca\u00edda consecutiva al perder esta noche por 1-0 de local\u2026","rel":"","context":"En \u00abDeportes\u00bb","block_context":{"text":"Deportes","link":"https:\/\/www.24baires.com\/?cat=12"},"img":{"alt_text":"independiente godoy cruz","src":"https:\/\/i0.wp.com\/www.24baires.com\/wp-content\/uploads\/2013\/03\/independiente-godoy-cruz.jpg?resize=350%2C200","width":350,"height":200,"srcset":"https:\/\/i0.wp.com\/www.24baires.com\/wp-content\/uploads\/2013\/03\/independiente-godoy-cruz.jpg?resize=350%2C200 1x, https:\/\/i0.wp.com\/www.24baires.com\/wp-content\/uploads\/2013\/03\/independiente-godoy-cruz.jpg?resize=525%2C300 1.5x"},"classes":[]},{"id":74233,"url":"https:\/\/www.24baires.com\/?p=74233","url_meta":{"origin":7530,"position":2},"title":"Boca, Central y San Lorenzo jugar\u00e1n a las 18","author":"GB","date":"27\/10\/2015","format":false,"excerpt":"A raiz de los reclamos del entrenador del Canalla, los tres equipos que buscan quedarse con el t\u00edtulo comenzar\u00e1n sus partidos el pr\u00f3ximo domingo a partir de las 18. El encuentro entre el puntero del torneo de Primera Divisi\u00f3n, Boca Juniors ante Tigre, como as\u00ed los partidos entre Banfield y\u2026","rel":"","context":"En \u00abDeportes\u00bb","block_context":{"text":"Deportes","link":"https:\/\/www.24baires.com\/?cat=12"},"img":{"alt_text":"boca central","src":"https:\/\/i0.wp.com\/www.24baires.com\/wp-content\/uploads\/2015\/10\/boca-central.jpg?resize=350%2C200","width":350,"height":200,"srcset":"https:\/\/i0.wp.com\/www.24baires.com\/wp-content\/uploads\/2015\/10\/boca-central.jpg?resize=350%2C200 1x, https:\/\/i0.wp.com\/www.24baires.com\/wp-content\/uploads\/2015\/10\/boca-central.jpg?resize=525%2C300 1.5x"},"classes":[]},{"id":26249,"url":"https:\/\/www.24baires.com\/?p=26249","url_meta":{"origin":7530,"position":3},"title":"Quilmes empat\u00f3 con Godoy Cruz y sigue en Primera","author":"Grupo Sierra","date":"17\/06\/2013","format":false,"excerpt":"El equipo de Omar De Felippe consigui\u00f3 el punto que necesitaba ante el de Mart\u00edn Palermo para garantizar su permanencia en la m\u00e1xima categor\u00eda. No hubo goles en el cierre de la fecha.","rel":"","context":"En \u00abDeportes\u00bb","block_context":{"text":"Deportes","link":"https:\/\/www.24baires.com\/?cat=12"},"img":{"alt_text":"quilmes godoy cruz","src":"https:\/\/i0.wp.com\/www.24baires.com\/wp-content\/uploads\/2013\/06\/quilmes-godoy-cruz.jpg?resize=350%2C200","width":350,"height":200,"srcset":"https:\/\/i0.wp.com\/www.24baires.com\/wp-content\/uploads\/2013\/06\/quilmes-godoy-cruz.jpg?resize=350%2C200 1x, https:\/\/i0.wp.com\/www.24baires.com\/wp-content\/uploads\/2013\/06\/quilmes-godoy-cruz.jpg?resize=525%2C300 1.5x"},"classes":[]},{"id":43147,"url":"https:\/\/www.24baires.com\/?p=43147","url_meta":{"origin":7530,"position":4},"title":"Quilmes venci\u00f3 a Belgrano pero sigue en zona de descenso","author":"GB","date":"01\/04\/2014","format":false,"excerpt":"El \"Cervecero\", en zona de descenso directo, le gan\u00f3 1 a 0 al conjunto cordob\u00e9s, en uno de los cuatro partidos que se juegan por la und\u00e9cima fecha del torneo. El gol fue anotado por Gast\u00f3n Turus, en contra, a los 17' del primer tiempo, Quilmes, que est\u00e1 en zona\u2026","rel":"","context":"En \u00abDeportes\u00bb","block_context":{"text":"Deportes","link":"https:\/\/www.24baires.com\/?cat=12"},"img":{"alt_text":"quilmes belgrano","src":"https:\/\/i0.wp.com\/www.24baires.com\/wp-content\/uploads\/2014\/04\/quilmes-belgrano.jpg?resize=350%2C200","width":350,"height":200,"srcset":"https:\/\/i0.wp.com\/www.24baires.com\/wp-content\/uploads\/2014\/04\/quilmes-belgrano.jpg?resize=350%2C200 1x, https:\/\/i0.wp.com\/www.24baires.com\/wp-content\/uploads\/2014\/04\/quilmes-belgrano.jpg?resize=525%2C300 1.5x"},"classes":[]},{"id":2580,"url":"https:\/\/www.24baires.com\/?p=2580","url_meta":{"origin":7530,"position":5},"title":"Trezeguet no jugar\u00e1 ante Quilmes","author":"Grupo Sierra","date":"18\/10\/2012","format":false,"excerpt":"El delantero Carlos Luna ser\u00e1 el reemplazante del capit\u00e1n David Trezeguet, quien est\u00e1 lesionado, en el equipo de River que recibir\u00e1 a Quilmes el domingo pr\u00f3ximo, por la und\u00e9cima fecha del torneo Inicial. El franco-argentino, afectado por una tendinitis en la rodilla izquierda, no estar\u00e1 ante Quilmes pero se entrenar\u00e1\u2026","rel":"","context":"En \u00abDeportes\u00bb","block_context":{"text":"Deportes","link":"https:\/\/www.24baires.com\/?cat=12"},"img":{"alt_text":"","src":"https:\/\/i0.wp.com\/www.24baires.com\/wp-content\/uploads\/2012\/10\/trezeguet.jpg?resize=350%2C200","width":350,"height":200,"srcset":"https:\/\/i0.wp.com\/www.24baires.com\/wp-content\/uploads\/2012\/10\/trezeguet.jpg?resize=350%2C200 1x, https:\/\/i0.wp.com\/www.24baires.com\/wp-content\/uploads\/2012\/10\/trezeguet.jpg?resize=525%2C300 1.5x"},"classes":[]}],"jetpack_sharing_enabled":true,"jetpack_likes_enabled":true,"_links":{"self":[{"href":"https:\/\/www.24baires.com\/index.php?rest_route=\/wp\/v2\/posts\/7530","targetHints":{"allow":["GET"]}}],"collection":[{"href":"https:\/\/www.24baires.com\/index.php?rest_route=\/wp\/v2\/posts"}],"about":[{"href":"https:\/\/www.24baires.com\/index.php?rest_route=\/wp\/v2\/types\/post"}],"author":[{"embeddable":true,"href":"https:\/\/www.24baires.com\/index.php?rest_route=\/wp\/v2\/users\/11"}],"replies":[{"embeddable":true,"href":"https:\/\/www.24baires.com\/index.php?rest_route=%2Fwp%2Fv2%2Fcomments&post=7530"}],"version-history":[{"count":2,"href":"https:\/\/www.24baires.com\/index.php?rest_route=\/wp\/v2\/posts\/7530\/revisions"}],"predecessor-version":[{"id":7542,"href":"https:\/\/www.24baires.com\/index.php?rest_route=\/wp\/v2\/posts\/7530\/revisions\/7542"}],"wp:attachment":[{"href":"https:\/\/www.24baires.com\/index.php?rest_route=%2Fwp%2Fv2%2Fmedia&parent=7530"}],"wp:term":[{"taxonomy":"category","embeddable":true,"href":"https:\/\/www.24baires.com\/index.php?rest_route=%2Fwp%2Fv2%2Fcategories&post=7530"},{"taxonomy":"post_tag","embeddable":true,"href":"https:\/\/www.24baires.com\/index.php?rest_route=%2Fwp%2Fv2%2Ftags&post=7530"}],"curies":[{"name":"wp","href":"https:\/\/api.w.org\/{rel}","templated":true}]}}