{"id":7498,"date":"2012-12-01T18:54:08","date_gmt":"2012-12-01T21:54:08","guid":{"rendered":"http:\/\/www.24baires.com\/?p=7498"},"modified":"2012-12-01T18:54:08","modified_gmt":"2012-12-01T21:54:08","slug":"se-realizara-un-encuentro-internacional-de-motos-en-villa-elisa","status":"publish","type":"post","link":"https:\/\/www.24baires.com\/?p=7498","title":{"rendered":"Se realizar\u00e1 un encuentro internacional de motos en Villa Elisa"},"content":{"rendered":"<p><img data-recalc-dims=\"1\" loading=\"lazy\" decoding=\"async\" class=\"alignleft size-full wp-image-7499\" title=\"encuentro motos\" src=\"https:\/\/i0.wp.com\/www.24baires.com\/wp-content\/uploads\/2012\/12\/encuentro-motos.jpg?resize=300%2C200\" alt=\"\" width=\"300\" height=\"200\" \/>Ser\u00e1 el 7, 8 y 9 de diciembre en Villa Elisa, Partido de <strong>La Plata<\/strong>, y est\u00e1 organizado por la Agrupaci\u00f3n \u201cHermandad sin fronteras\u201d de Argentina, donde participar\u00e1n representantes de Uruguay, Brasil, Paraguay y Chile.<!--more--><br \/>\n\u201cEs el primer encuentro internacional en nuestro pa\u00eds, donde participar\u00e1n de Brasil, Paraguay, Uruguay, Chile; es un movimiento internacional de moto viajeros. El a\u00f1o pasado nos juntamos en Montevideo y este a\u00f1o nos toc\u00f3 en Argentina\u201d, manifest\u00f3 Mat\u00edas Franco, de la Hermandad sin Fronteras Argentina.<\/p>\n<p>El evento se desarrollar\u00e1 en el predio de la ex f\u00e1brica Ofa, ubicado en la avenida Arana esquina 6 de Villa Elisa. \u201cLos tres pa\u00edses se van a ir juntando en la ruta y van a entrar a la ciudad en una caravana. Habr\u00e1 bandas, shows, una recorrida por la ciudad por todo su circuito tur\u00edstico, y a la tarde escucharemos m\u00e1s bandas\u201d, indic\u00f3.<\/p>\n<p>\u201cPara nosotros es importante el reconocimiento mediante parches o distintivos muy especiales\u00bb, dijo al tiempo que agreg\u00f3: \u00abun parche entero significa una agrupaci\u00f3n familiar o que admite mujeres\u00bb. Tambi\u00e9n aclar\u00f3 que \u00abun parche es como si fuera una camiseta, lo llevamos en la espalda, en este sentido, el dibujo alusivo que tiene nuestra agrupaci\u00f3n Hermandad sin fronteras es un \u00e1guila que representa la libertad\u00bb.<\/p>\n","protected":false},"excerpt":{"rendered":"<p>Ser\u00e1 el 7, 8 y 9 de diciembre en Villa Elisa, Partido de La Plata, y est\u00e1 organizado por la Agrupaci\u00f3n \u201cHermandad sin fronteras\u201d de Argentina, donde participar\u00e1n representantes de Uruguay, Brasil, Paraguay y Chile.<\/p>\n","protected":false},"author":4,"featured_media":0,"comment_status":"open","ping_status":"open","sticky":false,"template":"","format":"standard","meta":{"_jetpack_newsletter_access":"","_jetpack_dont_email_post_to_subs":false,"_jetpack_newsletter_tier_id":0,"_jetpack_memberships_contains_paywalled_content":false,"_jetpack_memberships_contains_paid_content":false,"footnotes":""},"categories":[1],"tags":[],"class_list":["post-7498","post","type-post","status-publish","format-standard","hentry","category-sociedad"],"jetpack_featured_media_url":"","jetpack_shortlink":"https:\/\/wp.me\/p2JWE0-1WW","jetpack-related-posts":[{"id":119126,"url":"https:\/\/www.24baires.com\/?p=119126","url_meta":{"origin":7498,"position":0},"title":"\u00abTenemos que estar m\u00e1s unidos que nunca\u00bb","author":"AF","date":"21\/07\/2022","format":false,"excerpt":"El Presidente inst\u00f3 a sus pares a \"resolver las asimetr\u00edas\" dentro del bloque, y llam\u00f3 en su discurso explorar la posibilidad de hacer un acuerdo comercial conjunto con China, en medio de las negociaciones que lleva acabo Uruguay con el gigante asi\u00e1tico. El presidente Alberto Fern\u00e1ndez inst\u00f3 este jueves a\u2026","rel":"","context":"En \u00abPol\u00edtica\u00bb","block_context":{"text":"Pol\u00edtica","link":"https:\/\/www.24baires.com\/?cat=51"},"img":{"alt_text":"","src":"https:\/\/i0.wp.com\/www.24baires.com\/wp-content\/uploads\/2022\/07\/alberto-f.jpg?resize=350%2C200","width":350,"height":200,"srcset":"https:\/\/i0.wp.com\/www.24baires.com\/wp-content\/uploads\/2022\/07\/alberto-f.jpg?resize=350%2C200 1x, https:\/\/i0.wp.com\/www.24baires.com\/wp-content\/uploads\/2022\/07\/alberto-f.jpg?resize=525%2C300 1.5x, https:\/\/i0.wp.com\/www.24baires.com\/wp-content\/uploads\/2022\/07\/alberto-f.jpg?resize=700%2C400 2x"},"classes":[]},{"id":113351,"url":"https:\/\/www.24baires.com\/?p=113351","url_meta":{"origin":7498,"position":1},"title":"Mar del Plata est\u00e1 entre los destinos preferidos para las vacaciones 2020","author":"GB","date":"11\/12\/2019","format":false,"excerpt":"Las ciudades tur\u00edsticas de Mar del Plata, Carlos Paz y Villa Gesell encabezan la lista de los destinos preferidos para las pr\u00f3ximas vacaciones, seg\u00fan el estudio independiente que una reconocida plataforma de viajes y turismo realiz\u00f3 entrevistando a viajeros de todo el pa\u00eds. En el estudio elaborado por Booking.com se\u2026","rel":"","context":"En \u00abMunicipios\u00bb","block_context":{"text":"Municipios","link":"https:\/\/www.24baires.com\/?cat=44"},"img":{"alt_text":"","src":"https:\/\/i0.wp.com\/www.24baires.com\/wp-content\/uploads\/2015\/01\/turistas-mar-del-plata.jpg?resize=350%2C200","width":350,"height":200,"srcset":"https:\/\/i0.wp.com\/www.24baires.com\/wp-content\/uploads\/2015\/01\/turistas-mar-del-plata.jpg?resize=350%2C200 1x, https:\/\/i0.wp.com\/www.24baires.com\/wp-content\/uploads\/2015\/01\/turistas-mar-del-plata.jpg?resize=525%2C300 1.5x"},"classes":[]},{"id":107164,"url":"https:\/\/www.24baires.com\/?p=107164","url_meta":{"origin":7498,"position":2},"title":"Argentina pas\u00f3 de liderar el ranking regional de salario m\u00ednimo a caer al sexto puesto","author":"AF","date":"11\/03\/2019","format":false,"excerpt":"El salario m\u00ednimo medido en d\u00f3lares registra durante el gobierno de Mauricio Macri una ca\u00edda del 49 por ciento. La mayor parte de ese retroceso se explica por la devaluaci\u00f3n de 2018, que super\u00f3 con creces a la evoluci\u00f3n de los ingresos. Desde finales de 2015, el salario m\u00ednimo baj\u00f3\u2026","rel":"","context":"En \u00abSociedad\u00bb","block_context":{"text":"Sociedad","link":"https:\/\/www.24baires.com\/?cat=1"},"img":{"alt_text":"","src":"https:\/\/i0.wp.com\/www.24baires.com\/wp-content\/uploads\/2018\/08\/supermercado.jpg?resize=350%2C200","width":350,"height":200,"srcset":"https:\/\/i0.wp.com\/www.24baires.com\/wp-content\/uploads\/2018\/08\/supermercado.jpg?resize=350%2C200 1x, https:\/\/i0.wp.com\/www.24baires.com\/wp-content\/uploads\/2018\/08\/supermercado.jpg?resize=525%2C300 1.5x"},"classes":[]},{"id":120888,"url":"https:\/\/www.24baires.com\/?p=120888","url_meta":{"origin":7498,"position":3},"title":"Se cre\u00f3 la primera Asociaci\u00f3n de Abogadas y Abogados de Derechos Humanos de Am\u00e9rica Latina y El Caribe","author":"GB","date":"19\/01\/2024","format":false,"excerpt":"Se cre\u00f3 en santiago de chile, la Asociacion de Abogadas y Abogados de DDHH de Am\u00e9rica Latina y el Caribe, con C\u00e9sar Sivo como representante de Argentina. Adem\u00e1s, la integran otros 14 paises: M\u00e9xico, Costa Rica, Puerto Rico, El Salvador, Guatemala, Ecuador, Colombia, Paraguay, Uruguay, Bolivia, Velezuela, Chile, Per\u00fa y\u2026","rel":"","context":"En \u00abSociedad\u00bb","block_context":{"text":"Sociedad","link":"https:\/\/www.24baires.com\/?cat=1"},"img":{"alt_text":"","src":"https:\/\/i0.wp.com\/www.24baires.com\/wp-content\/uploads\/2024\/01\/as-latamc-abogados.jpg?resize=350%2C200","width":350,"height":200,"srcset":"https:\/\/i0.wp.com\/www.24baires.com\/wp-content\/uploads\/2024\/01\/as-latamc-abogados.jpg?resize=350%2C200 1x, https:\/\/i0.wp.com\/www.24baires.com\/wp-content\/uploads\/2024\/01\/as-latamc-abogados.jpg?resize=525%2C300 1.5x, https:\/\/i0.wp.com\/www.24baires.com\/wp-content\/uploads\/2024\/01\/as-latamc-abogados.jpg?resize=700%2C400 2x"},"classes":[]},{"id":110840,"url":"https:\/\/www.24baires.com\/?p=110840","url_meta":{"origin":7498,"position":4},"title":"Argentina oficializ\u00f3 su candidatura para organizar el Mundial 2030","author":"AF","date":"18\/06\/2019","format":false,"excerpt":"En el marco de la Copa Am\u00e9rica se present\u00f3 oficialmente la candidatura, que ser\u00e1 conjunta con Uruguay, Chile y Paraguay. Finalmente qued\u00f3 oficializada la candidatura de Argentina, Uruguay, Chile y Paraguay para albergar el Mundial 2030, proyecto fue presentado durante la actual Copa Am\u00e9rica y que ya tiene su video\u2026","rel":"","context":"En \u00abSociedad\u00bb","block_context":{"text":"Sociedad","link":"https:\/\/www.24baires.com\/?cat=1"},"img":{"alt_text":"","src":"https:\/\/i0.wp.com\/www.24baires.com\/wp-content\/uploads\/2017\/09\/afa.jpg?resize=350%2C200","width":350,"height":200,"srcset":"https:\/\/i0.wp.com\/www.24baires.com\/wp-content\/uploads\/2017\/09\/afa.jpg?resize=350%2C200 1x, https:\/\/i0.wp.com\/www.24baires.com\/wp-content\/uploads\/2017\/09\/afa.jpg?resize=525%2C300 1.5x"},"classes":[]},{"id":69104,"url":"https:\/\/www.24baires.com\/?p=69104","url_meta":{"origin":7498,"position":5},"title":"Cristina viaja a Brasil para la Cumbre de Jefes de Estado del Mercosur","author":"AF","date":"15\/07\/2015","format":false,"excerpt":"La Presidenta viajar\u00e1 a Brasilia para participar de la 28\u00b0 cumbre de jefes de Estado y de Gobierno del Mercosur. Durante el encuentro de mandatarios se impulsar\u00e1 el ingreso formal de Bolivia como miembro pleno del bloque. Al final de la cumbre Paraguay asumir\u00e1 la presidencia pro t\u00e9mpore, lugar que\u2026","rel":"","context":"En \u00abInternacionales\u00bb","block_context":{"text":"Internacionales","link":"https:\/\/www.24baires.com\/?cat=73"},"img":{"alt_text":"cristina cumbre americas","src":"https:\/\/i0.wp.com\/www.24baires.com\/wp-content\/uploads\/2015\/04\/cristina-cumbre-americas.jpg?resize=350%2C200","width":350,"height":200,"srcset":"https:\/\/i0.wp.com\/www.24baires.com\/wp-content\/uploads\/2015\/04\/cristina-cumbre-americas.jpg?resize=350%2C200 1x, https:\/\/i0.wp.com\/www.24baires.com\/wp-content\/uploads\/2015\/04\/cristina-cumbre-americas.jpg?resize=525%2C300 1.5x"},"classes":[]}],"jetpack_sharing_enabled":true,"jetpack_likes_enabled":true,"_links":{"self":[{"href":"https:\/\/www.24baires.com\/index.php?rest_route=\/wp\/v2\/posts\/7498","targetHints":{"allow":["GET"]}}],"collection":[{"href":"https:\/\/www.24baires.com\/index.php?rest_route=\/wp\/v2\/posts"}],"about":[{"href":"https:\/\/www.24baires.com\/index.php?rest_route=\/wp\/v2\/types\/post"}],"author":[{"embeddable":true,"href":"https:\/\/www.24baires.com\/index.php?rest_route=\/wp\/v2\/users\/4"}],"replies":[{"embeddable":true,"href":"https:\/\/www.24baires.com\/index.php?rest_route=%2Fwp%2Fv2%2Fcomments&post=7498"}],"version-history":[{"count":1,"href":"https:\/\/www.24baires.com\/index.php?rest_route=\/wp\/v2\/posts\/7498\/revisions"}],"predecessor-version":[{"id":7500,"href":"https:\/\/www.24baires.com\/index.php?rest_route=\/wp\/v2\/posts\/7498\/revisions\/7500"}],"wp:attachment":[{"href":"https:\/\/www.24baires.com\/index.php?rest_route=%2Fwp%2Fv2%2Fmedia&parent=7498"}],"wp:term":[{"taxonomy":"category","embeddable":true,"href":"https:\/\/www.24baires.com\/index.php?rest_route=%2Fwp%2Fv2%2Fcategories&post=7498"},{"taxonomy":"post_tag","embeddable":true,"href":"https:\/\/www.24baires.com\/index.php?rest_route=%2Fwp%2Fv2%2Ftags&post=7498"}],"curies":[{"name":"wp","href":"https:\/\/api.w.org\/{rel}","templated":true}]}}