{"id":74978,"date":"2015-11-12T19:07:49","date_gmt":"2015-11-12T22:07:49","guid":{"rendered":"http:\/\/www.24baires.com\/?p=74978"},"modified":"2015-11-12T19:07:49","modified_gmt":"2015-11-12T22:07:49","slug":"macri-privatizacion-y-ajuste","status":"publish","type":"post","link":"https:\/\/www.24baires.com\/?p=74978","title":{"rendered":"Macri, privatizaci\u00f3n y ajuste"},"content":{"rendered":"<p><img data-recalc-dims=\"1\" loading=\"lazy\" decoding=\"async\" class=\"aligncenter size-full wp-image-53419\" src=\"https:\/\/i0.wp.com\/www.24baires.com\/wp-content\/uploads\/2014\/09\/macri-3.jpg?resize=560%2C314\" alt=\"macri 3\" width=\"560\" height=\"314\" srcset=\"https:\/\/i0.wp.com\/www.24baires.com\/wp-content\/uploads\/2014\/09\/macri-3.jpg?w=560&amp;ssl=1 560w, https:\/\/i0.wp.com\/www.24baires.com\/wp-content\/uploads\/2014\/09\/macri-3.jpg?resize=300%2C168&amp;ssl=1 300w\" sizes=\"auto, (max-width: 560px) 100vw, 560px\" \/>Cuando Macri, all\u00e1 en el balotaje por la jefatura de gobierno de CABA, hizo un intento por hablar bien -o no tan mal- de algunas de las pol\u00edticas m\u00e1s emblem\u00e1ticas del kirchnerismo, como la estatizaci\u00f3n de YPF y Aerol\u00edneas Argentinas o la Asignaci\u00f3n Universal por Hijo, fue abucheado por el tumulto de simpatizantes y globos PRO que se encontraban en los festejos del triunfo de Larreta.<!--more--><\/p>\n<p>Lo silbaron, le gritaron que no. Es que Macri notaba que los votos que pod\u00eda cosechar siendo \u00e9l mismo, no le alcanzar\u00edan para forjarse una carrera presidencial sustentable. Entonces acomod\u00f3 su discurso elogiando las leyes que el PRO no s\u00f3lo no vot\u00f3, sino que milit\u00f3 (\u00bfse puede decir &#8216;milit\u00f3&#8217; cuando hablamos del PRO?) en contra y con ah\u00ednco.<br \/>\nPero la impostura se cae a pedazos cuando su candidata a vice, Gabriela Michetti, confiesa que \u201cvotamos en contra de esto y lo volver\u00edamos a hacer\u201d, cuando la consultan sobre la posici\u00f3n de su fuerza pol\u00edtica con respecto a YPF, Aerol\u00edneas Argentinas y la Asignaci\u00f3n Universal por Hijo. Castillito de naipes que no resiste la m\u00ednima brisa. Porque una cosa es la conveniencia y otra la ideolog\u00eda, pues una puede ser moment\u00e1nea, la otra es el ancla donde se fijan nuestros dichos y nuestros actos.<br \/>\nEstas posturas provienen de recientes declaraciones efectuadas luego de que Michetti participara en la ciudad de Bariloche de la jornada de cierre de la 36\u00b0 Convenci\u00f3n del Instituto de Ejecutivos de Finanzas (IAEF). \u201cNos diferenciamos del candidato del FpV Daniel Scioli, por nuestra coherencia\u201d, dijo tambi\u00e9n all\u00ed. Y lo dijo en serio, aunque parezca en broma luego de ver el devenir casi rom\u00e1ntico de Macri hacia las pol\u00edticas implementadas por Cristina Kirchner.<br \/>\nY parece que no se pone de acuerdo con Mauricio, o les gusta sumergirnos a todos en la confusi\u00f3n con sus declaraciones, como sucede con los economistas que propone el PRO. Un Melconian que afirma que no se pueden subir mas sueldos ni jubilaciones y desde el macrismo mandan a callarlo porque parece que anunciar lo que realmente quieren hacer no es la idea. De hecho, el kirchnerimo, que recuper\u00f3 las paritarias, demostr\u00f3 que s\u00ed se pueden subir sueldos y ni qu\u00e9 decir de las jubilaciones, ya que se incorporaros millones de adultos mayores al sistema previsional y se les aumenta dos veces al a\u00f1o por ley. Pero Melconian dice que eso no se va a poder hacer m\u00e1s si gana Macri.<br \/>\nOtra que sali\u00f3 a decir que \u201cNo es necesario tener paritarias todos los a\u00f1os\u201d, es Patricia Bullrich, que es una de las que m\u00e1s sabe en esto de bajar sueldos. Una experimentada del ajuste a los jubilados, -el de la rebaja del 13%, cuando era Ministra de Trabajo de la Alianza-, explica un poco c\u00f3mo ser\u00e1 apretarse los cinturones si triunfa Cambiemos y llegue el momento de achicar el gasto. Porque para ellos, el sueldo de los trabajadores activos y el de los jubilados es eso, un gasto. Algo que puede recortarse a voluntad.<br \/>\nTeniendo en cuenta que el frente pol\u00edtico que impulsa la f\u00f3rmula presidencial se llama Cambiemos, parece que todo el entorno que gobernar\u00e1 junto a Macri en el hipot\u00e9tico caso de triunfar el 22 de noviembre, est\u00e1 de acuerdo con eso de cambiar y no tienen reparos en decirlo, cuando hablan en p\u00fablico. Como cuando Mar\u00eda Eugenia Vidal afirm\u00f3 que sacar\u00edan todas las retenciones a la soja o eliminar\u00edan Precios Cuidados porque \u201ceso no es lo nuestro\u201d, por ejemplo.<br \/>\nPero Macri sigue en la ya f\u00fatil misi\u00f3n de intentar disimular lo que podr\u00eda ocurrir si gana, lo que tienen planeado todos los grupos econ\u00f3micos y medi\u00e1ticos que lo impulsan y acompa\u00f1an, desde Fondos Buitre a Clar\u00edn. Pero ya sabemos, porque ya lo vivimos y porque son los mismos actores de siempre. Vienen a achicar el Estado, vienen a dejar afuera del sistema a los millones de argentinos que fueron incluidos en estos a\u00f1os. Vienen a dar por tierra con la producci\u00f3n nacional, porque no habr\u00e1 restricciones a las importaciones. Vienen a liberar el d\u00f3lar. Vienen a reinstaurar el neoliberalismo que nos hundi\u00f3. Y vienen con una sed de revanchismo hist\u00f3rico que asusta, porque da miedo hasta pensar en lo que, si ganan, har\u00e1n.<\/p>\n","protected":false},"excerpt":{"rendered":"<p>Cuando Macri, all\u00e1 en el balotaje por la jefatura de gobierno de CABA, hizo un intento por hablar bien -o no tan mal- de algunas de las pol\u00edticas m\u00e1s emblem\u00e1ticas del kirchnerismo, como la estatizaci\u00f3n de YPF y Aerol\u00edneas Argentinas o la Asignaci\u00f3n Universal por Hijo, fue abucheado por el tumulto de simpatizantes y globos PRO que se encontraban en [&#8230;]<\/p>\n","protected":false},"author":8,"featured_media":0,"comment_status":"open","ping_status":"open","sticky":false,"template":"","format":"standard","meta":{"_jetpack_newsletter_access":"","_jetpack_dont_email_post_to_subs":false,"_jetpack_newsletter_tier_id":0,"_jetpack_memberships_contains_paywalled_content":false,"_jetpack_memberships_contains_paid_content":false,"footnotes":""},"categories":[64],"tags":[],"class_list":["post-74978","post","type-post","status-publish","format-standard","hentry","category-opinion"],"jetpack_featured_media_url":"","jetpack_shortlink":"https:\/\/wp.me\/p2JWE0-jvk","jetpack-related-posts":[{"id":100839,"url":"https:\/\/www.24baires.com\/?p=100839","url_meta":{"origin":74978,"position":0},"title":"Massot sostuvo que Macri no vetar\u00e1 la despenalizaci\u00f3n del aborto","author":"AF","date":"02\/03\/2018","format":false,"excerpt":"El presidente del bloque de diputados nacionales del PRO consider\u00f3 que el Presidente no utilizar\u00e1 el poder de veto con esta norma y admiti\u00f3 que la mayor parte de su bloque se inclinar\u00eda por votar en contra. El presidente del bloque de diputados nacionales del PRO, Nicol\u00e1s Massot, sostuvo esta\u2026","rel":"","context":"En \u00abPol\u00edtica\u00bb","block_context":{"text":"Pol\u00edtica","link":"https:\/\/www.24baires.com\/?cat=51"},"img":{"alt_text":"","src":"https:\/\/i0.wp.com\/www.24baires.com\/wp-content\/uploads\/2018\/03\/massot.jpg?resize=350%2C200","width":350,"height":200,"srcset":"https:\/\/i0.wp.com\/www.24baires.com\/wp-content\/uploads\/2018\/03\/massot.jpg?resize=350%2C200 1x, https:\/\/i0.wp.com\/www.24baires.com\/wp-content\/uploads\/2018\/03\/massot.jpg?resize=525%2C300 1.5x"},"classes":[]},{"id":112699,"url":"https:\/\/www.24baires.com\/?p=112699","url_meta":{"origin":74978,"position":1},"title":"Fue el turno de Macri: \u00abHay que esperar, las boca de urna no tienen rigor cient\u00edfico\u00bb","author":"GB","date":"27\/10\/2019","format":false,"excerpt":"El actual mandatario emiti\u00f3 su sufragio en una escuela de Palermo y busca el milagro de revertir el resultado de las PASO. El presidente de la Naci\u00f3n, Mauricio Macri, emiti\u00f3 su voto en la escuela Wenceslao Posse, del barrio porte\u00f1o de Palermo. El candidato de Juntos por el Cambio emiti\u00f3\u2026","rel":"","context":"En \u00abELECCIONES 2019\u00bb","block_context":{"text":"ELECCIONES 2019","link":"https:\/\/www.24baires.com\/?cat=329"},"img":{"alt_text":"","src":"https:\/\/i0.wp.com\/www.24baires.com\/wp-content\/uploads\/2019\/10\/maccri-voto.jpg?resize=350%2C200","width":350,"height":200,"srcset":"https:\/\/i0.wp.com\/www.24baires.com\/wp-content\/uploads\/2019\/10\/maccri-voto.jpg?resize=350%2C200 1x, https:\/\/i0.wp.com\/www.24baires.com\/wp-content\/uploads\/2019\/10\/maccri-voto.jpg?resize=525%2C300 1.5x"},"classes":[]},{"id":120670,"url":"https:\/\/www.24baires.com\/?p=120670","url_meta":{"origin":74978,"position":2},"title":"De \u00faltimo minuto: un intendente del PRO revel\u00f3 que votar\u00e1 a Massa","author":"GB","date":"17\/11\/2023","format":false,"excerpt":"El candidato larretista, reelecto con m\u00e1s del 50%, asegur\u00f3 que este domingo se eligen entre dos \"opciones muy distintas\" y que por eso se inclinar\u00e1 por el candidato que mantiene \"respeto por la democracia\". A pocos d\u00edas del balotaje y horas antes de que inicie la veda, Sebasti\u00e1n Abella, intendente\u2026","rel":"","context":"En \u00abMunicipios\u00bb","block_context":{"text":"Municipios","link":"https:\/\/www.24baires.com\/?cat=44"},"img":{"alt_text":"","src":"https:\/\/i0.wp.com\/www.24baires.com\/wp-content\/uploads\/2023\/11\/intendente.jpeg?resize=350%2C200","width":350,"height":200,"srcset":"https:\/\/i0.wp.com\/www.24baires.com\/wp-content\/uploads\/2023\/11\/intendente.jpeg?resize=350%2C200 1x, https:\/\/i0.wp.com\/www.24baires.com\/wp-content\/uploads\/2023\/11\/intendente.jpeg?resize=525%2C300 1.5x, https:\/\/i0.wp.com\/www.24baires.com\/wp-content\/uploads\/2023\/11\/intendente.jpeg?resize=700%2C400 2x"},"classes":[]},{"id":57392,"url":"https:\/\/www.24baires.com\/?p=57392","url_meta":{"origin":74978,"position":3},"title":"Macri advirti\u00f3 que no quiere \u00abpegarse\u00bb a UNEN","author":"Grupo Sierra","date":"19\/11\/2014","format":false,"excerpt":"Seg\u00fan informaron tres integrantes de la reuni\u00f3n que hubo esta ma\u00f1ana en Bol\u00edvar 1 para analizar el tema, \"la decisi\u00f3n partidaria fue que de este tema no se habla\". El comando de campa\u00f1a del jefe del gobierno porte\u00f1o, Mauricio Macri, decidi\u00f3 hoy bajar l\u00ednea a sus referentes para que \"no\u2026","rel":"","context":"En \u00abPol\u00edtica\u00bb","block_context":{"text":"Pol\u00edtica","link":"https:\/\/www.24baires.com\/?cat=51"},"img":{"alt_text":"macri carri\u00f3","src":"https:\/\/i0.wp.com\/www.24baires.com\/wp-content\/uploads\/2014\/08\/macri-carri%C3%B3.jpg?resize=350%2C200","width":350,"height":200,"srcset":"https:\/\/i0.wp.com\/www.24baires.com\/wp-content\/uploads\/2014\/08\/macri-carri%C3%B3.jpg?resize=350%2C200 1x, https:\/\/i0.wp.com\/www.24baires.com\/wp-content\/uploads\/2014\/08\/macri-carri%C3%B3.jpg?resize=525%2C300 1.5x"},"classes":[]},{"id":103317,"url":"https:\/\/www.24baires.com\/?p=103317","url_meta":{"origin":74978,"position":4},"title":"Un excandidato de Cambiemos asegura que \u00abel 100% de los aportantes son truchos\u00bb","author":"AF","date":"13\/07\/2018","format":false,"excerpt":"As\u00ed lo admiti\u00f3 Osvaldo Marasco, quien se postul\u00f3 a intendente de Ituzaing\u00f3 en 2015 por la alianza macrista y estuvo a 1500 votos de quedarse con el municipio. El ex candidato a intendente de Ituzaing\u00f3 por Cambiemos, Osvaldo Marasco, sum\u00f3 su voz al esc\u00e1ndalo de los aportantes truchos a las\u2026","rel":"","context":"En \u00abPol\u00edtica\u00bb","block_context":{"text":"Pol\u00edtica","link":"https:\/\/www.24baires.com\/?cat=51"},"img":{"alt_text":"","src":"https:\/\/i0.wp.com\/www.24baires.com\/wp-content\/uploads\/2018\/07\/vidal-marasco-macri.jpg?resize=350%2C200","width":350,"height":200,"srcset":"https:\/\/i0.wp.com\/www.24baires.com\/wp-content\/uploads\/2018\/07\/vidal-marasco-macri.jpg?resize=350%2C200 1x, https:\/\/i0.wp.com\/www.24baires.com\/wp-content\/uploads\/2018\/07\/vidal-marasco-macri.jpg?resize=525%2C300 1.5x"},"classes":[]},{"id":72664,"url":"https:\/\/www.24baires.com\/?p=72664","url_meta":{"origin":74978,"position":5},"title":"\u00abVidal mide m\u00e1s en Provincia que Macri en todo el pa\u00eds\u00bb","author":"AF","date":"25\/09\/2015","format":false,"excerpt":"Lo dijo hoy el diputado bonaerense del FpV y referente del Movimiento Evita, situaci\u00f3n que a su criterio complica las aspiraciones del l\u00edder del PRO de llegar a la Casa Rosada. El diputado bonaerense del FpV y referente del Movimiento Evita, Fernando 'Chino' Navarro, dijo hoy que la candidata a\u2026","rel":"","context":"En \u00abElecciones 2015\u00bb","block_context":{"text":"Elecciones 2015","link":"https:\/\/www.24baires.com\/?cat=74"},"img":{"alt_text":"navarro chino","src":"https:\/\/i0.wp.com\/www.24baires.com\/wp-content\/uploads\/2013\/02\/navarro-chino.jpg?resize=350%2C200","width":350,"height":200,"srcset":"https:\/\/i0.wp.com\/www.24baires.com\/wp-content\/uploads\/2013\/02\/navarro-chino.jpg?resize=350%2C200 1x, https:\/\/i0.wp.com\/www.24baires.com\/wp-content\/uploads\/2013\/02\/navarro-chino.jpg?resize=525%2C300 1.5x"},"classes":[]}],"jetpack_sharing_enabled":true,"jetpack_likes_enabled":true,"_links":{"self":[{"href":"https:\/\/www.24baires.com\/index.php?rest_route=\/wp\/v2\/posts\/74978","targetHints":{"allow":["GET"]}}],"collection":[{"href":"https:\/\/www.24baires.com\/index.php?rest_route=\/wp\/v2\/posts"}],"about":[{"href":"https:\/\/www.24baires.com\/index.php?rest_route=\/wp\/v2\/types\/post"}],"author":[{"embeddable":true,"href":"https:\/\/www.24baires.com\/index.php?rest_route=\/wp\/v2\/users\/8"}],"replies":[{"embeddable":true,"href":"https:\/\/www.24baires.com\/index.php?rest_route=%2Fwp%2Fv2%2Fcomments&post=74978"}],"version-history":[{"count":1,"href":"https:\/\/www.24baires.com\/index.php?rest_route=\/wp\/v2\/posts\/74978\/revisions"}],"predecessor-version":[{"id":74979,"href":"https:\/\/www.24baires.com\/index.php?rest_route=\/wp\/v2\/posts\/74978\/revisions\/74979"}],"wp:attachment":[{"href":"https:\/\/www.24baires.com\/index.php?rest_route=%2Fwp%2Fv2%2Fmedia&parent=74978"}],"wp:term":[{"taxonomy":"category","embeddable":true,"href":"https:\/\/www.24baires.com\/index.php?rest_route=%2Fwp%2Fv2%2Fcategories&post=74978"},{"taxonomy":"post_tag","embeddable":true,"href":"https:\/\/www.24baires.com\/index.php?rest_route=%2Fwp%2Fv2%2Ftags&post=74978"}],"curies":[{"name":"wp","href":"https:\/\/api.w.org\/{rel}","templated":true}]}}