{"id":7496,"date":"2012-12-01T10:20:50","date_gmt":"2012-12-01T13:20:50","guid":{"rendered":"http:\/\/www.24baires.com\/?p=7496"},"modified":"2012-12-01T18:50:00","modified_gmt":"2012-12-01T21:50:00","slug":"llega-a-olmos-el-tomatazo","status":"publish","type":"post","link":"https:\/\/www.24baires.com\/?p=7496","title":{"rendered":"Llega a Olmos \u00abEl Tomatazo\u00bb"},"content":{"rendered":"<p>El organizador, Sergio Stazi, cont\u00f3 que ser\u00e1 la tercera edici\u00f3n y se realizar\u00e1 el pr\u00f3ximo fin de semana en el Club Deportivo Tarija, ubicado en 203 y 70 de Lisandro Olmos, partido de <strong>La Plata<\/strong>.<!--more--><br \/>\nSergio Stazi, el organizador de este encuentro, cont\u00f3 que \u201ctradicionalmente desde la fundaci\u00f3n esta zona se dedic\u00f3 a la actividad hort\u00edcola. Ya los Inmigrantes italianos trajeron la producci\u00f3n hort\u00edcola y se empez\u00f3 el trabajo, luego con inmigraci\u00f3n boliviana duplicaron esta producci\u00f3n, trasformando la regi\u00f3n en un cord\u00f3n productivo muy importante, sobre todo del tomate\u201d.<\/p>\n<p>\u201cEl tomate platense es aquel con semilla producido artesanalmente, en cambio, el productivo es el que se hace en forma intensiva con trabajo de invernadero manteniendo producci\u00f3n en el verano, duran mas, hay varias empresas que los comercializan\u201d, explic\u00f3.<\/p>\n<p>El organizador relat\u00f3 que se desarrollar\u00e1 \u201cuna tomatina para chicos en un tanque australiano\u201d; por otra parte, habr\u00e1 exposiciones de los productos, maquinarias hort\u00edcolas, agroqu\u00edmicas, comidas t\u00edpicas criollas, la elecci\u00f3n de la Reina\u201d y \u201cse premiar\u00e1 al mejor tomate\u201d.<\/p>\n","protected":false},"excerpt":{"rendered":"<p>El organizador, Sergio Stazi, cont\u00f3 que ser\u00e1 la tercera edici\u00f3n y se realizar\u00e1 el pr\u00f3ximo fin de semana en el Club Deportivo Tarija, ubicado en 203 y 70 de Lisandro Olmos, partido de La Plata.<\/p>\n","protected":false},"author":4,"featured_media":0,"comment_status":"open","ping_status":"open","sticky":false,"template":"","format":"standard","meta":{"_jetpack_newsletter_access":"","_jetpack_dont_email_post_to_subs":false,"_jetpack_newsletter_tier_id":0,"_jetpack_memberships_contains_paywalled_content":false,"_jetpack_memberships_contains_paid_content":false,"footnotes":""},"categories":[1],"tags":[],"class_list":["post-7496","post","type-post","status-publish","format-standard","hentry","category-sociedad"],"jetpack_featured_media_url":"","jetpack_shortlink":"https:\/\/wp.me\/p2JWE0-1WU","jetpack-related-posts":[{"id":36701,"url":"https:\/\/www.24baires.com\/?p=36701","url_meta":{"origin":7496,"position":0},"title":"La Plata: aseguran que las verduras no aumentar\u00e1n desmedidamente","author":"Grupo Sierra","date":"12\/12\/2013","format":false,"excerpt":"Alberto Pate, Director de la Asociaci\u00f3n de productores hort\u00edcolas de La Plata, habl\u00f3 sobre la situaci\u00f3n del sector y las consecuencias de los fen\u00f3menos clim\u00e1ticos que afectaron a la regi\u00f3n. Sobre esto advirti\u00f3: \u201cNo hay posibilidades de que se disparen los precios, hay bastante cantidad todav\u00eda, salvo que ocurra otro\u2026","rel":"","context":"En \u00abLocales\u00bb","block_context":{"text":"Locales","link":"https:\/\/www.24baires.com\/?cat=38"},"img":{"alt_text":"Plantacion_verduras","src":"https:\/\/i0.wp.com\/www.24baires.com\/wp-content\/uploads\/2013\/12\/Plantacion_verduras.jpg?resize=350%2C200","width":350,"height":200,"srcset":"https:\/\/i0.wp.com\/www.24baires.com\/wp-content\/uploads\/2013\/12\/Plantacion_verduras.jpg?resize=350%2C200 1x, https:\/\/i0.wp.com\/www.24baires.com\/wp-content\/uploads\/2013\/12\/Plantacion_verduras.jpg?resize=525%2C300 1.5x"},"classes":[]},{"id":50566,"url":"https:\/\/www.24baires.com\/?p=50566","url_meta":{"origin":7496,"position":1},"title":"Beneficios para m\u00e1s de 20.000 trabajadores hort\u00edcolas bonaerenses","author":"AF","date":"26\/07\/2014","format":false,"excerpt":"La Secretar\u00eda de Desarrollo Rural del Ministerio de Agricultura, Ganader\u00eda y Pesca de la Naci\u00f3n, \u00e1rea que conduce Carla Campos Bilbao, impulsa la implementaci\u00f3n de los Convenios de Corresponsabilidad Gremial para el sector hort\u00edcola de la provincia de Buenos Aires. La iniciativa permitir\u00eda avanzar con la regulaci\u00f3n y normalizaci\u00f3n de\u2026","rel":"","context":"En \u00abProvincia\u00bb","block_context":{"text":"Provincia","link":"https:\/\/www.24baires.com\/?cat=40"},"img":{"alt_text":"hort\u00edcolas","src":"https:\/\/i0.wp.com\/www.24baires.com\/wp-content\/uploads\/2014\/07\/hort%C3%ADcolas.jpg?resize=350%2C200","width":350,"height":200,"srcset":"https:\/\/i0.wp.com\/www.24baires.com\/wp-content\/uploads\/2014\/07\/hort%C3%ADcolas.jpg?resize=350%2C200 1x, https:\/\/i0.wp.com\/www.24baires.com\/wp-content\/uploads\/2014\/07\/hort%C3%ADcolas.jpg?resize=525%2C300 1.5x"},"classes":[]},{"id":92404,"url":"https:\/\/www.24baires.com\/?p=92404","url_meta":{"origin":7496,"position":2},"title":"Productores de la regi\u00f3n marchan a la Gobernaci\u00f3n por la falta de soluciones","author":"AF","date":"15\/02\/2017","format":false,"excerpt":"Las organizaciones, asociaciones y cooperativas del sector hort\u00edcola del cord\u00f3n de La Plata-Florencio Varela-Berazategui, marchar\u00e1n este mi\u00e9rcoles a la Gobernaci\u00f3n de la provincia, donde esperan ser recibidos por Mar\u00eda Eugenia Vidal, para buscar a una soluci\u00f3n a la crisis que viven tras los destrozos por el temporal de domingo 5\u2026","rel":"","context":"En \u00abSociedad\u00bb","block_context":{"text":"Sociedad","link":"https:\/\/www.24baires.com\/?cat=1"},"img":{"alt_text":"","src":"https:\/\/i0.wp.com\/www.24baires.com\/wp-content\/uploads\/2017\/02\/productores.jpg?resize=350%2C200","width":350,"height":200,"srcset":"https:\/\/i0.wp.com\/www.24baires.com\/wp-content\/uploads\/2017\/02\/productores.jpg?resize=350%2C200 1x, https:\/\/i0.wp.com\/www.24baires.com\/wp-content\/uploads\/2017\/02\/productores.jpg?resize=525%2C300 1.5x"},"classes":[]},{"id":37319,"url":"https:\/\/www.24baires.com\/?p=37319","url_meta":{"origin":7496,"position":3},"title":"Un empuj\u00f3n para la agricultura bonaerense","author":"Grupo Sierra","date":"23\/12\/2013","format":false,"excerpt":"El ministro Carlos Casamiquela entreg\u00f3 este s\u00e1bado en Ituzaing\u00f3 aportes a 33 municipios bonaerenses para fomentar la producci\u00f3n hort\u00edcola, flor\u00edcola, granja y tambo, en un acto junto al jefe de Gabinete, Jorge Capitanich, y el gobernador de la provincia de Buenos Aires, Daniel Scioli. \"Mientras m\u00e1s seamos los que trabajamos\u2026","rel":"","context":"En \u00abProvincia\u00bb","block_context":{"text":"Provincia","link":"https:\/\/www.24baires.com\/?cat=40"},"img":{"alt_text":"soja","src":"https:\/\/i0.wp.com\/www.24baires.com\/wp-content\/uploads\/2013\/06\/soja-300x187.jpg?resize=350%2C200","width":350,"height":200},"classes":[]},{"id":120519,"url":"https:\/\/www.24baires.com\/?p=120519","url_meta":{"origin":7496,"position":4},"title":"Massa celebr\u00f3 ley que modifica ganancias y pidi\u00f3 apoyo para la de devoluci\u00f3n del IVA","author":"AF","date":"29\/09\/2023","format":false,"excerpt":"El ministro de Econom\u00eda y candidato presidencial de Uni\u00f3n por la Patria (UxP), Sergio Massa, consider\u00f3 hoy como \"un paso fundamental\" contra \"la injusticia\" la eliminaci\u00f3n de la cuarta categor\u00eda del impuesto a las Ganancias, al destacar la sanci\u00f3n de la ley que elimin\u00f3 ese gravamen, y pidi\u00f3 \"apoyo\" para\u2026","rel":"","context":"En \u00abPol\u00edtica\u00bb","block_context":{"text":"Pol\u00edtica","link":"https:\/\/www.24baires.com\/?cat=51"},"img":{"alt_text":"","src":"https:\/\/i0.wp.com\/www.24baires.com\/wp-content\/uploads\/2023\/09\/massa.jpg?resize=350%2C200","width":350,"height":200,"srcset":"https:\/\/i0.wp.com\/www.24baires.com\/wp-content\/uploads\/2023\/09\/massa.jpg?resize=350%2C200 1x, https:\/\/i0.wp.com\/www.24baires.com\/wp-content\/uploads\/2023\/09\/massa.jpg?resize=525%2C300 1.5x, https:\/\/i0.wp.com\/www.24baires.com\/wp-content\/uploads\/2023\/09\/massa.jpg?resize=700%2C400 2x"},"classes":[]},{"id":56706,"url":"https:\/\/www.24baires.com\/?p=56706","url_meta":{"origin":7496,"position":5},"title":"V\u00eda libre para la exportaci\u00f3n de trigo y ma\u00edz","author":"Grupo Sierra","date":"06\/11\/2014","format":false,"excerpt":"El Jefe de Gabinete, Jorge Capitanich, inform\u00f3 esta tarde que se autoriz\u00f3 la exportaci\u00f3n de 1,5 millones de toneladas de trigo, a partir del 15 de diciembre, y de ocho millones de toneladas de ma\u00edz desde el 15 de marzo de 2015. Capitanich se\u00f1al\u00f3 que la decisi\u00f3n se adopt\u00f3 durante\u2026","rel":"","context":"En \u00abEconom\u00eda\u00bb","block_context":{"text":"Econom\u00eda","link":"https:\/\/www.24baires.com\/?cat=45"},"img":{"alt_text":"trigo","src":"https:\/\/i0.wp.com\/www.24baires.com\/wp-content\/uploads\/2013\/07\/trigo.jpg?resize=350%2C200","width":350,"height":200,"srcset":"https:\/\/i0.wp.com\/www.24baires.com\/wp-content\/uploads\/2013\/07\/trigo.jpg?resize=350%2C200 1x, https:\/\/i0.wp.com\/www.24baires.com\/wp-content\/uploads\/2013\/07\/trigo.jpg?resize=525%2C300 1.5x"},"classes":[]}],"jetpack_sharing_enabled":true,"jetpack_likes_enabled":true,"_links":{"self":[{"href":"https:\/\/www.24baires.com\/index.php?rest_route=\/wp\/v2\/posts\/7496","targetHints":{"allow":["GET"]}}],"collection":[{"href":"https:\/\/www.24baires.com\/index.php?rest_route=\/wp\/v2\/posts"}],"about":[{"href":"https:\/\/www.24baires.com\/index.php?rest_route=\/wp\/v2\/types\/post"}],"author":[{"embeddable":true,"href":"https:\/\/www.24baires.com\/index.php?rest_route=\/wp\/v2\/users\/4"}],"replies":[{"embeddable":true,"href":"https:\/\/www.24baires.com\/index.php?rest_route=%2Fwp%2Fv2%2Fcomments&post=7496"}],"version-history":[{"count":1,"href":"https:\/\/www.24baires.com\/index.php?rest_route=\/wp\/v2\/posts\/7496\/revisions"}],"predecessor-version":[{"id":7497,"href":"https:\/\/www.24baires.com\/index.php?rest_route=\/wp\/v2\/posts\/7496\/revisions\/7497"}],"wp:attachment":[{"href":"https:\/\/www.24baires.com\/index.php?rest_route=%2Fwp%2Fv2%2Fmedia&parent=7496"}],"wp:term":[{"taxonomy":"category","embeddable":true,"href":"https:\/\/www.24baires.com\/index.php?rest_route=%2Fwp%2Fv2%2Fcategories&post=7496"},{"taxonomy":"post_tag","embeddable":true,"href":"https:\/\/www.24baires.com\/index.php?rest_route=%2Fwp%2Fv2%2Ftags&post=7496"}],"curies":[{"name":"wp","href":"https:\/\/api.w.org\/{rel}","templated":true}]}}