{"id":7492,"date":"2012-12-01T18:32:29","date_gmt":"2012-12-01T21:32:29","guid":{"rendered":"http:\/\/www.24baires.com\/?p=7492"},"modified":"2012-12-01T18:32:29","modified_gmt":"2012-12-01T21:32:29","slug":"micheli-aseguro-que-habra-otra-marcha-antes-de-fin-de-ano","status":"publish","type":"post","link":"https:\/\/www.24baires.com\/?p=7492","title":{"rendered":"Micheli asegur\u00f3 que habr\u00e1 otra marcha antes de fin de a\u00f1o"},"content":{"rendered":"<p><img data-recalc-dims=\"1\" loading=\"lazy\" decoding=\"async\" class=\"alignleft size-full wp-image-7493\" title=\"micheli\" src=\"https:\/\/i0.wp.com\/www.24baires.com\/wp-content\/uploads\/2012\/12\/micheli.png?resize=250%2C175\" alt=\"\" width=\"250\" height=\"175\" \/>El secretario general de la CTA opositora, Pablo Micheli, asegur\u00f3 que la protesta podr\u00eda ser con \u00ababandono de tareas\u00bb. Adem\u00e1s, responsabiliz\u00f3 a la Presidente por producir una \u00abdivisi\u00f3n terrible que pone en riesgo a la democracia\u00bb.<!--more--><\/p>\n<p>Micheli respald\u00f3 \u00aben parte la declaraci\u00f3n de la Iglesia\u00bb que advirti\u00f3 sobre el \u00abpeligro\u00bb de que la Argentina se divida \u00abnuevamente en dos bandos irreconciliables\u00bb. Al respecto, repudi\u00f3 las recientes declaraciones de la primera mandataria por \u00abhaber comparado los fondos buitre con las demandas de los jubilados\u00bb.<\/p>\n<p>Tras encabezar un plenario nacional de la CTA que lidera luego del paro general del 20 de noviembre que convoc\u00f3 junto a la CGT de Hugo Moyano, el sindicalista ratific\u00f3 para este mes una movilizaci\u00f3n a nivel nacional, que podr\u00eda incluir el retiro de los lugares de trabajo.<\/p>\n<p>\u00abTodav\u00eda no le pusimos d\u00eda porque lo vamos a discutir la semana pr\u00f3xima con la CGT y las otras organizaciones que llevamos adelante la \u00faltima medida de acci\u00f3n, como tambi\u00e9n tantas otras medidas\u00bb, se\u00f1al\u00f3 el dirigente.<\/p>\n<p>A\u00f1adi\u00f3 que si bien \u00abno est\u00e1 planificada la posibilidad de un paro de 24 horas, probablemente la convocatoria ser\u00e1 con abandono de tareas si es un d\u00eda de semana\u00bb.<\/p>\n<p>El titular de la CTA opositora critic\u00f3 duramente a la jefa de Estado al acusarla de fomentar las \u00abdivisiones\u00bb de la sociedad y acrecentar la \u00abviolencia\u00bb.<\/p>\n<p>\u00abEsta situaci\u00f3n de no querer escuchar a nadie que piense distinto a la Presidencia de la Naci\u00f3n y poner a quien piense en el lugar del enemigo, genera una divisi\u00f3n terrible en la sociedad, con odios que a veces parecen irreconciliables, que encima pone en riesgo a la propia democracia\u00bb, alert\u00f3.<\/p>\n","protected":false},"excerpt":{"rendered":"<p>El secretario general de la CTA opositora, Pablo Micheli, asegur\u00f3 que la protesta podr\u00eda ser con \u00ababandono de tareas\u00bb. Adem\u00e1s, responsabiliz\u00f3 a la Presidente por producir una \u00abdivisi\u00f3n terrible que pone en riesgo a la democracia\u00bb.<\/p>\n","protected":false},"author":4,"featured_media":0,"comment_status":"open","ping_status":"open","sticky":false,"template":"","format":"standard","meta":{"_jetpack_newsletter_access":"","_jetpack_dont_email_post_to_subs":false,"_jetpack_newsletter_tier_id":0,"_jetpack_memberships_contains_paywalled_content":false,"_jetpack_memberships_contains_paid_content":false,"footnotes":""},"categories":[1],"tags":[],"class_list":["post-7492","post","type-post","status-publish","format-standard","hentry","category-sociedad"],"jetpack_featured_media_url":"","jetpack_shortlink":"https:\/\/wp.me\/p2JWE0-1WQ","jetpack-related-posts":[{"id":78488,"url":"https:\/\/www.24baires.com\/?p=78488","url_meta":{"origin":7492,"position":0},"title":"La CTA analizar\u00e1 el jueves una jornada nacional de lucha","author":"GB","date":"02\/02\/2016","format":false,"excerpt":"As\u00ed lo apunt\u00f3 a Info Regi\u00f3n el secretario general de la central gremial, Pablo Micheli, quien asegur\u00f3 que \u201caceptar un 25 por ciento\u201d de aumento \u201ces aceptar una rebaja salarial\u201d. \u201cLa medida se va a discutir el jueves, a\u00fan no sabemos si incluir\u00e1 paro nacional\u201d, se\u00f1al\u00f3. El titular de la\u2026","rel":"","context":"En \u00abPol\u00edtica\u00bb","block_context":{"text":"Pol\u00edtica","link":"https:\/\/www.24baires.com\/?cat=51"},"img":{"alt_text":"","src":"","width":0,"height":0},"classes":[]},{"id":95498,"url":"https:\/\/www.24baires.com\/?p=95498","url_meta":{"origin":7492,"position":1},"title":"Las dos CTA anunciaron una marcha entre julio y agosto","author":"AF","date":"28\/06\/2017","format":false,"excerpt":"Hugo Yasky y Pablo Micheli coincidieron en la necesidad de manifestarse ante la falta de acuerdo para fijar el salario m\u00ednimo vital y m\u00f3vil. El Gobierno estableci\u00f3 una suma de 10.000 pesos para julio de 2018. Esperan que se sume la CGT. Los secretarios generales de la CTA Aut\u00f3noma y\u2026","rel":"","context":"En \u00abSociedad\u00bb","block_context":{"text":"Sociedad","link":"https:\/\/www.24baires.com\/?cat=1"},"img":{"alt_text":"","src":"https:\/\/i0.wp.com\/www.24baires.com\/wp-content\/uploads\/2017\/01\/yasky-micheli.jpg?resize=350%2C200","width":350,"height":200,"srcset":"https:\/\/i0.wp.com\/www.24baires.com\/wp-content\/uploads\/2017\/01\/yasky-micheli.jpg?resize=350%2C200 1x, https:\/\/i0.wp.com\/www.24baires.com\/wp-content\/uploads\/2017\/01\/yasky-micheli.jpg?resize=525%2C300 1.5x"},"classes":[]},{"id":54693,"url":"https:\/\/www.24baires.com\/?p=54693","url_meta":{"origin":7492,"position":2},"title":"Yasky y Micheli, cada uno en su ranchito","author":"Grupo Sierra","date":"02\/10\/2014","format":false,"excerpt":"Los dirigentes formalizaron la divisi\u00f3n de la CTA en el Ministerio de Trabajo y se comprometieron a no impugnar los respectivos procesos electorales que realizar\u00e1n ambas organizaciones obreras. De esta forma, \u201cse legaliz\u00f3 de hecho y por acuerdo de partes la coexistencia de las dos centrales\u201d, aseguraron fuentes de la\u2026","rel":"","context":"En \u00abPol\u00edtica\u00bb","block_context":{"text":"Pol\u00edtica","link":"https:\/\/www.24baires.com\/?cat=51"},"img":{"alt_text":"yasky micheli","src":"https:\/\/i0.wp.com\/www.24baires.com\/wp-content\/uploads\/2014\/10\/yasky-micheli.jpg?resize=350%2C200","width":350,"height":200,"srcset":"https:\/\/i0.wp.com\/www.24baires.com\/wp-content\/uploads\/2014\/10\/yasky-micheli.jpg?resize=350%2C200 1x, https:\/\/i0.wp.com\/www.24baires.com\/wp-content\/uploads\/2014\/10\/yasky-micheli.jpg?resize=525%2C300 1.5x"},"classes":[]},{"id":52033,"url":"https:\/\/www.24baires.com\/?p=52033","url_meta":{"origin":7492,"position":3},"title":"A Micheli no le alcanza con el paro y amenaza con extender la medida","author":"Grupo Sierra","date":"18\/08\/2014","format":false,"excerpt":"El titular de la CTA opositora asegur\u00f3 que la central tiene planeado un paro con movilizaci\u00f3n el pr\u00f3ximo 26 de agosto y amenaza con modificar las fechas. \"Nosotros resolvimos una jornada nacional de protesta con paro y movilizaci\u00f3n para el d\u00eda 26 a partir del mediod\u00eda y con movilizaci\u00f3n desde\u2026","rel":"","context":"En \u00abPol\u00edtica\u00bb","block_context":{"text":"Pol\u00edtica","link":"https:\/\/www.24baires.com\/?cat=51"},"img":{"alt_text":"micheli-moyano","src":"https:\/\/i0.wp.com\/www.24baires.com\/wp-content\/uploads\/2012\/12\/micheli-moyano.jpg?resize=350%2C200","width":350,"height":200,"srcset":"https:\/\/i0.wp.com\/www.24baires.com\/wp-content\/uploads\/2012\/12\/micheli-moyano.jpg?resize=350%2C200 1x, https:\/\/i0.wp.com\/www.24baires.com\/wp-content\/uploads\/2012\/12\/micheli-moyano.jpg?resize=525%2C300 1.5x"},"classes":[]},{"id":106187,"url":"https:\/\/www.24baires.com\/?p=106187","url_meta":{"origin":7492,"position":4},"title":"Camioneros y la CTA preparan medidas de fuerza contra los tarifazos","author":"GB","date":"03\/01\/2019","format":false,"excerpt":"Los gremios de los Moyano, Pablo Micheli y Hugo Yasky brindar\u00e1n una conferencia de prensa para anunciar la primera movilizaci\u00f3n del 2019. La CTA de los Trabajadores de Hugo Yasky, la CTA Aut\u00f3noma de Pablo Micheli y el sindicato de Camioneros de Hugo y Pablo Moyano brindar\u00e1n este jueves una\u2026","rel":"","context":"En \u00abPol\u00edtica\u00bb","block_context":{"text":"Pol\u00edtica","link":"https:\/\/www.24baires.com\/?cat=51"},"img":{"alt_text":"","src":"https:\/\/i0.wp.com\/www.24baires.com\/wp-content\/uploads\/2016\/11\/acto-cta.jpg?resize=350%2C200","width":350,"height":200,"srcset":"https:\/\/i0.wp.com\/www.24baires.com\/wp-content\/uploads\/2016\/11\/acto-cta.jpg?resize=350%2C200 1x, https:\/\/i0.wp.com\/www.24baires.com\/wp-content\/uploads\/2016\/11\/acto-cta.jpg?resize=525%2C300 1.5x"},"classes":[]},{"id":83364,"url":"https:\/\/www.24baires.com\/?p=83364","url_meta":{"origin":7492,"position":5},"title":"Yasky y Micheli ratificar\u00e1n el paro del pr\u00f3ximo jueves","author":"AF","date":"01\/06\/2016","format":false,"excerpt":"Ser\u00e1 a trav\u00e9s de una conferencia de prensa con los secretarios generales de la CTA de los Trabajadores y la CTA Aut\u00f3noma, donde ampliar\u00e1n detalles de la movilizaci\u00f3n y el acto en la Plaza de Mayo. Los secretarios generales de la CTA de los Trabajadores y CTA Aut\u00f3noma Hugo Yasky\u2026","rel":"","context":"En \u00abSociedad\u00bb","block_context":{"text":"Sociedad","link":"https:\/\/www.24baires.com\/?cat=1"},"img":{"alt_text":"yasky micheli","src":"https:\/\/i0.wp.com\/www.24baires.com\/wp-content\/uploads\/2014\/10\/yasky-micheli.jpg?resize=350%2C200","width":350,"height":200,"srcset":"https:\/\/i0.wp.com\/www.24baires.com\/wp-content\/uploads\/2014\/10\/yasky-micheli.jpg?resize=350%2C200 1x, https:\/\/i0.wp.com\/www.24baires.com\/wp-content\/uploads\/2014\/10\/yasky-micheli.jpg?resize=525%2C300 1.5x"},"classes":[]}],"jetpack_sharing_enabled":true,"jetpack_likes_enabled":true,"_links":{"self":[{"href":"https:\/\/www.24baires.com\/index.php?rest_route=\/wp\/v2\/posts\/7492","targetHints":{"allow":["GET"]}}],"collection":[{"href":"https:\/\/www.24baires.com\/index.php?rest_route=\/wp\/v2\/posts"}],"about":[{"href":"https:\/\/www.24baires.com\/index.php?rest_route=\/wp\/v2\/types\/post"}],"author":[{"embeddable":true,"href":"https:\/\/www.24baires.com\/index.php?rest_route=\/wp\/v2\/users\/4"}],"replies":[{"embeddable":true,"href":"https:\/\/www.24baires.com\/index.php?rest_route=%2Fwp%2Fv2%2Fcomments&post=7492"}],"version-history":[{"count":2,"href":"https:\/\/www.24baires.com\/index.php?rest_route=\/wp\/v2\/posts\/7492\/revisions"}],"predecessor-version":[{"id":7495,"href":"https:\/\/www.24baires.com\/index.php?rest_route=\/wp\/v2\/posts\/7492\/revisions\/7495"}],"wp:attachment":[{"href":"https:\/\/www.24baires.com\/index.php?rest_route=%2Fwp%2Fv2%2Fmedia&parent=7492"}],"wp:term":[{"taxonomy":"category","embeddable":true,"href":"https:\/\/www.24baires.com\/index.php?rest_route=%2Fwp%2Fv2%2Fcategories&post=7492"},{"taxonomy":"post_tag","embeddable":true,"href":"https:\/\/www.24baires.com\/index.php?rest_route=%2Fwp%2Fv2%2Ftags&post=7492"}],"curies":[{"name":"wp","href":"https:\/\/api.w.org\/{rel}","templated":true}]}}