{"id":7478,"date":"2012-12-01T12:20:30","date_gmt":"2012-12-01T15:20:30","guid":{"rendered":"http:\/\/www.24baires.com\/?p=7478"},"modified":"2012-12-01T12:20:30","modified_gmt":"2012-12-01T15:20:30","slug":"realizan-marcha-para-quitar-la-figura-de-roca-de-monumentos-y-paseos-publicos","status":"publish","type":"post","link":"https:\/\/www.24baires.com\/?p=7478","title":{"rendered":"Realizan marcha para quitar la figura de Roca de monumentos y paseos p\u00fablicos"},"content":{"rendered":"<p>Integrantes de pueblos originarios iniciaron en el partido bonaerense de Quilmes una movilizaci\u00f3n que busca quitar la figura del ex presidente Roca de monumentos y paseos p\u00fablicos.<!--more--><br \/>\nDe la movilizaci\u00f3n participan tambi\u00e9n integrantes de la Central de Trabajadores Argentinos (CTA), del Suteba y el historiador y periodista Osvaldo Bayer.<br \/>\nLa marcha parti\u00f3 hoy de la Plaza San Mart\u00edn, en el partido bonaerense de Quilmes, pasadas las 8.30, donde se realiz\u00f3 una ceremonia de \u00absaludo al Sol\u00bb antes de la salida.<br \/>\nLa marcha continu\u00f3 bordeando las v\u00edas del tren, por la estaciones ferroviarias de Bernal, Don Bosco y Wilde, en el partido de Avellaneda, para seguir por el Parque Presidente Sarmiento, en Villa Dom\u00ednico, y la Plaza Alsina.<br \/>\nEl objetivo es llegar a las 17 al monumento a Roca, ubicado en Diagonal Sur y Per\u00fa, de la Ciudad de Buenos Aires.<\/p>\n","protected":false},"excerpt":{"rendered":"<p>Integrantes de pueblos originarios iniciaron en el partido bonaerense de Quilmes una movilizaci\u00f3n que busca quitar la figura del ex presidente Roca de monumentos y paseos p\u00fablicos.<\/p>\n","protected":false},"author":4,"featured_media":0,"comment_status":"open","ping_status":"open","sticky":false,"template":"","format":"standard","meta":{"_jetpack_newsletter_access":"","_jetpack_dont_email_post_to_subs":false,"_jetpack_newsletter_tier_id":0,"_jetpack_memberships_contains_paywalled_content":false,"_jetpack_memberships_contains_paid_content":false,"footnotes":""},"categories":[1],"tags":[],"class_list":["post-7478","post","type-post","status-publish","format-standard","hentry","category-sociedad"],"jetpack_featured_media_url":"","jetpack_shortlink":"https:\/\/wp.me\/p2JWE0-1WC","jetpack-related-posts":[{"id":19198,"url":"https:\/\/www.24baires.com\/?p=19198","url_meta":{"origin":7478,"position":0},"title":"Vigilias, marchas y actos en todo el pa\u00eds repudiando los 37 a\u00f1os del golpe c\u00edvico-militar","author":"Grupo Sierra","date":"24\/03\/2013","format":false,"excerpt":"Organizaciones de derechos humanos, sociales, gremiales, estudiantiles, pol\u00edticas y barriales realizar\u00e1n marchas y distintas actividades para recordar el 37\u00ba aniversario del golpe c\u00edvico-militar, al conmemorarse el D\u00eda de la Memoria, la Verdad y la Justicia. En la Capital Federal, Abuelas de Plaza de Mayo, la L\u00ednea Fundadora de Madres de\u2026","rel":"","context":"En \u00abMemoria\u00bb","block_context":{"text":"Memoria","link":"https:\/\/www.24baires.com\/?cat=50"},"img":{"alt_text":"desaparecidos","src":"https:\/\/i0.wp.com\/www.24baires.com\/wp-content\/uploads\/2012\/11\/desaparecidos.jpg?resize=350%2C200","width":350,"height":200,"srcset":"https:\/\/i0.wp.com\/www.24baires.com\/wp-content\/uploads\/2012\/11\/desaparecidos.jpg?resize=350%2C200 1x, https:\/\/i0.wp.com\/www.24baires.com\/wp-content\/uploads\/2012\/11\/desaparecidos.jpg?resize=525%2C300 1.5x"},"classes":[]},{"id":94950,"url":"https:\/\/www.24baires.com\/?p=94950","url_meta":{"origin":7478,"position":1},"title":"En todo el pa\u00eds, las mujeres salen a la calle a gritar \u00abvivas nos queremos\u00bb","author":"GB","date":"02\/06\/2017","format":false,"excerpt":"A dos a\u00f1os de la primera marcha de #NiUnaMenos, miles de personas se manifestar\u00e1n este s\u00e1bado en las principales plazas de todo el pa\u00eds para reclamar contra la violencia machista. Las movilizaciones estar\u00e1n unificadas por un grito com\u00fan: \"\u00a1Vivas y libres nos queremos!\". Porque en lo que va del a\u00f1o\u2026","rel":"","context":"En \u00abSociedad\u00bb","block_context":{"text":"Sociedad","link":"https:\/\/www.24baires.com\/?cat=1"},"img":{"alt_text":"","src":"https:\/\/i0.wp.com\/www.24baires.com\/wp-content\/uploads\/2017\/06\/vivas-nos-queremos.jpg?resize=350%2C200","width":350,"height":200,"srcset":"https:\/\/i0.wp.com\/www.24baires.com\/wp-content\/uploads\/2017\/06\/vivas-nos-queremos.jpg?resize=350%2C200 1x, https:\/\/i0.wp.com\/www.24baires.com\/wp-content\/uploads\/2017\/06\/vivas-nos-queremos.jpg?resize=525%2C300 1.5x"},"classes":[]},{"id":122354,"url":"https:\/\/www.24baires.com\/?p=122354","url_meta":{"origin":7478,"position":2},"title":"Kicillof se re\u00fane con intendentes bonaerenses y convoca a marcha por Cristina a Comodoro Py","author":"GB","date":"17\/06\/2025","format":false,"excerpt":"Apremiado por la coyuntura, que le quit\u00f3 protagonismo dentro del \u00e1mbito electoral, el Gobernador intenta retomar su agenda de campa\u00f1a. Este martes, en La Plata, recibir\u00e1 a jefes municipales afines. Adem\u00e1s, sali\u00f3 a respaldar la movilizaci\u00f3n por la ex Presidenta tras el fallo de la Corte Suprema. Axel Kicillof recibir\u00e1\u2026","rel":"","context":"En \u00abProvincia\u00bb","block_context":{"text":"Provincia","link":"https:\/\/www.24baires.com\/?cat=40"},"img":{"alt_text":"","src":"https:\/\/i0.wp.com\/www.24baires.com\/wp-content\/uploads\/2025\/06\/kici-campana.jpeg?resize=350%2C200","width":350,"height":200,"srcset":"https:\/\/i0.wp.com\/www.24baires.com\/wp-content\/uploads\/2025\/06\/kici-campana.jpeg?resize=350%2C200 1x, https:\/\/i0.wp.com\/www.24baires.com\/wp-content\/uploads\/2025\/06\/kici-campana.jpeg?resize=525%2C300 1.5x, https:\/\/i0.wp.com\/www.24baires.com\/wp-content\/uploads\/2025\/06\/kici-campana.jpeg?resize=700%2C400 2x"},"classes":[]},{"id":106536,"url":"https:\/\/www.24baires.com\/?p=106536","url_meta":{"origin":7478,"position":3},"title":"Mar del Plata march\u00f3 contra el tarifazo","author":"AF","date":"24\/01\/2019","format":false,"excerpt":"Las dos CTA, el Frente Sindical para el Modelo Nacional, la Multisectorial 21F y organizaciones de consumidores realizaron la edici\u00f3n balnearia de la movilizaci\u00f3n contra la suba de los servicios. Detr\u00e1s de una bandera con la consigna \"No a los tarifazos\" avanz\u00f3 por el centro de Mar del Plata la\u2026","rel":"","context":"En \u00abSociedad\u00bb","block_context":{"text":"Sociedad","link":"https:\/\/www.24baires.com\/?cat=1"},"img":{"alt_text":"","src":"https:\/\/i0.wp.com\/www.24baires.com\/wp-content\/uploads\/2019\/01\/tarifazo-mar-del-plata.jpg?resize=350%2C200","width":350,"height":200,"srcset":"https:\/\/i0.wp.com\/www.24baires.com\/wp-content\/uploads\/2019\/01\/tarifazo-mar-del-plata.jpg?resize=350%2C200 1x, https:\/\/i0.wp.com\/www.24baires.com\/wp-content\/uploads\/2019\/01\/tarifazo-mar-del-plata.jpg?resize=525%2C300 1.5x"},"classes":[]},{"id":42662,"url":"https:\/\/www.24baires.com\/?p=42662","url_meta":{"origin":7478,"position":4},"title":"A partir de las 12, actos por el D\u00eda de la Memoria en todo el pa\u00eds","author":"Grupo Sierra","date":"24\/03\/2014","format":false,"excerpt":"Organismos de Derechos Humanos marchar\u00e1n desde Avenida 9 de Julio y Avenida de Mayo hacia la Plaza de Mayo, donde leer\u00e1n un documento bajo la consigna \"Democracia o Coorporaciones\". A las 18 se llevar\u00e1 a cabo el acto oficial por los diez a\u00f1os de la recuperaci\u00f3n del predio de la\u2026","rel":"","context":"En \u00abMemoria\u00bb","block_context":{"text":"Memoria","link":"https:\/\/www.24baires.com\/?cat=50"},"img":{"alt_text":"memoria verdad justicia","src":"https:\/\/i0.wp.com\/www.24baires.com\/wp-content\/uploads\/2013\/01\/memoria-verdad-justicia.jpg?resize=350%2C200","width":350,"height":200,"srcset":"https:\/\/i0.wp.com\/www.24baires.com\/wp-content\/uploads\/2013\/01\/memoria-verdad-justicia.jpg?resize=350%2C200 1x, https:\/\/i0.wp.com\/www.24baires.com\/wp-content\/uploads\/2013\/01\/memoria-verdad-justicia.jpg?resize=525%2C300 1.5x"},"classes":[]},{"id":42210,"url":"https:\/\/www.24baires.com\/?p=42210","url_meta":{"origin":7478,"position":5},"title":"Lanzan una convocatoria a artistas pl\u00e1sticos para crear un monumento a Per\u00f3n","author":"Grupo Sierra","date":"15\/03\/2014","format":false,"excerpt":"Este lunes se realizar\u00e1 el acto de apertura del Concurso P\u00fablico de Antecedentes y Proyectos para erigir un Monumento a la Memoria del ex presidente. El emplazamiento del monumento a la memoria del tres veces presidente constitucional de la Argentina, que ser\u00e1 colocado en la plaza Agust\u00edn P. Justo, ubicada\u2026","rel":"","context":"En \u00abCultura\u00bb","block_context":{"text":"Cultura","link":"https:\/\/www.24baires.com\/?cat=66"},"img":{"alt_text":"per\u00f3n","src":"https:\/\/i0.wp.com\/www.24baires.com\/wp-content\/uploads\/2014\/03\/per%C3%B3n.jpg?resize=350%2C200","width":350,"height":200},"classes":[]}],"jetpack_sharing_enabled":true,"jetpack_likes_enabled":true,"_links":{"self":[{"href":"https:\/\/www.24baires.com\/index.php?rest_route=\/wp\/v2\/posts\/7478","targetHints":{"allow":["GET"]}}],"collection":[{"href":"https:\/\/www.24baires.com\/index.php?rest_route=\/wp\/v2\/posts"}],"about":[{"href":"https:\/\/www.24baires.com\/index.php?rest_route=\/wp\/v2\/types\/post"}],"author":[{"embeddable":true,"href":"https:\/\/www.24baires.com\/index.php?rest_route=\/wp\/v2\/users\/4"}],"replies":[{"embeddable":true,"href":"https:\/\/www.24baires.com\/index.php?rest_route=%2Fwp%2Fv2%2Fcomments&post=7478"}],"version-history":[{"count":2,"href":"https:\/\/www.24baires.com\/index.php?rest_route=\/wp\/v2\/posts\/7478\/revisions"}],"predecessor-version":[{"id":7480,"href":"https:\/\/www.24baires.com\/index.php?rest_route=\/wp\/v2\/posts\/7478\/revisions\/7480"}],"wp:attachment":[{"href":"https:\/\/www.24baires.com\/index.php?rest_route=%2Fwp%2Fv2%2Fmedia&parent=7478"}],"wp:term":[{"taxonomy":"category","embeddable":true,"href":"https:\/\/www.24baires.com\/index.php?rest_route=%2Fwp%2Fv2%2Fcategories&post=7478"},{"taxonomy":"post_tag","embeddable":true,"href":"https:\/\/www.24baires.com\/index.php?rest_route=%2Fwp%2Fv2%2Ftags&post=7478"}],"curies":[{"name":"wp","href":"https:\/\/api.w.org\/{rel}","templated":true}]}}