{"id":7453,"date":"2012-12-01T15:33:45","date_gmt":"2012-12-01T18:33:45","guid":{"rendered":"http:\/\/www.24baires.com\/?p=7453"},"modified":"2012-12-01T12:12:15","modified_gmt":"2012-12-01T15:12:15","slug":"crearon-en-el-senado-bonaerense-la-comision-especial-banca-de-la-mujer","status":"publish","type":"post","link":"https:\/\/www.24baires.com\/?p=7453","title":{"rendered":"Crearon en el Senado bonaerense la \u00abComisi\u00f3n Especial Banca de la Mujer\u00bb"},"content":{"rendered":"<p><img data-recalc-dims=\"1\" loading=\"lazy\" decoding=\"async\" class=\"alignleft size-full wp-image-7454\" title=\"segovia patricia\" src=\"https:\/\/i0.wp.com\/www.24baires.com\/wp-content\/uploads\/2012\/12\/segovia-patricia.png?resize=250%2C175\" alt=\"\" width=\"250\" height=\"175\" \/>El Senado bonaerense aprob\u00f3 la creaci\u00f3n de una \u201cComisi\u00f3n Especial Banca de la Mujer\u201d a partir de una iniciativa impulsada por la senadora oficialista Patricia Segovia que intentar\u00e1, entre otros aspectos, promover medidas que garanticen la promoci\u00f3n y protecci\u00f3n de derechos de las mujeres en todos los \u00e1mbitos.<!--more--><\/p>\n<p>La Banca de la Mujer tendr\u00e1 por objetivos el asesoramiento, la consulta, el control, propuesta y monitoreo de las leyes relacionadas con la ampliaci\u00f3n, promoci\u00f3n y protecci\u00f3n de derechos de las mujeres, estar\u00e1 integrada por todas las senadoras de la provincia de Buenos Aires y, anualmente elegir\u00e1 una presidenta, una vicepresidenta y una secretaria que podr\u00e1n ser reelectas.<\/p>\n<p>Segovia explic\u00f3 que uno de los principales puntos de su proyecto es el de \u201cpromover medidas de acci\u00f3n positiva que garanticen la ampliaci\u00f3n, promoci\u00f3n y protecci\u00f3n de derechos de las mujeres en los \u00e1mbitos familiar, pol\u00edtico, econ\u00f3mico y social; y el cumplimiento de los derechos reconocidos por la Constituci\u00f3n , la legislaci\u00f3n vigente, las convenciones y los Tratados Internacionales referidos a los derechos de las mujeres ratificados por nuestro pa\u00eds\u201d.<\/p>\n<p>\u201cSe buscar\u00e1 elaborar una Agenda Parlamentaria que promueva iniciativas relacionadas con una democracia paritaria cuyo fin es lograr la igualdad en el ejercicio del poder, en la toma de decisiones, en los mecanismos de participaci\u00f3n social y pol\u00edtica, en el \u00e1mbito familiar como tambi\u00e9n mejorar el tratamiento de la igualdad y equidad de g\u00e9nero en los medios de comunicaci\u00f3n\u201d agreg\u00f3 la legisladora.<\/p>\n<p>Por \u00faltimo Segovia precis\u00f3 que \u201cla Banca de la Mujer debe constituirse en espacio de encuentro para la discusi\u00f3n de estos temas, donde participen especialistas, acad\u00e9micos y miembros de las organizaciones preocupadas por la problem\u00e1tica y constituirse en un observatorio de ejercicio de ciudadan\u00eda plena de las mujeres y de los derechos humanos respecto de la participaci\u00f3n social y pol\u00edtica y en el desarrollo econ\u00f3mico, y as\u00ed develar las m\u00faltiples facetas en las cuales las mujeres se encuentran en situaciones de desigualdad, de desprotecci\u00f3n y de constante violencia efectiva o latente\u201d.<\/p>\n","protected":false},"excerpt":{"rendered":"<p>El Senado bonaerense aprob\u00f3 la creaci\u00f3n de una \u201cComisi\u00f3n Especial Banca de la Mujer\u201d a partir de una iniciativa impulsada por la senadora oficialista Patricia Segovia que intentar\u00e1, entre otros aspectos, promover medidas que garanticen la promoci\u00f3n y protecci\u00f3n de derechos de las mujeres en todos los \u00e1mbitos.<\/p>\n","protected":false},"author":4,"featured_media":0,"comment_status":"open","ping_status":"open","sticky":false,"template":"","format":"standard","meta":{"_jetpack_newsletter_access":"","_jetpack_dont_email_post_to_subs":false,"_jetpack_newsletter_tier_id":0,"_jetpack_memberships_contains_paywalled_content":false,"_jetpack_memberships_contains_paid_content":false,"footnotes":""},"categories":[1],"tags":[],"class_list":["post-7453","post","type-post","status-publish","format-standard","hentry","category-sociedad"],"jetpack_featured_media_url":"","jetpack_shortlink":"https:\/\/wp.me\/p2JWE0-1Wd","jetpack-related-posts":[{"id":121834,"url":"https:\/\/www.24baires.com\/?p=121834","url_meta":{"origin":7453,"position":0},"title":"El Senado aprob\u00f3 el RIGI bonaerense y modific\u00f3 la ley de jubilatoria de los trabajadores del BAPRO","author":"GB","date":"15\/11\/2024","format":false,"excerpt":"El Senado bonaerense aprob\u00f3 dos proyectos clave de Kicillof, con el apoyo de los libertarios dialoguistas: La reforma jubilatoria y el r\u00e9gimen de fomento a inversiones estrat\u00e9gicas. Este martes, el Senado de la Provincia de Buenos Aires aprob\u00f3 en sesi\u00f3n especial dos importantes proyectos impulsados por el gobernador Axel Kicillof:\u2026","rel":"","context":"En \u00abProvincia\u00bb","block_context":{"text":"Provincia","link":"https:\/\/www.24baires.com\/?cat=40"},"img":{"alt_text":"","src":"https:\/\/i0.wp.com\/www.24baires.com\/wp-content\/uploads\/2014\/08\/senado-bonaerense.jpg?resize=350%2C200","width":350,"height":200,"srcset":"https:\/\/i0.wp.com\/www.24baires.com\/wp-content\/uploads\/2014\/08\/senado-bonaerense.jpg?resize=350%2C200 1x, https:\/\/i0.wp.com\/www.24baires.com\/wp-content\/uploads\/2014\/08\/senado-bonaerense.jpg?resize=525%2C300 1.5x, https:\/\/i0.wp.com\/www.24baires.com\/wp-content\/uploads\/2014\/08\/senado-bonaerense.jpg?resize=700%2C400 2x"},"classes":[]},{"id":116875,"url":"https:\/\/www.24baires.com\/?p=116875","url_meta":{"origin":7453,"position":1},"title":"El Senado comienza el tratamiento en comisi\u00f3n del proyecto de legalizaci\u00f3n del aborto","author":"GB","date":"14\/12\/2020","format":false,"excerpt":"El Senado comenzar\u00e1 hoy el tratamiento en comisi\u00f3n del proyecto de Ley de Interrupci\u00f3n Voluntaria del Embarazo (IVE), aprobado el viernes por la C\u00e1mara de Diputados, con la intenci\u00f3n que la firma del dictamen sea en los pr\u00f3ximos d\u00edas y que pueda ser tratado en el recinto el pr\u00f3ximo 29,\u2026","rel":"","context":"En \u00abPol\u00edtica\u00bb","block_context":{"text":"Pol\u00edtica","link":"https:\/\/www.24baires.com\/?cat=51"},"img":{"alt_text":"","src":"https:\/\/i0.wp.com\/www.24baires.com\/wp-content\/uploads\/2020\/06\/senado.jpg?resize=350%2C200","width":350,"height":200,"srcset":"https:\/\/i0.wp.com\/www.24baires.com\/wp-content\/uploads\/2020\/06\/senado.jpg?resize=350%2C200 1x, https:\/\/i0.wp.com\/www.24baires.com\/wp-content\/uploads\/2020\/06\/senado.jpg?resize=525%2C300 1.5x"},"classes":[]},{"id":121825,"url":"https:\/\/www.24baires.com\/?p=121825","url_meta":{"origin":7453,"position":2},"title":"Avanza en el Senado la reforma jubilatoria del Bapro","author":"GB","date":"12\/11\/2024","format":false,"excerpt":"Gracias a lamayor\u00eda de Uni\u00f3n por la Patria, Presupuesto e Impuestos dio luz verde al proyecto de reforma jubilatoria del Bapro impulsado por Axel Kicillof. La comisi\u00f3n de Presupuesto e Impuestos del Senado bonaerense dio dictamen favorable al proyecto de reforma jubilatoria para los empleados del Banco Provincia, impulsado por\u2026","rel":"","context":"En \u00abProvincia\u00bb","block_context":{"text":"Provincia","link":"https:\/\/www.24baires.com\/?cat=40"},"img":{"alt_text":"","src":"https:\/\/i0.wp.com\/www.24baires.com\/wp-content\/uploads\/2024\/11\/jubilacion-bapro.webp?resize=350%2C200","width":350,"height":200,"srcset":"https:\/\/i0.wp.com\/www.24baires.com\/wp-content\/uploads\/2024\/11\/jubilacion-bapro.webp?resize=350%2C200 1x, https:\/\/i0.wp.com\/www.24baires.com\/wp-content\/uploads\/2024\/11\/jubilacion-bapro.webp?resize=525%2C300 1.5x, https:\/\/i0.wp.com\/www.24baires.com\/wp-content\/uploads\/2024\/11\/jubilacion-bapro.webp?resize=700%2C400 2x"},"classes":[]},{"id":24234,"url":"https:\/\/www.24baires.com\/?p=24234","url_meta":{"origin":7453,"position":3},"title":"Aprueban Proyecto de Ley que ampl\u00eda los derechos de las mujeres embarazadas","author":"Grupo Sierra","date":"23\/05\/2013","format":false,"excerpt":"El\u00a0 Senado de la Provincia de Buenos Aires aprob\u00f3 un Proyecto de Ley, presentado por la Senadora del Bloque FpV-PJ Diana Larraburu acompa\u00f1ado por su par de bancada Patricia Segovia, donde se establece, en el \u00e1mbito de la Provincia, derechos de las mujeres en relaci\u00f3n con el embarazo; incluy\u00e9ndose en\u2026","rel":"","context":"En \u00abProvincia\u00bb","block_context":{"text":"Provincia","link":"https:\/\/www.24baires.com\/?cat=40"},"img":{"alt_text":"larraburu diana senadora 2","src":"https:\/\/i0.wp.com\/www.24baires.com\/wp-content\/uploads\/2013\/05\/larraburu-diana-senadora-2.jpg?resize=350%2C200","width":350,"height":200,"srcset":"https:\/\/i0.wp.com\/www.24baires.com\/wp-content\/uploads\/2013\/05\/larraburu-diana-senadora-2.jpg?resize=350%2C200 1x, https:\/\/i0.wp.com\/www.24baires.com\/wp-content\/uploads\/2013\/05\/larraburu-diana-senadora-2.jpg?resize=525%2C300 1.5x"},"classes":[]},{"id":45746,"url":"https:\/\/www.24baires.com\/?p=45746","url_meta":{"origin":7453,"position":4},"title":"Desde el Senado repudian discriminaci\u00f3n a dos chicas que quer\u00edan besarse","author":"Grupo Sierra","date":"11\/05\/2014","format":false,"excerpt":"El proyecto que fue impulsado por el senador Luciano Martini manifest\u00f3 el \"total apoyo del Senado bonaerense a la libertad de expresi\u00f3n y a la profundizaci\u00f3n de los derechos en materia de g\u00e9nero, de identidad y diversidad sexual, que las j\u00f3venes Agustina Pierres y Bel\u00e9n Zarranz est\u00e1n llevando adelante\". El\u2026","rel":"","context":"En \u00abGeneral\u00bb","block_context":{"text":"General","link":"https:\/\/www.24baires.com\/?cat=67"},"img":{"alt_text":"marcha_gay101112_10_76457","src":"https:\/\/i0.wp.com\/www.24baires.com\/wp-content\/uploads\/2012\/11\/marcha_gay101112_10_76457.jpg?resize=350%2C200","width":350,"height":200,"srcset":"https:\/\/i0.wp.com\/www.24baires.com\/wp-content\/uploads\/2012\/11\/marcha_gay101112_10_76457.jpg?resize=350%2C200 1x, https:\/\/i0.wp.com\/www.24baires.com\/wp-content\/uploads\/2012\/11\/marcha_gay101112_10_76457.jpg?resize=525%2C300 1.5x"},"classes":[]},{"id":116861,"url":"https:\/\/www.24baires.com\/?p=116861","url_meta":{"origin":7453,"position":5},"title":"El Senado aprob\u00f3 cambios en la movilidad jubilatoria","author":"GB","date":"11\/12\/2020","format":false,"excerpt":"El Senado de la Naci\u00f3n aprob\u00f3 el jueves y gir\u00f3 a Diputados el proyecto que modifica la ley de movilidad jubilatoria. El mismo establece cuatro aumentos anuales para el sector pasivo, uno de cada tres meses, con un \u00edndice basado en la suba de la recaudaci\u00f3n de la Anses y\u2026","rel":"","context":"En \u00abPol\u00edtica\u00bb","block_context":{"text":"Pol\u00edtica","link":"https:\/\/www.24baires.com\/?cat=51"},"img":{"alt_text":"","src":"https:\/\/i0.wp.com\/www.24baires.com\/wp-content\/uploads\/2020\/06\/cafiero-senado.jpg?resize=350%2C200","width":350,"height":200,"srcset":"https:\/\/i0.wp.com\/www.24baires.com\/wp-content\/uploads\/2020\/06\/cafiero-senado.jpg?resize=350%2C200 1x, https:\/\/i0.wp.com\/www.24baires.com\/wp-content\/uploads\/2020\/06\/cafiero-senado.jpg?resize=525%2C300 1.5x"},"classes":[]}],"jetpack_sharing_enabled":true,"jetpack_likes_enabled":true,"_links":{"self":[{"href":"https:\/\/www.24baires.com\/index.php?rest_route=\/wp\/v2\/posts\/7453","targetHints":{"allow":["GET"]}}],"collection":[{"href":"https:\/\/www.24baires.com\/index.php?rest_route=\/wp\/v2\/posts"}],"about":[{"href":"https:\/\/www.24baires.com\/index.php?rest_route=\/wp\/v2\/types\/post"}],"author":[{"embeddable":true,"href":"https:\/\/www.24baires.com\/index.php?rest_route=\/wp\/v2\/users\/4"}],"replies":[{"embeddable":true,"href":"https:\/\/www.24baires.com\/index.php?rest_route=%2Fwp%2Fv2%2Fcomments&post=7453"}],"version-history":[{"count":3,"href":"https:\/\/www.24baires.com\/index.php?rest_route=\/wp\/v2\/posts\/7453\/revisions"}],"predecessor-version":[{"id":7456,"href":"https:\/\/www.24baires.com\/index.php?rest_route=\/wp\/v2\/posts\/7453\/revisions\/7456"}],"wp:attachment":[{"href":"https:\/\/www.24baires.com\/index.php?rest_route=%2Fwp%2Fv2%2Fmedia&parent=7453"}],"wp:term":[{"taxonomy":"category","embeddable":true,"href":"https:\/\/www.24baires.com\/index.php?rest_route=%2Fwp%2Fv2%2Fcategories&post=7453"},{"taxonomy":"post_tag","embeddable":true,"href":"https:\/\/www.24baires.com\/index.php?rest_route=%2Fwp%2Fv2%2Ftags&post=7453"}],"curies":[{"name":"wp","href":"https:\/\/api.w.org\/{rel}","templated":true}]}}