{"id":74421,"date":"2015-10-30T20:30:24","date_gmt":"2015-10-30T23:30:24","guid":{"rendered":"http:\/\/www.24baires.com\/?p=74421"},"modified":"2015-10-30T20:44:21","modified_gmt":"2015-10-30T23:44:21","slug":"cambiamos","status":"publish","type":"post","link":"https:\/\/www.24baires.com\/?p=74421","title":{"rendered":"Cambiamos"},"content":{"rendered":"<p><img data-recalc-dims=\"1\" loading=\"lazy\" decoding=\"async\" class=\"aligncenter size-full wp-image-71912\" src=\"https:\/\/i0.wp.com\/www.24baires.com\/wp-content\/uploads\/2015\/09\/arroyo.jpg?resize=560%2C341\" alt=\"arroyo\" width=\"560\" height=\"341\" srcset=\"https:\/\/i0.wp.com\/www.24baires.com\/wp-content\/uploads\/2015\/09\/arroyo.jpg?w=560&amp;ssl=1 560w, https:\/\/i0.wp.com\/www.24baires.com\/wp-content\/uploads\/2015\/09\/arroyo.jpg?resize=300%2C183&amp;ssl=1 300w\" sizes=\"auto, (max-width: 560px) 100vw, 560px\" \/>Ten\u00eda muchas cosas pensadas, cocinadas despacito en el caldo de los pensamientos que se han ido sucediendo desde el domingo a la noche. Hab\u00eda imaginado varios comienzos para esta nota, pero despu\u00e9s le\u00ed por ah\u00ed que el Intendente electo del Partido de General Pueyrredon, Carlos Fernando Arroyo, piensa ceder los nuevos Polideportivos barriales a clubes. Y en este anuncio privatizador se refleja el futuro inmediato del que habl\u00e1bamos quienes no lo votamos.<br \/>\nLos polideportivos son, a mi entender, uno de los mejores logros de la gesti\u00f3n de Pulti. <!--more--><\/p>\n<p>M\u00e1s all\u00e1 de la realizaci\u00f3n de obras esperadas y necesitadas por largo tiempo, como la Ferroautomotora o el Emisario Submarino, el valor de estos espacios para el deporte, la cultura y la sociabilidad, representan un salto cualitativo muy importante en el largo camino de la inclusi\u00f3n. Y son (ser\u00e1n, hasta que asuma Arroyo) gratuitos y p\u00fablicos. Al manifestar su idea de cederlos a clubes, el futuro intendente pone en manifiesto varias cosas: el estado abdica su rol de contenedor social en esos barrios donde miles de marplatenses se vieron beneficiados y cede esos espacios a clubes que, para administrarlos, deber\u00e1n arancelar las actividades que all\u00ed se desarrollan. Porque administrar no es lo mismo que gestionar.<br \/>\nQuiz\u00e1 Arroyo y su equipo en conformaci\u00f3n no sepa qu\u00e9 hacer con esos espacios inclusivos que est\u00e1n estrat\u00e9gicamente ubicados en barrios perif\u00e9ricos de la ciudad. Quiz\u00e1 lo ten\u00eda pensado desde antes, pero es imposible saberlo puesto que su plan era \u201csecreto\u201d para que no se lo roben. Quiz\u00e1 mucha de la gente que lo vot\u00f3 actualmente concurre a los polideportivos y los disfruta y los apropia y los convierte en derecho, que era la idea original, y \u00e9l crea que as\u00ed legitima su accionar.<br \/>\nTambi\u00e9n anunci\u00f3 la creaci\u00f3n de una especie de super ente donde deportes, turismo y cultura perder\u00e1n su actual nivel de entes descentralizados, los dos primeros, y de secretar\u00eda, la \u00faltima. Subsumirlos en un solo espacio administrativo es deteriorar de manera sustancial las capacidades operativas que poseen en la actualidad. Centralizar, concentrar, achicar, no es necesariamente sumergirse de cabeza en la austeridad anunciada, sino darse de frente con el muro del ajuste. Ajustar en cultura y deporte, excluye. Y ajustar en turismo en una ciudad tur\u00edstica, es miope.<br \/>\nDe la misma manera que anunciar que miles de empleados municipales pueden perder sus puestos. Esto, adem\u00e1s de rozar la persecuci\u00f3n laboral, y aunque est\u00e9 bien visto por muchas personas, es dejar sin trabajo a centenares de familias marplatenses, y eso nunca puede ser bueno. Es otra forma de ajustar, sin decirlo con las palabras que corresponden. Porque hay otras formas de achicar la planta de empleados estatales: la variable vegetativa (renuncias, fallecimientos, jubilaciones) la har\u00eda decrecer, si no se nombra gente nueva. No hace falta andar asustando a los trabajadores con que pueden perder sus fuentes de ingreso.<br \/>\nPero eso nos ha dejado en primera instancia el triunfo de Arroyo. Un gabinete que se va armando a los manotazos, llamando a ajenos porque no hay propios. La difusi\u00f3n del miedo y desvalorizar \u00e1reas que han crecido en pos del beneficio de los sectores m\u00e1s postergados de la sociedad, como variable de ajuste.<br \/>\n\u201cEn nombre de Dios, vamos a destruirlos\u201d, dijo Arroyo en campa\u00f1a. Parece que su dios propagador de un odio visceral, le ha recomendado destruir algunos de los logros m\u00e1s importantes de la gesti\u00f3n saliente, logros que sumaron, que mejoraron la calidad de vida de nuestra comunidad, como la Orquesta Infanto Juvenil, los cientos de talleres culturales barriales, el acceso p\u00fablico y gratuito a los nuevos polideportivos, que ver\u00e1n afectada su continuidad al desaparecer la Secretaria de Cultura y el Ente Municipal de Deportes.<br \/>\nPero, ya que le gusta infundir temor, tambi\u00e9n da p\u00e1nico pensar qu\u00e9 har\u00e1 con la Polic\u00eda Local, ya que en sus manos, esta herramienta preventiva, formada con fuerte impronta de Derechos Humanos, va a desvirtuarse. Y de eso aun no dijo casi nada. Quiz\u00e1 todav\u00eda no sepa muy bien qu\u00e9 hacer, quiz\u00e1 lo que ten\u00eda en mente en campa\u00f1a no se pod\u00eda decir y era otro \u201csecreto\u201d, pero esta polic\u00eda, que puede ser una herramienta represiva, como todo cuerpo policial, en manos de alguien que ha dicho a sus alumnos que a los chorros hay que meterles un balazo en la nuca, seguramente sufrir\u00e1 severos cambios y estar\u00e1 a disposici\u00f3n de otros intereses.<br \/>\nQue el miedo venga de la mano de la acci\u00f3n, si as\u00ed sucede.<\/p>\n","protected":false},"excerpt":{"rendered":"<p>Ten\u00eda muchas cosas pensadas, cocinadas despacito en el caldo de los pensamientos que se han ido sucediendo desde el domingo a la noche. Hab\u00eda imaginado varios comienzos para esta nota, pero despu\u00e9s le\u00ed por ah\u00ed que el Intendente electo del Partido de General Pueyrredon, Carlos Fernando Arroyo, piensa ceder los nuevos Polideportivos barriales a clubes. Y en este anuncio privatizador [&#8230;]<\/p>\n","protected":false},"author":8,"featured_media":0,"comment_status":"open","ping_status":"open","sticky":false,"template":"","format":"standard","meta":{"_jetpack_newsletter_access":"","_jetpack_dont_email_post_to_subs":false,"_jetpack_newsletter_tier_id":0,"_jetpack_memberships_contains_paywalled_content":false,"_jetpack_memberships_contains_paid_content":false,"footnotes":""},"categories":[64],"tags":[],"class_list":["post-74421","post","type-post","status-publish","format-standard","hentry","category-opinion"],"jetpack_featured_media_url":"","jetpack_shortlink":"https:\/\/wp.me\/p2JWE0-jml","jetpack-related-posts":[{"id":106074,"url":"https:\/\/www.24baires.com\/?p=106074","url_meta":{"origin":74421,"position":0},"title":"Denuncian que est\u00e1 el dinero para los polideportivos \u201cpero no pasa nada\u201d","author":"GB","date":"22\/12\/2018","format":false,"excerpt":"MAR DEL PLATA-El concejal Guillermo Volponi asegur\u00f3 que a mediados de 2017, el municipio recibi\u00f3 el dinero y responsabiliz\u00f3 al intendente. \"Es el principal responsable\", dijo. Los polideportivos de los barrios Centenario y Camet todav\u00eda no est\u00e1n terminados. A pesar de los reclamos de vecinos de los barrios que los\u2026","rel":"","context":"En \u00abMunicipios\u00bb","block_context":{"text":"Municipios","link":"https:\/\/www.24baires.com\/?cat=44"},"img":{"alt_text":"","src":"https:\/\/i0.wp.com\/www.24baires.com\/wp-content\/uploads\/2018\/12\/poli-mdp.jpg?resize=350%2C200","width":350,"height":200,"srcset":"https:\/\/i0.wp.com\/www.24baires.com\/wp-content\/uploads\/2018\/12\/poli-mdp.jpg?resize=350%2C200 1x, https:\/\/i0.wp.com\/www.24baires.com\/wp-content\/uploads\/2018\/12\/poli-mdp.jpg?resize=525%2C300 1.5x"},"classes":[]},{"id":101306,"url":"https:\/\/www.24baires.com\/?p=101306","url_meta":{"origin":74421,"position":1},"title":"\u00abEstamos gestionando fondos para terminar los polideportivos\u00bb, dijo Arroyo","author":"GB","date":"27\/03\/2018","format":false,"excerpt":"MAR DEL PLATA-En la presentaci\u00f3n anual del Emder, el intendente sostuvo que es una de las prioridades del municipio. Adem\u00e1s, se anunci\u00f3 que el natatorio ser\u00e1 renovado con una inversi\u00f3n de 7 millones de pesos El intendente Carlos Arroyo particip\u00f3 de la presentaci\u00f3n anual del Emder y se\u00f1al\u00f3 que el\u2026","rel":"","context":"En \u00abMunicipios\u00bb","block_context":{"text":"Municipios","link":"https:\/\/www.24baires.com\/?cat=44"},"img":{"alt_text":"","src":"https:\/\/i0.wp.com\/www.24baires.com\/wp-content\/uploads\/2017\/09\/arroyo.jpg?resize=350%2C200","width":350,"height":200,"srcset":"https:\/\/i0.wp.com\/www.24baires.com\/wp-content\/uploads\/2017\/09\/arroyo.jpg?resize=350%2C200 1x, https:\/\/i0.wp.com\/www.24baires.com\/wp-content\/uploads\/2017\/09\/arroyo.jpg?resize=525%2C300 1.5x"},"classes":[]},{"id":102537,"url":"https:\/\/www.24baires.com\/?p=102537","url_meta":{"origin":74421,"position":2},"title":"Mar del Plata: el municipio pretende alquilar los gimnasios de los Polideportivos barriales","author":"GB","date":"05\/06\/2018","format":false,"excerpt":"El oficialismo present\u00f3 un proyecto de ordenanza para cobrar $1.100 por hora para los privados que utilicen los espacios. El municipio buscar\u00e1 alquilar los gimnasios de los Polideportivos barriales.De acuerdo al proyecto de ordenanza presentado en el Concejo Deliberante, la intenci\u00f3n del oficialismo es sacar un r\u00e9dito econ\u00f3mico del uso\u2026","rel":"","context":"En \u00abMunicipios\u00bb","block_context":{"text":"Municipios","link":"https:\/\/www.24baires.com\/?cat=44"},"img":{"alt_text":"","src":"https:\/\/i0.wp.com\/www.24baires.com\/wp-content\/uploads\/2018\/06\/polideportivos-mdp.jpg?resize=350%2C200","width":350,"height":200,"srcset":"https:\/\/i0.wp.com\/www.24baires.com\/wp-content\/uploads\/2018\/06\/polideportivos-mdp.jpg?resize=350%2C200 1x, https:\/\/i0.wp.com\/www.24baires.com\/wp-content\/uploads\/2018\/06\/polideportivos-mdp.jpg?resize=525%2C300 1.5x"},"classes":[]},{"id":23762,"url":"https:\/\/www.24baires.com\/?p=23762","url_meta":{"origin":74421,"position":3},"title":"Se re\u00fanen en Pilar por el futuro de los Juegos Bonaerenses","author":"AF","date":"17\/05\/2013","format":false,"excerpt":"Referentes de la secretar\u00eda provincial y funcionarios de los distritos que integran la 1\u00ba Secci\u00f3n Electoral se encontraron para hablar sobre los Juegos \u201cBA\u201d. Precisaron la necesidad de realizar \u201crecortes\u201d en la competencia y refirieron sobre la ausencia de una final en Mar del Plata. Representantes provinciales y municipales del\u2026","rel":"","context":"En \u00abProvincia\u00bb","block_context":{"text":"Provincia","link":"https:\/\/www.24baires.com\/?cat=40"},"img":{"alt_text":"","src":"","width":0,"height":0},"classes":[]},{"id":88261,"url":"https:\/\/www.24baires.com\/?p=88261","url_meta":{"origin":74421,"position":4},"title":"Vidal en Mar del Plata: \u201cEstos Juegos no son de ning\u00fan Gobierno\u201d","author":"GB","date":"03\/10\/2016","format":false,"excerpt":"La gobernadora de Buenos Aires inaugur\u00f3 la fase final de los Juegos Bonaerenses con la presencia de la campeona ol\u00edmpica Paula Pareto La gobernadora de la provincia de Buenos Aires, Mar\u00eda Eugenia Vidal, inaugur\u00f3 la fase final de los Juegos Bonaerenses, que se disputar\u00e1n en la ciudad hasta el viernes,\u2026","rel":"","context":"En \u00abSociedad\u00bb","block_context":{"text":"Sociedad","link":"https:\/\/www.24baires.com\/?cat=1"},"img":{"alt_text":"vidal-arroyo","src":"https:\/\/i0.wp.com\/www.24baires.com\/wp-content\/uploads\/2016\/10\/vidal-arroyo.jpg?resize=350%2C200","width":350,"height":200,"srcset":"https:\/\/i0.wp.com\/www.24baires.com\/wp-content\/uploads\/2016\/10\/vidal-arroyo.jpg?resize=350%2C200 1x, https:\/\/i0.wp.com\/www.24baires.com\/wp-content\/uploads\/2016\/10\/vidal-arroyo.jpg?resize=525%2C300 1.5x"},"classes":[]},{"id":35751,"url":"https:\/\/www.24baires.com\/?p=35751","url_meta":{"origin":74421,"position":5},"title":"Concluy\u00f3 el Enduro Rally en Mar Chiquita","author":"AF","date":"26\/11\/2013","format":false,"excerpt":"Este fin de semana el Enduro Rally Buenos Aires 2013, cerr\u00f3 su competencia anual con una carrera de cuatriciclos, motos y UTV. Con largada desde el Polideportivo Presidente Per\u00f3n, los protagonistas recorrieron un largo camino de 300 kil\u00f3metros y estuvieron alrededor de cinco horas arriba de sus veh\u00edculos, siempre navegando\u2026","rel":"","context":"En \u00abLocales\u00bb","block_context":{"text":"Locales","link":"https:\/\/www.24baires.com\/?cat=38"},"img":{"alt_text":"","src":"","width":0,"height":0},"classes":[]}],"jetpack_sharing_enabled":true,"jetpack_likes_enabled":true,"_links":{"self":[{"href":"https:\/\/www.24baires.com\/index.php?rest_route=\/wp\/v2\/posts\/74421","targetHints":{"allow":["GET"]}}],"collection":[{"href":"https:\/\/www.24baires.com\/index.php?rest_route=\/wp\/v2\/posts"}],"about":[{"href":"https:\/\/www.24baires.com\/index.php?rest_route=\/wp\/v2\/types\/post"}],"author":[{"embeddable":true,"href":"https:\/\/www.24baires.com\/index.php?rest_route=\/wp\/v2\/users\/8"}],"replies":[{"embeddable":true,"href":"https:\/\/www.24baires.com\/index.php?rest_route=%2Fwp%2Fv2%2Fcomments&post=74421"}],"version-history":[{"count":1,"href":"https:\/\/www.24baires.com\/index.php?rest_route=\/wp\/v2\/posts\/74421\/revisions"}],"predecessor-version":[{"id":74422,"href":"https:\/\/www.24baires.com\/index.php?rest_route=\/wp\/v2\/posts\/74421\/revisions\/74422"}],"wp:attachment":[{"href":"https:\/\/www.24baires.com\/index.php?rest_route=%2Fwp%2Fv2%2Fmedia&parent=74421"}],"wp:term":[{"taxonomy":"category","embeddable":true,"href":"https:\/\/www.24baires.com\/index.php?rest_route=%2Fwp%2Fv2%2Fcategories&post=74421"},{"taxonomy":"post_tag","embeddable":true,"href":"https:\/\/www.24baires.com\/index.php?rest_route=%2Fwp%2Fv2%2Ftags&post=74421"}],"curies":[{"name":"wp","href":"https:\/\/api.w.org\/{rel}","templated":true}]}}