{"id":7442,"date":"2012-12-01T10:48:37","date_gmt":"2012-12-01T13:48:37","guid":{"rendered":"http:\/\/www.24baires.com\/?p=7442"},"modified":"2012-12-09T09:57:52","modified_gmt":"2012-12-09T12:57:52","slug":"comienza-nueva-etapa-de-pesaje-de-camiones-en-rutas-bonaerenses","status":"publish","type":"post","link":"https:\/\/www.24baires.com\/?p=7442","title":{"rendered":"Comienza nueva etapa de pesaje de camiones en rutas bonaerenses"},"content":{"rendered":"<p><img data-recalc-dims=\"1\" loading=\"lazy\" decoding=\"async\" class=\"alignleft size-full wp-image-7443\" title=\"pesaje camiones\" src=\"https:\/\/i0.wp.com\/www.24baires.com\/wp-content\/uploads\/2012\/12\/pesaje-camiones.png?resize=250%2C175\" alt=\"\" width=\"250\" height=\"175\" \/>En el marco del Plan Integral de Conservaci\u00f3n y Mantenimiento de las rutas provinciales, el ministro Alejandro Arl\u00eda supervisar\u00e1 la semana pr\u00f3xima la tercera etapa de pesaje de camiones en las rutas de la Provincia, que se llevar\u00e1 a cabo con la misma metodolog\u00eda que en los operativos anteriores.<!--more--><\/p>\n<p>Al respecto, Arl\u00eda explic\u00f3 que \u201csi no hay fiscalizaci\u00f3n un importante porcentaje de los camiones viajan con sobrecarga. En los \u00faltimos controles se ha observado que se comenten menos infracciones, lo que habla de resultados positivos en estos operativos realizados\u00bb, subray\u00f3 el funcionario.<\/p>\n<p>Adem\u00e1s, Arl\u00eda destac\u00f3 que \u201c\u00e9ste es un trabajo \u00fatil en la medida que tiene continuidad, por eso seguimos adelante con la tercera etapa de control de peso que la direcci\u00f3n de Vialidad comenzar\u00e1 la semana pr\u00f3xima\u201d.<\/p>\n<p>Estos controles buscan preservar el estado del asfalto de las rutas y mejorar las condiciones de transitabilidad y seguridad. Los mismos afectan a los veh\u00edculos de 2 a 4 ejes con el objetivo de asegurar que la carga est\u00e9 distribuida en forma adecuada y dentro de los valores permitidos.<\/p>\n<p>En los primeros pesajes se controlaron m\u00e1s de 650 veh\u00edculos y se labraron las actas correspondientes de infracci\u00f3n, cercanas a un diez por ciento.<\/p>\n<p>En esta etapa los controles se har\u00e1n en Brandsen, San Vicente, Villa Elisa, Punta Indio, Ensenada, Marcos Paz, Ranchos, San Miguel del Monte, Luj\u00e1n y las bajadas de la Autopista Buenos Aires \u2013 La Plata, entre otros puntos estrat\u00e9gicos de la Provincia.<\/p>\n","protected":false},"excerpt":{"rendered":"<p>En el marco del Plan Integral de Conservaci\u00f3n y Mantenimiento de las rutas provinciales, el ministro Alejandro Arl\u00eda supervisar\u00e1 la semana pr\u00f3xima la tercera etapa de pesaje de camiones en las rutas de la Provincia, que se llevar\u00e1 a cabo con la misma metodolog\u00eda que en los operativos anteriores.<\/p>\n","protected":false},"author":4,"featured_media":0,"comment_status":"open","ping_status":"open","sticky":false,"template":"","format":"standard","meta":{"_jetpack_newsletter_access":"","_jetpack_dont_email_post_to_subs":false,"_jetpack_newsletter_tier_id":0,"_jetpack_memberships_contains_paywalled_content":false,"_jetpack_memberships_contains_paid_content":false,"footnotes":""},"categories":[40],"tags":[],"class_list":["post-7442","post","type-post","status-publish","format-standard","hentry","category-provincia"],"jetpack_featured_media_url":"","jetpack_shortlink":"https:\/\/wp.me\/p2JWE0-1W2","jetpack-related-posts":[{"id":5238,"url":"https:\/\/www.24baires.com\/?p=5238","url_meta":{"origin":7442,"position":0},"title":"La Provincia realiza fuerte operativo de control de peso y dimensiones en rutas","author":"AF","date":"13\/11\/2012","format":false,"excerpt":"El ministro de Infraestructura, Alejandro Arl\u00eda supervis\u00f3 los controles de pesos y dimensiones del transporte automotor de cargas, que se est\u00e1n realizando en diferentes puntos estrat\u00e9gicos de la provincia de Buenos Aires, acompa\u00f1ado por la subsecretaria de Obras P\u00fablicas, Patricia Tombesi, y por el administrador general de Vialidad, Ricardo Curetti.\u2026","rel":"","context":"En \u00abProvincia\u00bb","block_context":{"text":"Provincia","link":"https:\/\/www.24baires.com\/?cat=40"},"img":{"alt_text":"","src":"https:\/\/i0.wp.com\/www.24baires.com\/wp-content\/uploads\/2012\/11\/201211121752400.DSC_6042-300x199.jpg?resize=350%2C200","width":350,"height":200},"classes":[]},{"id":17610,"url":"https:\/\/www.24baires.com\/?p=17610","url_meta":{"origin":7442,"position":1},"title":"Sin Eseverri, Arl\u00eda visit\u00f3 finalmente la Ruta 51 y anunci\u00f3 obras por $29 millones","author":"AF","date":"06\/03\/2013","format":false,"excerpt":"LOMA NEGRA - Dijo que en primera instancia se llevar\u00e1 a cabo \u201cun frezado para corregir la carpeta asfaltica\u201d en el trayecto de Olavarr\u00eda. La inversi\u00f3n ser\u00e1 de algo m\u00e1s de 29 millones de pesos. Sostuvo que analizan la creaci\u00f3n de peajes por 15 a\u00f1os como ocurre en las rutas\u2026","rel":"","context":"En \u00abSociedad\u00bb","block_context":{"text":"Sociedad","link":"https:\/\/www.24baires.com\/?cat=1"},"img":{"alt_text":"arl\u00eda ruta 51","src":"https:\/\/i0.wp.com\/www.24baires.com\/wp-content\/uploads\/2013\/03\/arl%C3%ADa-ruta-51.jpg?resize=350%2C200","width":350,"height":200,"srcset":"https:\/\/i0.wp.com\/www.24baires.com\/wp-content\/uploads\/2013\/03\/arl%C3%ADa-ruta-51.jpg?resize=350%2C200 1x, https:\/\/i0.wp.com\/www.24baires.com\/wp-content\/uploads\/2013\/03\/arl%C3%ADa-ruta-51.jpg?resize=525%2C300 1.5x"},"classes":[]},{"id":18971,"url":"https:\/\/www.24baires.com\/?p=18971","url_meta":{"origin":7442,"position":2},"title":"Comenzar\u00e1 a funcionar un peaje sobre la Ruta 51, entre Olavarr\u00eda y Bah\u00eda Blanca","author":"AF","date":"21\/03\/2013","format":false,"excerpt":"As\u00ed lo confirm\u00f3 ayer el ministro de Infraestructura, Alejandro Arl\u00eda. La provincia concesionar\u00e1 2.500 kil\u00f3metros de rutas. El proyecto incluye las balanzas para transporte de carga, con contratos a quince a\u00f1os. El gobierno bonaerense planea concesionar unos 2.500 kil\u00f3metros de rutas con la instalaci\u00f3n de peajes y balanzas de pesaje\u2026","rel":"","context":"En \u00abMunicipios\u00bb","block_context":{"text":"Municipios","link":"https:\/\/www.24baires.com\/?cat=44"},"img":{"alt_text":"","src":"","width":0,"height":0},"classes":[]},{"id":18920,"url":"https:\/\/www.24baires.com\/?p=18920","url_meta":{"origin":7442,"position":3},"title":"Provincia proyecta concesionar unos 2.500 kil\u00f3metros de rutas","author":"AF","date":"20\/03\/2013","format":false,"excerpt":"El ministro de Infraestructura bonaerense, Alejandro Arl\u00eda, present\u00f3 ante la C\u00e1mara Argentina de la Construcci\u00f3n provincial el Plan de Concesiones Viales a trav\u00e9s del cual el gobierno de Daniel Scioli proyecta concesionar unos 2.500 kil\u00f3metros de rutas, se inform\u00f3 oficialmente. En el proyecto, que se enmarca dentro del Plan Integral\u2026","rel":"","context":"En \u00abProvincia\u00bb","block_context":{"text":"Provincia","link":"https:\/\/www.24baires.com\/?cat=40"},"img":{"alt_text":"","src":"","width":0,"height":0},"classes":[]},{"id":44100,"url":"https:\/\/www.24baires.com\/?p=44100","url_meta":{"origin":7442,"position":4},"title":"Ya se pusieron en marcha las obras viales en la Ruta Provincial 51","author":"GB","date":"17\/04\/2014","format":false,"excerpt":"Se realizan tareas de fresado corrector de huellas y deformaciones, como as\u00ed tambi\u00e9n de bacheo superficial y profundo. \u201cVenimos trabajando en la rehabilitaci\u00f3n de toda la red vial de la provincia, todo nuestro esfuerzo est\u00e1 puesto en hacerlo con la mayor eficiencia y rapidez como nos ha pedido Scioli\u201d, sostuvo\u2026","rel":"","context":"En \u00abProvincia\u00bb","block_context":{"text":"Provincia","link":"https:\/\/www.24baires.com\/?cat=40"},"img":{"alt_text":"ruta provincial","src":"https:\/\/i0.wp.com\/www.24baires.com\/wp-content\/uploads\/2014\/04\/ruta-provincial.jpg?resize=350%2C200","width":350,"height":200,"srcset":"https:\/\/i0.wp.com\/www.24baires.com\/wp-content\/uploads\/2014\/04\/ruta-provincial.jpg?resize=350%2C200 1x, https:\/\/i0.wp.com\/www.24baires.com\/wp-content\/uploads\/2014\/04\/ruta-provincial.jpg?resize=525%2C300 1.5x"},"classes":[]},{"id":28565,"url":"https:\/\/www.24baires.com\/?p=28565","url_meta":{"origin":7442,"position":5},"title":"Licitar\u00e1n la segunda etapa de trabajos en la Ruta 51","author":"AF","date":"19\/07\/2013","format":false,"excerpt":"El pr\u00f3ximo 12 de agosto se realizar\u00e1 la Licitaci\u00f3n P\u00fablica para la ejecuci\u00f3n de tareas en la Ruta Provincial N\u00b051, en el tramo comprendido entre la R.N.n\u00b0226 y el acceso a la planta cementera L\u2019Amal\u00ed. Se trata de la segunda etapa de obras previstas para ese corredor vial que demandar\u00e1n\u2026","rel":"","context":"En \u00abLocales\u00bb","block_context":{"text":"Locales","link":"https:\/\/www.24baires.com\/?cat=38"},"img":{"alt_text":"","src":"","width":0,"height":0},"classes":[]}],"jetpack_sharing_enabled":true,"jetpack_likes_enabled":true,"_links":{"self":[{"href":"https:\/\/www.24baires.com\/index.php?rest_route=\/wp\/v2\/posts\/7442","targetHints":{"allow":["GET"]}}],"collection":[{"href":"https:\/\/www.24baires.com\/index.php?rest_route=\/wp\/v2\/posts"}],"about":[{"href":"https:\/\/www.24baires.com\/index.php?rest_route=\/wp\/v2\/types\/post"}],"author":[{"embeddable":true,"href":"https:\/\/www.24baires.com\/index.php?rest_route=\/wp\/v2\/users\/4"}],"replies":[{"embeddable":true,"href":"https:\/\/www.24baires.com\/index.php?rest_route=%2Fwp%2Fv2%2Fcomments&post=7442"}],"version-history":[{"count":3,"href":"https:\/\/www.24baires.com\/index.php?rest_route=\/wp\/v2\/posts\/7442\/revisions"}],"predecessor-version":[{"id":7445,"href":"https:\/\/www.24baires.com\/index.php?rest_route=\/wp\/v2\/posts\/7442\/revisions\/7445"}],"wp:attachment":[{"href":"https:\/\/www.24baires.com\/index.php?rest_route=%2Fwp%2Fv2%2Fmedia&parent=7442"}],"wp:term":[{"taxonomy":"category","embeddable":true,"href":"https:\/\/www.24baires.com\/index.php?rest_route=%2Fwp%2Fv2%2Fcategories&post=7442"},{"taxonomy":"post_tag","embeddable":true,"href":"https:\/\/www.24baires.com\/index.php?rest_route=%2Fwp%2Fv2%2Ftags&post=7442"}],"curies":[{"name":"wp","href":"https:\/\/api.w.org\/{rel}","templated":true}]}}