{"id":7436,"date":"2012-12-01T10:33:52","date_gmt":"2012-12-01T13:33:52","guid":{"rendered":"http:\/\/www.24baires.com\/?p=7436"},"modified":"2012-12-01T10:33:52","modified_gmt":"2012-12-01T13:33:52","slug":"olavarria-se-prepara-para-realizar-el-festival-de-doma-y-folklore","status":"publish","type":"post","link":"https:\/\/www.24baires.com\/?p=7436","title":{"rendered":"Olavarr\u00eda se prepara para realizar el Festival de Doma y Folklore"},"content":{"rendered":"<p><img data-recalc-dims=\"1\" loading=\"lazy\" decoding=\"async\" class=\"alignleft size-medium wp-image-7437\" title=\"la sole\" src=\"https:\/\/i0.wp.com\/www.24baires.com\/wp-content\/uploads\/2012\/12\/la-sole.jpg?resize=300%2C199\" alt=\"\" width=\"300\" height=\"199\" srcset=\"https:\/\/i0.wp.com\/www.24baires.com\/wp-content\/uploads\/2012\/12\/la-sole.jpg?resize=300%2C199&amp;ssl=1 300w, https:\/\/i0.wp.com\/www.24baires.com\/wp-content\/uploads\/2012\/12\/la-sole.jpg?w=400&amp;ssl=1 400w\" sizes=\"auto, (max-width: 300px) 100vw, 300px\" \/>En este 2012, a\u00f1o en el que se festejan las diez ediciones de esta Fiesta Nacional, la organizaci\u00f3n est\u00e1 trabajando para renovar las presentaciones de los artistas y la Gran Jineteada, a fin de seguir brindando calidad en sus espect\u00e1culos.<!--more--><\/p>\n<p>La d\u00e9cima edici\u00f3n se llevar\u00e1 a cabo desde el 5 hasta el 9 de diciembre en el Club Racing de Olavarr\u00eda, con la organizaci\u00f3n del Club Ferro.<\/p>\n<p>El cronograma es el siguiente:<\/p>\n<p>-MI\u00c9RCOLES 5: Realizaci\u00f3n de pe\u00f1as libres, con artistas de distintos puntos del pa\u00eds, desde las 20.<\/p>\n<p>-JUEVES 6: Desfile de apertura del Festival por las calles de la ciudad. Marcha de Bombos, con la presencia de autoridades, gente de trabajo del campo de Jineteada, carruajes antiguos, con Reina, princesas y Embajadora del Festival, agrupaciones gauchas invitadas, hasta llegar al estadio donde se bendecir\u00e1 la Fiesta, se entonar\u00e1 le Himno Nacional y se dar\u00e1 inicio, de esta manera, al Festival.<\/p>\n<p>Participar\u00e1n el Ballet Folcl\u00f3rico Municipal, Jessica Mintegu\u00eda, Daniel Ceballos, Agayudos, Gustavo Corvi, Mario Rabe, Daiana Colamarino, Pancho Fuentes, Ra\u00fal Block, Alex Freidig, Valeria L\u00f3pez Vila, Orlando Veracruz y Mariana Cay\u00f3n.<\/p>\n<p>-VIERNES 7: A partir de las 17, Jineteada con bastos y encimera. Participan el Ballet Folcl\u00f3rico Municipal, Huella Pampa, Luc\u00eda Ceresani, Los Novas, Los Matu\u00e1, Juan\u00f3n Lucero, Sonia Vega, Leonardo Miranda y Abel Pintos.<\/p>\n<p>-S\u00c1BADO 8: A partir de las 17, Jineteada con bastos y encimera. Estar\u00e1n el Ballet Folc\u00f3rico Municipal, Anabel Molina, Karina B\u00e9ttiga, Dami\u00e1n Ib\u00e1\u00f1ez, Germ\u00e1n Montes, Yamal. Este d\u00eda se realizar\u00e1 la elecci\u00f3n de la Reina.<\/p>\n<p>El cierre ser\u00e1 con Leandro Lovato y Facundo Toro.<\/p>\n<p>-DOMINGO 9: A partir de las 17, es la final de la Jineteada con bastos y encimera. Estar\u00e1n Jorge Gordillo, Juan Manuel, Jos\u00e9 Luis Gait\u00e1n, Gualicho, Carlos Ram\u00f3n Fern\u00e1ndez y el gran cierre de Soledad.<\/p>\n<p>En este a\u00f1o, la organizaci\u00f3n ha decidido incrementar los montos de los ganadores de la Jineteada con bastos y encimeras. De manera tal que, quien resulte ganador se llevar\u00e1 30 mil pesos, el segundo 20 mil, el tercero 15 mil y los siguientes, 10 mil, 8 mil, 6 mil, 6 mil y 5 mil pesos.<\/p>\n<p>La Jineteada se llevar\u00e1 a cabo desde el viernes 7 al domingo 9, desde las 17 horas.<\/p>\n<p>En esta edici\u00f3n se llevar\u00e1 a cabo tambi\u00e9n el Tercer certamen Nacional de Payadores. Ser\u00e1 el s\u00e1bado 8, desde las 21, en el Sal\u00f3n Isidoro Montanucci.<\/p>\n","protected":false},"excerpt":{"rendered":"<p>En este 2012, a\u00f1o en el que se festejan las diez ediciones de esta Fiesta Nacional, la organizaci\u00f3n est\u00e1 trabajando para renovar las presentaciones de los artistas y la Gran Jineteada, a fin de seguir brindando calidad en sus espect\u00e1culos.<\/p>\n","protected":false},"author":4,"featured_media":0,"comment_status":"open","ping_status":"open","sticky":false,"template":"","format":"standard","meta":{"_jetpack_newsletter_access":"","_jetpack_dont_email_post_to_subs":false,"_jetpack_newsletter_tier_id":0,"_jetpack_memberships_contains_paywalled_content":false,"_jetpack_memberships_contains_paid_content":false,"footnotes":""},"categories":[38],"tags":[],"class_list":["post-7436","post","type-post","status-publish","format-standard","hentry","category-locales"],"jetpack_featured_media_url":"","jetpack_shortlink":"https:\/\/wp.me\/p2JWE0-1VW","jetpack-related-posts":[{"id":41746,"url":"https:\/\/www.24baires.com\/?p=41746","url_meta":{"origin":7436,"position":0},"title":"La Provincia en un fin de semana a puro festival","author":"Grupo Sierra","date":"08\/03\/2014","format":false,"excerpt":"Fiestas tradicionales, aniversarios y algunos cierres de carnaval son las principales propuestas tur\u00edsticas de la Provincia. Se destacan la 32\u00ba Fiesta de las tropillas y tradici\u00f3n en Lober\u00eda, la 22\u00ba Fiesta nacional de la guitarra en Dolores y el 10\u00ba Encuentro internacional de estatuas vivientes en Mercedes. Adem\u00e1s se llevar\u00e1\u2026","rel":"","context":"En \u00abCultura\u00bb","block_context":{"text":"Cultura","link":"https:\/\/www.24baires.com\/?cat=66"},"img":{"alt_text":"dolores","src":"https:\/\/i0.wp.com\/www.24baires.com\/wp-content\/uploads\/2014\/03\/dolores.jpg?resize=350%2C200","width":350,"height":200,"srcset":"https:\/\/i0.wp.com\/www.24baires.com\/wp-content\/uploads\/2014\/03\/dolores.jpg?resize=350%2C200 1x, https:\/\/i0.wp.com\/www.24baires.com\/wp-content\/uploads\/2014\/03\/dolores.jpg?resize=525%2C300 1.5x"},"classes":[]},{"id":36852,"url":"https:\/\/www.24baires.com\/?p=36852","url_meta":{"origin":7436,"position":1},"title":"Dolores a puro carnaval","author":"Grupo Sierra","date":"14\/12\/2013","format":false,"excerpt":"Con la ciudad llena de m\u00fasica y color, se presentaron el Carnaval y la Fiesta Nacional de la Guitarra 2014 Estos festivales se realizar\u00e1n durante los meses de Febrero y Marzo y contar\u00e1n con la participaci\u00f3n de importantes artistas nacionales y la tradicional elecci\u00f3n de la reina. A trav\u00e9s del\u2026","rel":"","context":"En \u00abLocales\u00bb","block_context":{"text":"Locales","link":"https:\/\/www.24baires.com\/?cat=38"},"img":{"alt_text":"","src":"","width":0,"height":0},"classes":[]},{"id":8281,"url":"https:\/\/www.24baires.com\/?p=8281","url_meta":{"origin":7436,"position":2},"title":"En el D\u00eda del Gaucho, la C\u00e1mara de Diputados de la Naci\u00f3n reconoci\u00f3 a payadores y jinetes","author":"Grupo Sierra","date":"07\/12\/2012","format":false,"excerpt":"El presidente de la C\u00e1mara de Diputados de la Naci\u00f3n, Juli\u00e1n Dom\u00ednguez, destac\u00f3 esta tarde que \u201clos pueblos son grandes cuando tienen identidad y un pasado del cual sentirse orgullosos, y no hay futuro si no nos reconocemos en nuestras tradiciones\u201d, al encabezar los festejos por el D\u00eda Nacional del\u2026","rel":"","context":"En \u00abSociedad\u00bb","block_context":{"text":"Sociedad","link":"https:\/\/www.24baires.com\/?cat=1"},"img":{"alt_text":"","src":"https:\/\/i0.wp.com\/www.24baires.com\/wp-content\/uploads\/2012\/12\/Dia-del-Gaucho.jpg?resize=350%2C200","width":350,"height":200,"srcset":"https:\/\/i0.wp.com\/www.24baires.com\/wp-content\/uploads\/2012\/12\/Dia-del-Gaucho.jpg?resize=350%2C200 1x, https:\/\/i0.wp.com\/www.24baires.com\/wp-content\/uploads\/2012\/12\/Dia-del-Gaucho.jpg?resize=525%2C300 1.5x"},"classes":[]},{"id":40850,"url":"https:\/\/www.24baires.com\/?p=40850","url_meta":{"origin":7436,"position":3},"title":"Se viene la gran Fiesta Provincial del Girasol en Necochea","author":"Grupo Sierra","date":"21\/02\/2014","format":false,"excerpt":"Se llevar\u00e1 a cabo el s\u00e1bado 22 y domingo 23 de febrero en Ram\u00f3n Santamarina, localidad del distrito que gestiona Jos\u00e9 Luis Vidal. Habr\u00e1 un acto oficial, puestos de gastronom\u00eda, shows musicales, pe\u00f1as, fogones al aire libre, elecci\u00f3n de la Reina y las tradicionales jineteadas. El cierre estar\u00e1 a cargo\u2026","rel":"","context":"En \u00abLocales\u00bb","block_context":{"text":"Locales","link":"https:\/\/www.24baires.com\/?cat=38"},"img":{"alt_text":"girasol","src":"https:\/\/i0.wp.com\/www.24baires.com\/wp-content\/uploads\/2014\/02\/girasol.jpg?resize=350%2C200","width":350,"height":200,"srcset":"https:\/\/i0.wp.com\/www.24baires.com\/wp-content\/uploads\/2014\/02\/girasol.jpg?resize=350%2C200 1x, https:\/\/i0.wp.com\/www.24baires.com\/wp-content\/uploads\/2014\/02\/girasol.jpg?resize=525%2C300 1.5x"},"classes":[]},{"id":3515,"url":"https:\/\/www.24baires.com\/?p=3515","url_meta":{"origin":7436,"position":4},"title":"Madariaga comenz\u00f3 a disfrutar de su Fiesta del Talar","author":"AF","date":"28\/10\/2012","format":false,"excerpt":"Son cuatros d\u00edas de jineteadas y espect\u00e1culos art\u00edsticos que se llevan adelante en el predio Municipal ubicado a la vera de la Ruta 74. Para los competidores, habr\u00e1 100 mil pesos en premios. Uno de los organizadores, Carlos Islas, en di\u00e1logo con Radio Provincia, se\u00f1al\u00f3: \"Estamos con la prueba de\u2026","rel":"","context":"En \u00abLocales\u00bb","block_context":{"text":"Locales","link":"https:\/\/www.24baires.com\/?cat=38"},"img":{"alt_text":"","src":"https:\/\/i0.wp.com\/www.24baires.com\/wp-content\/uploads\/2012\/10\/madariaga-doma.jpg?resize=350%2C200","width":350,"height":200},"classes":[]},{"id":38404,"url":"https:\/\/www.24baires.com\/?p=38404","url_meta":{"origin":7436,"position":5},"title":"Falleci\u00f3 una yegua en Jes\u00fas Mar\u00eda y piden terminar con las jineteadas","author":"Grupo Sierra","date":"13\/01\/2014","format":false,"excerpt":"La abogada Andrea Heredia de Olazabal indic\u00f3 que present\u00f3 un amparo ante la Justicia para que no se realicen este tipo de espect\u00e1culos ya que \"legitiman la crueldad\" En la primera noche del Festival de Jes\u00fas Mar\u00eda en C\u00f3rdoba, falleci\u00f3 nuevamente una yegua en medio de la jineteada y esto\u2026","rel":"","context":"En \u00abSociedad\u00bb","block_context":{"text":"Sociedad","link":"https:\/\/www.24baires.com\/?cat=1"},"img":{"alt_text":"","src":"","width":0,"height":0},"classes":[]}],"jetpack_sharing_enabled":true,"jetpack_likes_enabled":true,"_links":{"self":[{"href":"https:\/\/www.24baires.com\/index.php?rest_route=\/wp\/v2\/posts\/7436","targetHints":{"allow":["GET"]}}],"collection":[{"href":"https:\/\/www.24baires.com\/index.php?rest_route=\/wp\/v2\/posts"}],"about":[{"href":"https:\/\/www.24baires.com\/index.php?rest_route=\/wp\/v2\/types\/post"}],"author":[{"embeddable":true,"href":"https:\/\/www.24baires.com\/index.php?rest_route=\/wp\/v2\/users\/4"}],"replies":[{"embeddable":true,"href":"https:\/\/www.24baires.com\/index.php?rest_route=%2Fwp%2Fv2%2Fcomments&post=7436"}],"version-history":[{"count":1,"href":"https:\/\/www.24baires.com\/index.php?rest_route=\/wp\/v2\/posts\/7436\/revisions"}],"predecessor-version":[{"id":7438,"href":"https:\/\/www.24baires.com\/index.php?rest_route=\/wp\/v2\/posts\/7436\/revisions\/7438"}],"wp:attachment":[{"href":"https:\/\/www.24baires.com\/index.php?rest_route=%2Fwp%2Fv2%2Fmedia&parent=7436"}],"wp:term":[{"taxonomy":"category","embeddable":true,"href":"https:\/\/www.24baires.com\/index.php?rest_route=%2Fwp%2Fv2%2Fcategories&post=7436"},{"taxonomy":"post_tag","embeddable":true,"href":"https:\/\/www.24baires.com\/index.php?rest_route=%2Fwp%2Fv2%2Ftags&post=7436"}],"curies":[{"name":"wp","href":"https:\/\/api.w.org\/{rel}","templated":true}]}}