{"id":7427,"date":"2012-11-30T21:56:01","date_gmt":"2012-12-01T00:56:01","guid":{"rendered":"http:\/\/www.24baires.com\/?p=7427"},"modified":"2012-11-30T21:56:01","modified_gmt":"2012-12-01T00:56:01","slug":"telefe-aseguro-que-se-adaptara-a-la-ley-de-medios","status":"publish","type":"post","link":"https:\/\/www.24baires.com\/?p=7427","title":{"rendered":"Telefe asegur\u00f3 que se adaptar\u00e1 a la Ley de Medios"},"content":{"rendered":"<p>Telefe confirm\u00f3 que cumplir\u00e1 con la Ley de Servicios de Comunicaci\u00f3n Audiovisual, normativa a la que elogi\u00f3, y adelant\u00f3 que antes del 7 de diciembre presentar\u00e1 un plan de adecuaci\u00f3n, dejando en claro que \u00abse desinvertir\u00e1\u00bb en caso que la AFSCA entienda que \u00abhay excedente de licencias\u00bb.<!--more--><br \/>\nAs\u00ed lo expres\u00f3 en di\u00e1logo con T\u00e9lam, Heber Mart\u00ednez, gerente de Relaciones Institucionales de Telefe, quien adem\u00e1s consider\u00f3 que \u00abla ley de medios hac\u00eda falta\u00bb.<br \/>\n\u00abEra una deuda de la democracia, la ley anterior tuvo muchos parches y no se pod\u00eda extender m\u00e1s en el tiempo\u00bb, expres\u00f3.<br \/>\nA la vez, indic\u00f3 que la norma \u00abviene a unificar criterios y a fijar una pol\u00edtica p\u00fablica, por eso est\u00e1 bien que lo haga el Estado y debe ser as\u00ed\u00bb.<br \/>\nSeg\u00fan Mart\u00ednez \u00ablos privados no estamos para fijar pol\u00edticas p\u00fablicas, sino para producir contenidos televisivos de calidad, para hacer TV y para ir al exterior a mostrar nuestro pa\u00eds\u00bb.<br \/>\n\u00abFijar pol\u00edticas p\u00fablicas le corresponde al Estado, al Gobierno que lo vota la gente y al Parlamento, votado por la gente. La ley vino a otorgar seguridad jur\u00eddica a las inversiones locales y extranjeras precedentes y a desmonopolizar\u00bb, consider\u00f3.<br \/>\nMart\u00ednez reiter\u00f3 que \u00ablas pol\u00edticas p\u00fablicas las define el Estado y nosotros hacemos televisi\u00f3n. Las leyes hay que cumplirlas, todos las tenemos que cumplir\u00bb.<br \/>\nRespecto de la adecuaci\u00f3n a la ley Mart\u00ednez indic\u00f3 que el art\u00edculo 45, sobre multiplicidad de licencias, expresa que \u00abse pueden poseer hasta 10 y Telefe tiene 9, operando esas se\u00f1ales desde el NOA hasta la Patagonia\u00bb.<\/p>\n<p>\u00abEste art\u00edculo tiene un punto referido a la cobertura a nivel nacional que puede tener cada empresa y sus se\u00f1ales, establece hasta un 35 por ciento a escala nacional: ah\u00ed estamos excedidos y as\u00ed lo dijo el titular de la AFSCA, Mart\u00edn Sabbatella\u00bb, reconoci\u00f3 Mart\u00ednez.<br \/>\nEl directivo de Telefe, en ese marco, fue contundente al asegurar que la se\u00f1al \u00abva a desinvertir\u00bb, mientras \u00abse analizan alternativas antes de presentar el plan de adecuaci\u00f3n con una desinversi\u00f3n, y si hay que entregar una licencia, la entregaremos. Todo en tiempo y forma, antes del 7 de diciembre\u00bb.<br \/>\nMart\u00ednez, dijo que el plan de adecuaci\u00f3n, y la forma en la que van a desinvertir \u00abse va a anunciar la semana pr\u00f3xima\u00bb.<\/p>\n<p>El Gerente de Relaciones Institucionales de Telefe, record\u00f3 que la posici\u00f3n del grupo \u00aben todos los pa\u00edses es cumplir con las leyes, las leyes est\u00e1n para cumplirse, y las debemos cumplir todos porque nadie tiene coronita\u00bb y dijo que la postura del Grupo es \u00abno hacer pol\u00edtica, porque nos dedicamos a hacer TV y a cumplir las normas que dictan los gobiernos y los Parlamentos\u00bb.<br \/>\nMart\u00ednez consider\u00f3 un acierto de la ley de Comunicaci\u00f3n Audiovisual, dado que \u00abel 33 por ciento del espectro pertenece a organismos sin fines de lucro, como las universidades, los pueblos originarios y las ONG. Esto es un gran avance, muy grande\u00bb.<br \/>\n\u00abLos canales universitarios en muchos pa\u00edses son un ejemplo de cultura igual que las radios universitarias, tambi\u00e9n es para destacar el caso de la BBC. Es un modelo de radiodifusi\u00f3n que hac\u00eda falta\u00bb, a\u00f1adi\u00f3.<br \/>\nPara Mart\u00ednez, la Ley de Comunicaci\u00f3n Audiovisual, \u00abtuvo un proceso de sanci\u00f3n muy participativo y democr\u00e1tico, dado que cuando la presidenta Cristina Fern\u00e1ndez de Kirchner tuvo la idea de la ley, nos llam\u00f3 a todos los medios y las c\u00e1maras del sector para contarnos los objetivos\u00bb.<br \/>\n\u00abA partir de all\u00ed se presenta el proyecto, se hicieron los foros en todo el pa\u00eds, con una participaci\u00f3n enorme. Luego fue al Congreso, all\u00ed se volvieron a hacer audiencias, nosotros concurrimos, por eso es importante reconocer que fue un proceso contundente y democr\u00e1tico\u00bb, dijo.<\/p>\n<p>Adem\u00e1s como dice la Constituci\u00f3n, \u00abel pueblo no delibera ni gobierna, nos referimos al pueblo y a las empresas, sino por intermedio de sus representantes\u00bb.<br \/>\nMart\u00ednez dej\u00f3 en claro que Telefe \u00abno es parte de ning\u00fan reclamo judicial. Nosotros integramos el sector que entiende que hay una norma sancionada y vigente y que hay una autoridad de aplicaci\u00f3n de esa ley, por lo que hay que acatar lo dice la ley y lo que dice la autoridad. Jam\u00e1s estuvo en nuestro esp\u00edritu recurrir a la Justicia\u00bb.<br \/>\nMart\u00ednez tambi\u00e9n elogi\u00f3 los concursos del Instituto Nacional de Cinematograf\u00eda y Artes Audiovisuales (Incaa) y del ministerio de Planificaci\u00f3n para financiar nuevas producciones de TV, porque \u00abson una herramienta fabulosa para fomentar la producci\u00f3n de TV\u00bb.<\/p>\n<p>\u00abAdem\u00e1s esta ley te obliga a producir m\u00e1s y a que lo que se produzca sea nacional, es decir a dar m\u00e1s trabajo y a la empresa eso le parece bien. Por eso nos gusta que se fomente la producci\u00f3n de cine y TV\u00bb, agreg\u00f3.<br \/>\nTambi\u00e9n considero \u00abotro gran avance\u00bb, la sanci\u00f3n de la ley que define como industria a la producci\u00f3n de TV y cine, ya que constituye \u00abun gran avance, es buen\u00edsimo. Es darle un empuj\u00f3n grande del Estado al Arte, y a la producci\u00f3n audiovisual\u00bb.<br \/>\nMart\u00ednez indic\u00f3 que estas iniciativas sumadas a la creaci\u00f3n del Instituto de la M\u00fasica, \u00abvienen a ordenar y a empujar toda la legislaci\u00f3n en torno a la producci\u00f3n art\u00edstica, que constituye una pieza fundamental en una sociedad y en un pa\u00eds\u00bb.<\/p>\n<p>&nbsp;<\/p>\n<p>&nbsp;<\/p>\n<p>&nbsp;<\/p>\n<p>&nbsp;<\/p>\n<p>&nbsp;<\/p>\n<p>&nbsp;<\/p>\n<p>&nbsp;<\/p>\n<p>&nbsp;<\/p>\n<p>&nbsp;<\/p>\n","protected":false},"excerpt":{"rendered":"<p>Telefe confirm\u00f3 que cumplir\u00e1 con la Ley de Servicios de Comunicaci\u00f3n Audiovisual, normativa a la que elogi\u00f3, y adelant\u00f3 que antes del 7 de diciembre presentar\u00e1 un plan de adecuaci\u00f3n, dejando en claro que \u00abse desinvertir\u00e1\u00bb en caso que la AFSCA entienda que \u00abhay excedente de licencias\u00bb.<\/p>\n","protected":false},"author":11,"featured_media":0,"comment_status":"open","ping_status":"open","sticky":false,"template":"","format":"standard","meta":{"_jetpack_newsletter_access":"","_jetpack_dont_email_post_to_subs":false,"_jetpack_newsletter_tier_id":0,"_jetpack_memberships_contains_paywalled_content":false,"_jetpack_memberships_contains_paid_content":false,"footnotes":""},"categories":[54],"tags":[],"class_list":["post-7427","post","type-post","status-publish","format-standard","hentry","category-medios"],"jetpack_featured_media_url":"","jetpack_shortlink":"https:\/\/wp.me\/p2JWE0-1VN","jetpack-related-posts":[{"id":39050,"url":"https:\/\/www.24baires.com\/?p=39050","url_meta":{"origin":7427,"position":0},"title":"Anunciaron los once grupos que se adecuar\u00e1n a la Ley de Medios","author":"Grupo Sierra","date":"23\/01\/2014","format":false,"excerpt":"Entre ellos est\u00e1n los de Telecentro, Telef\u00e9, Grupo Uno (Vila Manzano) y Prisa, adem\u00e1s del de Clar\u00edn. Desde el AFSCA brindaron detalles sobre c\u00f3mo los est\u00e1n analizando. Despu\u00e9s del fallo de la Corte Suprema, probablemente 2014 sea \u201cel a\u00f1o de la adecuaci\u00f3n de la Ley de Medios\u201d, como lo llam\u00f3\u2026","rel":"","context":"En \u00abJUDICIALES\u00bb","block_context":{"text":"JUDICIALES","link":"https:\/\/www.24baires.com\/?cat=68"},"img":{"alt_text":"ley-de-medios","src":"https:\/\/i0.wp.com\/www.24baires.com\/wp-content\/uploads\/2013\/10\/ley-de-medios.jpg?resize=350%2C200","width":350,"height":200,"srcset":"https:\/\/i0.wp.com\/www.24baires.com\/wp-content\/uploads\/2013\/10\/ley-de-medios.jpg?resize=350%2C200 1x, https:\/\/i0.wp.com\/www.24baires.com\/wp-content\/uploads\/2013\/10\/ley-de-medios.jpg?resize=525%2C300 1.5x"},"classes":[]},{"id":78534,"url":"https:\/\/www.24baires.com\/?p=78534","url_meta":{"origin":7427,"position":1},"title":"Ley de Medios: el Gobierno archiv\u00f3 todos los planes de adecuaci\u00f3n","author":"GB","date":"03\/02\/2016","format":false,"excerpt":"El Gobierno sigue avanzando contra la ley. Ahora ya no hay obligaci\u00f3n de vender se\u00f1ales. El viernes 9 de octubre de 2009, tras veinte horas de sesi\u00f3n, la C\u00e1mara de Senadores convirti\u00f3 en el ley el proyecto de la Ley de Medios con 44 votos a favor y 24 en\u2026","rel":"","context":"En \u00abPol\u00edtica\u00bb","block_context":{"text":"Pol\u00edtica","link":"https:\/\/www.24baires.com\/?cat=51"},"img":{"alt_text":"","src":"","width":0,"height":0},"classes":[]},{"id":38149,"url":"https:\/\/www.24baires.com\/?p=38149","url_meta":{"origin":7427,"position":2},"title":"\u00ab2014 es el a\u00f1o de adecuaci\u00f3n a la ley\u00bb afirm\u00f3 Sabbatella","author":"GB","date":"08\/01\/2014","format":false,"excerpt":"El titular de la Afsca remarc\u00f3 que a\u00fan quedan once empresas por adecuarse, y subray\u00f3 que \"la pluralidad de voces es una pol\u00edtica en la que est\u00e1n comprometidos muchos organismos del Estado\". El titular de la Autoridad Federal de Servicios de Comunicaci\u00f3n Audiovisual (Afsca), Mart\u00edn Sabbatella, asegur\u00f3 que durante 2014\u2026","rel":"","context":"En \u00abMedios\u00bb","block_context":{"text":"Medios","link":"https:\/\/www.24baires.com\/?cat=54"},"img":{"alt_text":"","src":"","width":0,"height":0},"classes":[]},{"id":44381,"url":"https:\/\/www.24baires.com\/?p=44381","url_meta":{"origin":7427,"position":3},"title":"Guerra de Rating: Avenida Brasil ser\u00e1 transmitido a la noche para competir con Showmatch","author":"GB","date":"21\/04\/2014","format":false,"excerpt":"Desde el lunes 28, la exitosa ficci\u00f3n cambia de horario para competir con Marcelo Tinelli. La llegada de Showmatch el lunes 28 de abril provoca modificaciones en la grilla de Telefe. Avenida Brasil pasar\u00e1 a las 22, para competir directamente con el programa de Marcelo Tinelli, seg\u00fan confirmaron en \"AM\".\u2026","rel":"","context":"En \u00abEspectaculos\u00bb","block_context":{"text":"Espectaculos","link":"https:\/\/www.24baires.com\/?cat=41"},"img":{"alt_text":"av brasil tinelli","src":"https:\/\/i0.wp.com\/www.24baires.com\/wp-content\/uploads\/2014\/04\/av-brasil-tinelli.jpg?resize=350%2C200","width":350,"height":200,"srcset":"https:\/\/i0.wp.com\/www.24baires.com\/wp-content\/uploads\/2014\/04\/av-brasil-tinelli.jpg?resize=350%2C200 1x, https:\/\/i0.wp.com\/www.24baires.com\/wp-content\/uploads\/2014\/04\/av-brasil-tinelli.jpg?resize=525%2C300 1.5x"},"classes":[]},{"id":77913,"url":"https:\/\/www.24baires.com\/?p=77913","url_meta":{"origin":7427,"position":4},"title":"F\u00fatbol para algunos: le entregan a Canal 13 y a Telef\u00e9 la televisaci\u00f3n de los grandes","author":"AF","date":"21\/01\/2016","format":false,"excerpt":"El Gobierno decidi\u00f3 entregar los partidos de River, Independiente,Boca y Racing a las se\u00f1ales del Grupo Clar\u00edn y de Telef\u00f3nica que pagar\u00e1n $ 180 millones, 10% de los casi $ 1900 millones que el Estado prev\u00e9 abonar a la AFA en 2016. Sin embargo, Am\u00e9rica TV pondr\u00eda un amparo alegando\u2026","rel":"","context":"En \u00abSociedad\u00bb","block_context":{"text":"Sociedad","link":"https:\/\/www.24baires.com\/?cat=1"},"img":{"alt_text":"fpt","src":"https:\/\/i0.wp.com\/www.24baires.com\/wp-content\/uploads\/2015\/12\/fpt.jpg?resize=350%2C200","width":350,"height":200,"srcset":"https:\/\/i0.wp.com\/www.24baires.com\/wp-content\/uploads\/2015\/12\/fpt.jpg?resize=350%2C200 1x, https:\/\/i0.wp.com\/www.24baires.com\/wp-content\/uploads\/2015\/12\/fpt.jpg?resize=525%2C300 1.5x"},"classes":[]},{"id":78211,"url":"https:\/\/www.24baires.com\/?p=78211","url_meta":{"origin":7427,"position":5},"title":"Vila se sum\u00f3 al acuerdo y Am\u00e9rica tambi\u00e9n televisar\u00e1 a los equipos grandes","author":"GB","date":"27\/01\/2016","format":false,"excerpt":"Tras las amenazas del grupo Vila-Manzano de iniciar acciones judiciales por conceder la televisaci\u00f3n de los \"equipos grandes\" a Canal 13 y Telef\u00e9 sin licitaci\u00f3n, Am\u00e9rica TV fue incluida y se dividir\u00e1n en tres los partidos con m\u00e1s rating. La Copa Argentina y el torneo de la B Nacional est\u00e1n\u2026","rel":"","context":"En \u00abDeportes\u00bb","block_context":{"text":"Deportes","link":"https:\/\/www.24baires.com\/?cat=12"},"img":{"alt_text":"fpt","src":"https:\/\/i0.wp.com\/www.24baires.com\/wp-content\/uploads\/2015\/12\/fpt.jpg?resize=350%2C200","width":350,"height":200,"srcset":"https:\/\/i0.wp.com\/www.24baires.com\/wp-content\/uploads\/2015\/12\/fpt.jpg?resize=350%2C200 1x, https:\/\/i0.wp.com\/www.24baires.com\/wp-content\/uploads\/2015\/12\/fpt.jpg?resize=525%2C300 1.5x"},"classes":[]}],"jetpack_sharing_enabled":true,"jetpack_likes_enabled":true,"_links":{"self":[{"href":"https:\/\/www.24baires.com\/index.php?rest_route=\/wp\/v2\/posts\/7427","targetHints":{"allow":["GET"]}}],"collection":[{"href":"https:\/\/www.24baires.com\/index.php?rest_route=\/wp\/v2\/posts"}],"about":[{"href":"https:\/\/www.24baires.com\/index.php?rest_route=\/wp\/v2\/types\/post"}],"author":[{"embeddable":true,"href":"https:\/\/www.24baires.com\/index.php?rest_route=\/wp\/v2\/users\/11"}],"replies":[{"embeddable":true,"href":"https:\/\/www.24baires.com\/index.php?rest_route=%2Fwp%2Fv2%2Fcomments&post=7427"}],"version-history":[{"count":2,"href":"https:\/\/www.24baires.com\/index.php?rest_route=\/wp\/v2\/posts\/7427\/revisions"}],"predecessor-version":[{"id":7429,"href":"https:\/\/www.24baires.com\/index.php?rest_route=\/wp\/v2\/posts\/7427\/revisions\/7429"}],"wp:attachment":[{"href":"https:\/\/www.24baires.com\/index.php?rest_route=%2Fwp%2Fv2%2Fmedia&parent=7427"}],"wp:term":[{"taxonomy":"category","embeddable":true,"href":"https:\/\/www.24baires.com\/index.php?rest_route=%2Fwp%2Fv2%2Fcategories&post=7427"},{"taxonomy":"post_tag","embeddable":true,"href":"https:\/\/www.24baires.com\/index.php?rest_route=%2Fwp%2Fv2%2Ftags&post=7427"}],"curies":[{"name":"wp","href":"https:\/\/api.w.org\/{rel}","templated":true}]}}