{"id":7424,"date":"2012-11-30T21:00:42","date_gmt":"2012-12-01T00:00:42","guid":{"rendered":"http:\/\/www.24baires.com\/?p=7424"},"modified":"2012-11-30T21:07:09","modified_gmt":"2012-12-01T00:07:09","slug":"afirman-que-las-nuevas-urbanizaciones-promovieron-los-desbordes-del-rio-lujan","status":"publish","type":"post","link":"https:\/\/www.24baires.com\/?p=7424","title":{"rendered":"Afirman que las nuevas urbanizaciones promovieron los desbordes del R\u00edo Luj\u00e1n"},"content":{"rendered":"<p>La Comisi\u00f3n Asesora del Comit\u00e9 de Cuenca del R\u00edo Luj\u00e1n difundi\u00f3 un estudio en el apunta que las urbanizaciones privadas que, \u201celudiendo normativas\u201d, se han asentado sobre las zonas ribere\u00f1as, facilitaron las \u00faltimas inundaciones en la zona noroeste de la Provincia.<!--more--><\/p>\n<p>La Comisi\u00f3n la integran diversas instituciones ambientalistas, acad\u00e9micas, de la industria y el comercio, entre otras con el fin de asistir en cuestiones t\u00e9cnicas al Comit\u00e9 de Cuenca del R\u00edo Lujan, compuesto por representantes de distintos municipios y por la Autoridad del Agua.<\/p>\n<p>En este sentido, el informe analiza como una de las causas principales de la \u00faltima crecida el aumento de las urbanizaciones privadas a la vera del R\u00edo, lo que dificulta el escurrimiento y deriva el excedente en zonas de bajos recursos.<\/p>\n<p>\u00abSi bien las lluvias fueron intensas, no explican por s\u00ed mismas lo ocurrido\u00bb, sostiene el documento y agrega \u201cla cuenca ha venido recibiendo impactos en los \u00faltimos a\u00f1os, cuyos efectos se han ido acumulando progresivamente. Entre ellos, consideramos de extrema gravedad los relacionados con cambios en el r\u00e9gimen hidrol\u00f3gico del r\u00edo Luj\u00e1n debido a una serie de obras que han modificado, en muchos lugares, la topograf\u00eda de la cuenca\u00bb.<\/p>\n<p>Para los especialistas, los principales responsables de estas modificaciones son los procesos de urbanizaci\u00f3n por especulaci\u00f3n inmobiliaria, que han desarrollado barrios, countries y chacras cerradas por fuera de las normas legales. As\u00ed, han ocupado zonas costeras que son de dominio p\u00fablico as\u00ed tambi\u00e9n humedales y tierras bajas por debajo de la cota m\u00ednima permitida.<\/p>\n<p>\u00abPara ello se rellenan terrenos bajos naturalmente inundables, se modifican cursos de agua y se construyen terraplenes y compuertas, para que el agua no ingrese a estos emprendimientos, expulsando el problema hacia fuera\u00bb, a\u00f1ade el documento.<\/p>\n<p>Asimismo, detalla una serie de emprendimientos de importantes dimensiones llevados a cabo en Mercedes, Luj\u00e1n, Pilar, Campana y Escobar que han hecho disminuir la llanura de inundaci\u00f3n que bordea al r\u00edo y adem\u00e1s impide la infiltraci\u00f3n del agua.<\/p>\n<p>\u201cEl r\u00edo queda encajonado por estos emprendimientos, con menos espacio para que se disperse y discurra el agua en forma normal, que entonces busca nuevos caminos, se acumula e inunda otras zonas que se encuentran aguas arriba\u00bb, destaca el texto.<\/p>\n<p><strong>\u201cQue nos escuchen\u201d<\/strong><\/p>\n<p>El informe tambi\u00e9n tiene un marco donde los distintos especialistas dan a conocer a los integrantes del Comit\u00e9 de Cuenca del R\u00edo Lujan cu\u00e1les ser\u00edan, desde sus perspectivas, las posibles soluciones para evitar nuevos desbordes.<\/p>\n<p>Luego de manifestar que la Comisi\u00f3n \u201cle ha expresado su opini\u00f3n acerca de la posibilidad de que ocurriesen estos eventos en varias oportunidades, desde enero de 2012&#8243;, los asesores indican que \u00abes evidente que se deben suspender y remediar todos los impactos que perjudican el funcionamiento natural de los humedales y valles de inundaci\u00f3n y el escurrimiento regular del r\u00edo\u201d.<\/p>\n<p>Por otra parte, desconf\u00edan de las obras de desag\u00fce o canalizaci\u00f3n que se proponen desde algunos sectores, ya que en muchos casos \u201cdestruyen recursos naturales y servicios que nos aporta el ecosistema\u201d y, en cambio, subrayan la necesidad de considerar la situaci\u00f3n desde una visi\u00f3n m\u00e1s integral.<\/p>\n<p>Finalmente, requieren que priorice la visi\u00f3n \u201cecosist\u00e9mica y no solo economicista o utilitarista\u201d para optimizar el manejo de la cuenca por lo que tambi\u00e9n creen importante evaluar los impactos de urbanizaciones y otras grandes obras tales como canales, autopistas, calles, puentes y modificaci\u00f3n de cursos de agua.<\/p>\n<p>\u00abLa soluci\u00f3n s\u00f3lo ser\u00e1 posible realizando un trabajo interdisciplinario y articulado entre las distintas \u00e1reas de gobierno y de la sociedad, contando con la voluntad pol\u00edtica para llevarlo adelante\u00bb, concluyen.<\/p>\n<p>&nbsp;<\/p>\n<p>&nbsp;<\/p>\n<p>&nbsp;<\/p>\n<p>&nbsp;<\/p>\n<p>&nbsp;<\/p>\n<p>&nbsp;<\/p>\n<p>&nbsp;<\/p>\n<p>&nbsp;<\/p>\n<p>&nbsp;<\/p>\n<p>&nbsp;<\/p>\n<p>&nbsp;<\/p>\n<p>&nbsp;<\/p>\n","protected":false},"excerpt":{"rendered":"<p>La Comisi\u00f3n Asesora del Comit\u00e9 de Cuenca del R\u00edo Luj\u00e1n difundi\u00f3 un estudio en el apunta que las urbanizaciones privadas que, \u201celudiendo normativas\u201d, se han asentado sobre las zonas ribere\u00f1as, facilitaron las \u00faltimas inundaciones en la zona noroeste de la Provincia.<\/p>\n","protected":false},"author":11,"featured_media":0,"comment_status":"open","ping_status":"open","sticky":false,"template":"","format":"standard","meta":{"_jetpack_newsletter_access":"","_jetpack_dont_email_post_to_subs":false,"_jetpack_newsletter_tier_id":0,"_jetpack_memberships_contains_paywalled_content":false,"_jetpack_memberships_contains_paid_content":false,"footnotes":""},"categories":[40],"tags":[],"class_list":["post-7424","post","type-post","status-publish","format-standard","hentry","category-provincia"],"jetpack_featured_media_url":"","jetpack_shortlink":"https:\/\/wp.me\/p2JWE0-1VK","jetpack-related-posts":[{"id":56619,"url":"https:\/\/www.24baires.com\/?p=56619","url_meta":{"origin":7424,"position":0},"title":"Scioli se reuni\u00f3 con intendentes de cuatro municipios afectados por el temporal","author":"GB","date":"05\/11\/2014","format":false,"excerpt":"Junto a un abanico amplio de funcionarios, el Gobernador recibi\u00f3 a los jefes comunales de San Antonio de Areco, Las Heras, Suipacha y Luj\u00e1n con el fin de coordinar la ayuda tras las tormentas de la \u00faltima semana que, en general, arrojaron un saldo de 6.000 evacuados, un gran porcentaje\u2026","rel":"","context":"En \u00abPol\u00edtica\u00bb","block_context":{"text":"Pol\u00edtica","link":"https:\/\/www.24baires.com\/?cat=51"},"img":{"alt_text":"scioli5","src":"https:\/\/i0.wp.com\/www.24baires.com\/wp-content\/uploads\/2014\/08\/scioli5.jpg?resize=350%2C200","width":350,"height":200,"srcset":"https:\/\/i0.wp.com\/www.24baires.com\/wp-content\/uploads\/2014\/08\/scioli5.jpg?resize=350%2C200 1x, https:\/\/i0.wp.com\/www.24baires.com\/wp-content\/uploads\/2014\/08\/scioli5.jpg?resize=525%2C300 1.5x"},"classes":[]},{"id":70526,"url":"https:\/\/www.24baires.com\/?p=70526","url_meta":{"origin":7424,"position":1},"title":"Advierten sobre el impacto ambiental de los countries","author":"AF","date":"13\/08\/2015","format":false,"excerpt":"La investigadora del Centro de Investigaciones Geogr\u00e1ficas de la Universidad Nacional de La Plata, Patricia Pintos, advirti\u00f3 sobre el impacto que producen los barrios cerrados sobre las inundaciones, y remarc\u00f3 que \u201cse han transformado 9.200 hect\u00e1reas de humedales del r\u00edo Luj\u00e1n en urbanizaciones privadas\u201d. \u201cLos humedales son ecosistemas que cumplen\u2026","rel":"","context":"En \u00abSociedad\u00bb","block_context":{"text":"Sociedad","link":"https:\/\/www.24baires.com\/?cat=1"},"img":{"alt_text":"nuevo quilmes country","src":"https:\/\/i0.wp.com\/www.24baires.com\/wp-content\/uploads\/2014\/09\/nuevo-quilmes-country1-300x178.jpg?resize=350%2C200","width":350,"height":200},"classes":[]},{"id":40233,"url":"https:\/\/www.24baires.com\/?p=40233","url_meta":{"origin":7424,"position":2},"title":"Buscan evitar mayores inundaciones en Pilar","author":"Grupo Sierra","date":"11\/02\/2014","format":false,"excerpt":"PILAR- El Intendente Humberto Z\u00faccaro se reuni\u00f3 con funcionarios municipales para tratar la problem\u00e1tica de inundaciones producto de las intensas lluvias que provocaron la subida del R\u00edo Luj\u00e1n. Acordaron hacer todo lo necesario para resolver los inconvenientes que se presenten. Elevar\u00e1n un pedido al Gobierno de la Provincia para realizar\u2026","rel":"","context":"En \u00abLocales\u00bb","block_context":{"text":"Locales","link":"https:\/\/www.24baires.com\/?cat=38"},"img":{"alt_text":"inundacion lujan","src":"https:\/\/i0.wp.com\/www.24baires.com\/wp-content\/uploads\/2014\/02\/inundacion-lujan.jpg?resize=350%2C200","width":350,"height":200,"srcset":"https:\/\/i0.wp.com\/www.24baires.com\/wp-content\/uploads\/2014\/02\/inundacion-lujan.jpg?resize=350%2C200 1x, https:\/\/i0.wp.com\/www.24baires.com\/wp-content\/uploads\/2014\/02\/inundacion-lujan.jpg?resize=525%2C300 1.5x"},"classes":[]},{"id":46498,"url":"https:\/\/www.24baires.com\/?p=46498","url_meta":{"origin":7424,"position":3},"title":"Aparicio asegur\u00f3 que \u201cen 20 d\u00edas empezar\u00e1n las obras en la cuenca del R\u00edo Luj\u00e1n\u201d","author":"AF","date":"22\/05\/2014","format":false,"excerpt":"El ministro de Desarrollo Social dijo que las \u00faltimas inundaciones en la zona hicieron que la Provincia acelerara la realizaci\u00f3n de los trabajos. Las intensas lluvias de ayer provocaron evacuaciones en Luj\u00e1n, Arrecifes, Pilar y Salto. El ministro de Desarrollo Social, Eduardo Aparicio, asegur\u00f3 que \u201cla ayuda social lleg\u00f3 en\u2026","rel":"","context":"En \u00abLocales\u00bb","block_context":{"text":"Locales","link":"https:\/\/www.24baires.com\/?cat=38"},"img":{"alt_text":"luj\u00e1n3","src":"https:\/\/i0.wp.com\/www.24baires.com\/wp-content\/uploads\/2012\/11\/luj%C3%A1n3.jpg?resize=350%2C200","width":350,"height":200,"srcset":"https:\/\/i0.wp.com\/www.24baires.com\/wp-content\/uploads\/2012\/11\/luj%C3%A1n3.jpg?resize=350%2C200 1x, https:\/\/i0.wp.com\/www.24baires.com\/wp-content\/uploads\/2012\/11\/luj%C3%A1n3.jpg?resize=525%2C300 1.5x"},"classes":[]},{"id":48305,"url":"https:\/\/www.24baires.com\/?p=48305","url_meta":{"origin":7424,"position":4},"title":"Arl\u00eda asegur\u00f3 que avanzan las obras en el R\u00edo Luj\u00e1n","author":"AF","date":"19\/06\/2014","format":false,"excerpt":"Lo confirm\u00f3 el ministro de infraestructura Alejandro Arl\u00eda, durante el Comit\u00e9 de Cuenca que se realiz\u00f3 en el municipio de Luj\u00e1n, junto a los jefes comunales que lo integran. \u201cLas obras est\u00e1n avanzando. Hoy presenciamos la llegada de una barcaza con pluma que es una m\u00e1quina que draga en lo\u2026","rel":"","context":"En \u00abLocales\u00bb","block_context":{"text":"Locales","link":"https:\/\/www.24baires.com\/?cat=38"},"img":{"alt_text":"arl\u00eda","src":"https:\/\/i0.wp.com\/www.24baires.com\/wp-content\/uploads\/2014\/06\/arl%C3%ADa.jpg?resize=350%2C200","width":350,"height":200,"srcset":"https:\/\/i0.wp.com\/www.24baires.com\/wp-content\/uploads\/2014\/06\/arl%C3%ADa.jpg?resize=350%2C200 1x, https:\/\/i0.wp.com\/www.24baires.com\/wp-content\/uploads\/2014\/06\/arl%C3%ADa.jpg?resize=525%2C300 1.5x"},"classes":[]},{"id":1388,"url":"https:\/\/www.24baires.com\/?p=1388","url_meta":{"origin":7424,"position":5},"title":"Presentaci\u00f3n de proyectos para realizar estudio integral sobre el R\u00edo Luj\u00e1n","author":"AF","date":"08\/10\/2012","format":false,"excerpt":"Fueron cinco las empresas que hicieron su propuesta para llevar a cabo el dise\u00f1o del proyecto que prev\u00e9 \u201clograr un plan integral para el aprovechamiento y desarrollo sustentable de los recursos, disminuir los impactos de las inundaciones y las sequ\u00edas y analizar alternativas estrat\u00e9gicas para el desarrollo arm\u00f3nico de la\u2026","rel":"","context":"En \u00abProvincia\u00bb","block_context":{"text":"Provincia","link":"https:\/\/www.24baires.com\/?cat=40"},"img":{"alt_text":"","src":"","width":0,"height":0},"classes":[]}],"jetpack_sharing_enabled":true,"jetpack_likes_enabled":true,"_links":{"self":[{"href":"https:\/\/www.24baires.com\/index.php?rest_route=\/wp\/v2\/posts\/7424","targetHints":{"allow":["GET"]}}],"collection":[{"href":"https:\/\/www.24baires.com\/index.php?rest_route=\/wp\/v2\/posts"}],"about":[{"href":"https:\/\/www.24baires.com\/index.php?rest_route=\/wp\/v2\/types\/post"}],"author":[{"embeddable":true,"href":"https:\/\/www.24baires.com\/index.php?rest_route=\/wp\/v2\/users\/11"}],"replies":[{"embeddable":true,"href":"https:\/\/www.24baires.com\/index.php?rest_route=%2Fwp%2Fv2%2Fcomments&post=7424"}],"version-history":[{"count":2,"href":"https:\/\/www.24baires.com\/index.php?rest_route=\/wp\/v2\/posts\/7424\/revisions"}],"predecessor-version":[{"id":7426,"href":"https:\/\/www.24baires.com\/index.php?rest_route=\/wp\/v2\/posts\/7424\/revisions\/7426"}],"wp:attachment":[{"href":"https:\/\/www.24baires.com\/index.php?rest_route=%2Fwp%2Fv2%2Fmedia&parent=7424"}],"wp:term":[{"taxonomy":"category","embeddable":true,"href":"https:\/\/www.24baires.com\/index.php?rest_route=%2Fwp%2Fv2%2Fcategories&post=7424"},{"taxonomy":"post_tag","embeddable":true,"href":"https:\/\/www.24baires.com\/index.php?rest_route=%2Fwp%2Fv2%2Ftags&post=7424"}],"curies":[{"name":"wp","href":"https:\/\/api.w.org\/{rel}","templated":true}]}}