{"id":7410,"date":"2012-11-30T20:38:10","date_gmt":"2012-11-30T23:38:10","guid":{"rendered":"http:\/\/www.24baires.com\/?p=7410"},"modified":"2012-11-30T20:38:10","modified_gmt":"2012-11-30T23:38:10","slug":"dos-veces-esta-semana-los-vecinos-impidieron-el-aumento-de-boleto-en-villa-gesell","status":"publish","type":"post","link":"https:\/\/www.24baires.com\/?p=7410","title":{"rendered":"Dos veces esta semana los vecinos impidieron el aumento de boleto en Villa Gesell"},"content":{"rendered":"<p><img data-recalc-dims=\"1\" loading=\"lazy\" decoding=\"async\" class=\"alignleft  wp-image-7412\" title=\"boletogesell2\" src=\"https:\/\/i0.wp.com\/www.24baires.com\/wp-content\/uploads\/2012\/11\/boletogesell2.jpg?resize=240%2C238\" alt=\"\" width=\"240\" height=\"238\" srcset=\"https:\/\/i0.wp.com\/www.24baires.com\/wp-content\/uploads\/2012\/11\/boletogesell2.jpg?resize=300%2C298&amp;ssl=1 300w, https:\/\/i0.wp.com\/www.24baires.com\/wp-content\/uploads\/2012\/11\/boletogesell2.jpg?resize=150%2C150&amp;ssl=1 150w, https:\/\/i0.wp.com\/www.24baires.com\/wp-content\/uploads\/2012\/11\/boletogesell2.jpg?w=560&amp;ssl=1 560w\" sizes=\"auto, (max-width: 240px) 100vw, 240px\" \/>En dos oportunidades, el lunes y el jueves, un grupo de vecinos que se oponen al aumento del boleto del colectivo local impidieron el funcionamiento del HCD. Empleados de la empresa de transporte local estuvieron en el Concejo apoyando el aumento.<!--more--><\/p>\n<p>Vecinos que se oponen al aumento del boleto de colectivo interrumpieron en dos oportunidades la sesi\u00f3n del Concejo Deliberante, impidiendo tratar el expediente sobre el aumento.<\/p>\n<p>La primera sesi\u00f3n interrumpida fue el lunes. En este caso, la sesi\u00f3n comenz\u00f3 con normalidad, y se interrumpi\u00f3 cuando comenzaba el tratamiento del expediente sobre el aumento. Los vecinos invadieron el espacio de sesi\u00f3n, con recriminaciones que alcanzaron a los dos bloques, al oficialismo por el apoyo al proyecto y a la oposici\u00f3n por dar qu\u00f3rum. Adem\u00e1s del grupo de vecinos que se oponen al aumento, se hicieron presentes ch\u00f3feres y empleados de la empresa \u201cEl \u00faltimo Querand\u00ed\u201d, que llegaron para apoyar el aumento, ya que seg\u00fan explic\u00f3 el delegado de UTA Mar del Plata, Alejandro Montarino, los empleados quieren que la empresa siga funcionando con normalidad, remarcando que \u201chace unos a\u00f1os se cobraba el sueldo de cualquier manera, y a nadie le import\u00f3\u201d.<\/p>\n<p>Por su parte, el grupo de vecinos que se oponen a la suba se mantuvieron dentro del recinto de sesiones, colocando banderas, y cuando comenz\u00f3 a tratarse el expediente del aumento comenzaron a hacer ruido y ocupar la zona de sesi\u00f3n, impidiendo el trabajo de los concejales. Dos o tres personas se instalaron frente a la presidencia e impidieron que contin\u00fae el trabajo, hasta que se decidi\u00f3 levantar la sesi\u00f3n. Las recriminaciones de los vecinos alcanzaron a los dos bloques, ya que se reclam\u00f3 a la oposici\u00f3n que no de qu\u00f3rum. Sergio Pereyra, uno de los manifestantes, explic\u00f3 que \u201cdesde que nos reunimos con los dos bloques el viernes vimos que se pretend\u00eda aprobar el proyecto, el oficialismo nos explic\u00f3 que es una decisi\u00f3n pol\u00edtica, mientras que la oposici\u00f3n nos dijo que iba a dar qu\u00f3rum porque es lo que corresponde.\u201d<\/p>\n<p>El jueves, la sesi\u00f3n estaba programada a las 11:00, y los \u00fanicos temas a tratar eran los relacionados con el colectivo. La sesi\u00f3n comenz\u00f3 con las puertas cerradas, y los vecinos en el exterior sin poder ingresar. A pedido del bloque UCR se dej\u00f3 ingresar a los vecinos, que nuevamente impidieron el trabajo del cuerpo legislativo.<\/p>\n<p>Al cierre de esta edici\u00f3n no se hab\u00eda determinado un nuevo d\u00eda y horario para continuar la sesi\u00f3n, que de acuerdo a los tiempos que impone el reglamento podr\u00eda darse el martes o mi\u00e9rcoles de la semana pr\u00f3xima, por el feriado del lunes.<\/p>\n<p><strong>Los n\u00fameros<\/strong><\/p>\n<p>El precio del boleto para invierno se incrementar\u00eda de $ 2,50 a $ 4,00 en el recorrido de Villa Gesell, y de $ 2,75 a $ 4,50 en el recorrido de Mar Azul. En temporada alta, en tanto, el recorrido de Villa Gesell aumentar\u00eda de $ 3,50 a $ 5, y para Mar Azul de $ 4,00 a $ 5,50.<\/p>\n<p>Se propusieron varios beneficios para aligerar el costo de esta suba. El primero es la creaci\u00f3n de una tarjeta prepaga, que tendr\u00eda una bonificaci\u00f3n del 20%, adem\u00e1s de un descuento del 50% en el segundo boleto, para los pasajeros que hagan el doble recorrido. Combinando ambos beneficios, la tarifa para tomar dos colectivos, desde y hacia las localidades del sur, quedar\u00eda pr\u00e1cticamente igual que la actual.<\/p>\n<p>A estas medidas se suma la implementaci\u00f3n del boleto escolar gratuito para todos los niveles.<\/p>\n","protected":false},"excerpt":{"rendered":"<p>En dos oportunidades, el lunes y el jueves, un grupo de vecinos que se oponen al aumento del boleto del colectivo local impidieron el funcionamiento del HCD. Empleados de la empresa de transporte local estuvieron en el Concejo apoyando el aumento.<\/p>\n","protected":false},"author":11,"featured_media":0,"comment_status":"open","ping_status":"open","sticky":false,"template":"","format":"standard","meta":{"_jetpack_newsletter_access":"","_jetpack_dont_email_post_to_subs":false,"_jetpack_newsletter_tier_id":0,"_jetpack_memberships_contains_paywalled_content":false,"_jetpack_memberships_contains_paid_content":false,"footnotes":""},"categories":[38],"tags":[],"class_list":["post-7410","post","type-post","status-publish","format-standard","hentry","category-locales"],"jetpack_featured_media_url":"","jetpack_shortlink":"https:\/\/wp.me\/p2JWE0-1Vw","jetpack-related-posts":[{"id":107330,"url":"https:\/\/www.24baires.com\/?p=107330","url_meta":{"origin":7410,"position":0},"title":"Mar del Plata: la UTA amenaza con un paro total","author":"GB","date":"22\/03\/2019","format":false,"excerpt":"En el resto del pa\u00eds acordaron con los empresario un pago de dos cuotas que ser\u00e1n entregadas el 25 de marzo y de abril. Si en Mar del Plata no aumenta el boleto, hoy podr\u00eda parar el servicio. Desde la UTA confirmaron que no habr\u00e1 una medida de fuerza a\u2026","rel":"","context":"En \u00abLocales\u00bb","block_context":{"text":"Locales","link":"https:\/\/www.24baires.com\/?cat=38"},"img":{"alt_text":"","src":"https:\/\/i0.wp.com\/www.24baires.com\/wp-content\/uploads\/2013\/10\/colectivos-mdp.jpg?resize=350%2C200","width":350,"height":200,"srcset":"https:\/\/i0.wp.com\/www.24baires.com\/wp-content\/uploads\/2013\/10\/colectivos-mdp.jpg?resize=350%2C200 1x, https:\/\/i0.wp.com\/www.24baires.com\/wp-content\/uploads\/2013\/10\/colectivos-mdp.jpg?resize=525%2C300 1.5x"},"classes":[]},{"id":80719,"url":"https:\/\/www.24baires.com\/?p=80719","url_meta":{"origin":7410,"position":1},"title":"Postergan el aumento del colectivo en Mar del Plata","author":"GB","date":"29\/03\/2016","format":false,"excerpt":"El proyecto qued\u00f3 en comisi\u00f3n y no se tratar\u00e1 en la pr\u00f3xima sesi\u00f3n del Concejo Deliberante. El proyecto del aumento del boleto a $6,86 qued\u00f3 en comisi\u00f3n y no se tratar\u00e1 el pr\u00f3ximo jueves en la sesi\u00f3n del Concejo Deliberante. La postura de dos concejales radicales que no acompa\u00f1aron el\u2026","rel":"","context":"En \u00abMunicipios\u00bb","block_context":{"text":"Municipios","link":"https:\/\/www.24baires.com\/?cat=44"},"img":{"alt_text":"colectivos mdp","src":"https:\/\/i0.wp.com\/www.24baires.com\/wp-content\/uploads\/2013\/10\/colectivos-mdp.jpg?resize=350%2C200","width":350,"height":200,"srcset":"https:\/\/i0.wp.com\/www.24baires.com\/wp-content\/uploads\/2013\/10\/colectivos-mdp.jpg?resize=350%2C200 1x, https:\/\/i0.wp.com\/www.24baires.com\/wp-content\/uploads\/2013\/10\/colectivos-mdp.jpg?resize=525%2C300 1.5x"},"classes":[]},{"id":6713,"url":"https:\/\/www.24baires.com\/?p=6713","url_meta":{"origin":7410,"position":2},"title":"Por tercera vez no puede sesionar el HCD de Villa Gesell para aumentar el boleto","author":"Grupo Sierra","date":"25\/11\/2012","format":false,"excerpt":"A las puertas de la temporada, el conflicto por la suba del boleto parece no tener fin. Este s\u00e1bado por tercera vez una manifestaci\u00f3n de vecinos presion\u00f3 para que se evite votar la suba, y lo volvieron a conseguir, gracias a que la oposici\u00f3n\u00a0pol\u00edtica\u00a0en el recinto se hizo eco del\u2026","rel":"","context":"En \u00abMunicipios\u00bb","block_context":{"text":"Municipios","link":"https:\/\/www.24baires.com\/?cat=44"},"img":{"alt_text":"","src":"","width":0,"height":0},"classes":[]},{"id":14597,"url":"https:\/\/www.24baires.com\/?p=14597","url_meta":{"origin":7410,"position":3},"title":"Tandil: manifestantes logran la suspensi\u00f3n de la sesi\u00f3n para aprobar el aumento del boleto","author":"AF","date":"04\/02\/2013","format":false,"excerpt":"La Sesi\u00f3n Extraordinaria prevista para este lunes debi\u00f3 ser suspendida debido a que manifestantes contra el aumento del boleto de colectivos, impidieron el comienzo de la misma. Se determin\u00f3 un cuarto intermedio hasta el jueves a las 18 horas. Desde temprano, miembros de la Asamblea por el Transporte P\u00fablico de\u2026","rel":"","context":"En \u00abLocales\u00bb","block_context":{"text":"Locales","link":"https:\/\/www.24baires.com\/?cat=38"},"img":{"alt_text":"","src":"","width":0,"height":0},"classes":[]},{"id":121476,"url":"https:\/\/www.24baires.com\/?p=121476","url_meta":{"origin":7410,"position":4},"title":"Villa Gesell: Se hizo efectiva la baja del costo del boleto del colectivo","author":"GB","date":"26\/07\/2024","format":false,"excerpt":"El alcalde de Villa Gesell, Gustavo Barrera, destac\u00f3 la baja de la tarifa del transporte p\u00fablico en su distrito, tras el aumento de monto del subsidio de parte de la Provincia. El intendente de Villa Gesell, Gustavo Barrera, celebr\u00f3 la efectivizaci\u00f3n de la baja del precio del boleto del transporte\u2026","rel":"","context":"En \u00abMunicipios\u00bb","block_context":{"text":"Municipios","link":"https:\/\/www.24baires.com\/?cat=44"},"img":{"alt_text":"","src":"https:\/\/i0.wp.com\/www.24baires.com\/wp-content\/uploads\/2024\/07\/colectivo-villa-gesell.webp?resize=350%2C200","width":350,"height":200,"srcset":"https:\/\/i0.wp.com\/www.24baires.com\/wp-content\/uploads\/2024\/07\/colectivo-villa-gesell.webp?resize=350%2C200 1x, https:\/\/i0.wp.com\/www.24baires.com\/wp-content\/uploads\/2024\/07\/colectivo-villa-gesell.webp?resize=525%2C300 1.5x, https:\/\/i0.wp.com\/www.24baires.com\/wp-content\/uploads\/2024\/07\/colectivo-villa-gesell.webp?resize=700%2C400 2x"},"classes":[]},{"id":55566,"url":"https:\/\/www.24baires.com\/?p=55566","url_meta":{"origin":7410,"position":5},"title":"Boletazo e irresponsabilidades en Mar del Plata","author":"GB","date":"17\/10\/2014","format":false,"excerpt":"En el Partido de General Pueyrredon hemos batido un nuevo record que, es cierto, no nos enorgullece: por segunda vez en el a\u00f1o se aumentar\u00e1 el costo del boleto de colectivo. Acostumbrados ya a vivir con un boletazo anual, que nunca se acepta pero debe padecerse porque somos rehenes de\u2026","rel":"","context":"En \u00abOpini\u00f3n\u00bb","block_context":{"text":"Opini\u00f3n","link":"https:\/\/www.24baires.com\/?cat=64"},"img":{"alt_text":"colectivo mdp","src":"https:\/\/i0.wp.com\/www.24baires.com\/wp-content\/uploads\/2013\/01\/colectivo-mdp.jpg?resize=350%2C200","width":350,"height":200,"srcset":"https:\/\/i0.wp.com\/www.24baires.com\/wp-content\/uploads\/2013\/01\/colectivo-mdp.jpg?resize=350%2C200 1x, https:\/\/i0.wp.com\/www.24baires.com\/wp-content\/uploads\/2013\/01\/colectivo-mdp.jpg?resize=525%2C300 1.5x"},"classes":[]}],"jetpack_sharing_enabled":true,"jetpack_likes_enabled":true,"_links":{"self":[{"href":"https:\/\/www.24baires.com\/index.php?rest_route=\/wp\/v2\/posts\/7410","targetHints":{"allow":["GET"]}}],"collection":[{"href":"https:\/\/www.24baires.com\/index.php?rest_route=\/wp\/v2\/posts"}],"about":[{"href":"https:\/\/www.24baires.com\/index.php?rest_route=\/wp\/v2\/types\/post"}],"author":[{"embeddable":true,"href":"https:\/\/www.24baires.com\/index.php?rest_route=\/wp\/v2\/users\/11"}],"replies":[{"embeddable":true,"href":"https:\/\/www.24baires.com\/index.php?rest_route=%2Fwp%2Fv2%2Fcomments&post=7410"}],"version-history":[{"count":4,"href":"https:\/\/www.24baires.com\/index.php?rest_route=\/wp\/v2\/posts\/7410\/revisions"}],"predecessor-version":[{"id":7416,"href":"https:\/\/www.24baires.com\/index.php?rest_route=\/wp\/v2\/posts\/7410\/revisions\/7416"}],"wp:attachment":[{"href":"https:\/\/www.24baires.com\/index.php?rest_route=%2Fwp%2Fv2%2Fmedia&parent=7410"}],"wp:term":[{"taxonomy":"category","embeddable":true,"href":"https:\/\/www.24baires.com\/index.php?rest_route=%2Fwp%2Fv2%2Fcategories&post=7410"},{"taxonomy":"post_tag","embeddable":true,"href":"https:\/\/www.24baires.com\/index.php?rest_route=%2Fwp%2Fv2%2Ftags&post=7410"}],"curies":[{"name":"wp","href":"https:\/\/api.w.org\/{rel}","templated":true}]}}