{"id":7399,"date":"2012-11-30T19:41:37","date_gmt":"2012-11-30T22:41:37","guid":{"rendered":"http:\/\/www.24baires.com\/?p=7399"},"modified":"2012-11-30T19:42:08","modified_gmt":"2012-11-30T22:42:08","slug":"el-presidente-de-la-fundacion-huesped-dijo-que-se-esta-ante-la-posibilidad-de-controlar-la-epidemia","status":"publish","type":"post","link":"https:\/\/www.24baires.com\/?p=7399","title":{"rendered":"El Presidente de la Fundaci\u00f3n Hu\u00e9sped dijo que \u00abse est\u00e1 ante la posibilidad de controlar la epidemia\u00bb"},"content":{"rendered":"<p>El infect\u00f3logo argentino <strong>Pedro Cahn<\/strong> asegur\u00f3 que por \u00abprimera vez\u00bb en la historia del <strong>VIH<\/strong> se est\u00e1 ante la posibilidad de controlar la epidemia \u00abya que se comprob\u00f3 que el tratamiento no s\u00f3lo es beneficioso para el paciente sino para la comunidad\u00bb, debido a que disminuye dr\u00e1sticamente la transmisi\u00f3n del virus.<!--more--><\/p>\n<p>Cahn, jefe de infectolog\u00eda del Hospital Fern\u00e1ndez y presidente de la Fundaci\u00f3n Hu\u00e9sped, se\u00f1al\u00f3 que para que esta meta se cumpla \u00abhay que expandir el testeo y el tratamiento\u00bb aunque advirti\u00f3 que cumplir con este objetivo \u00abno es algo exclusivo de los m\u00e9dicos ni de la ciencia\u00bb.<br \/>\n\u00abDesde el punto de vista social tenemos que terminar con el estigma y la discriminaci\u00f3n, porque si yo s\u00e9 que si me detectan VIH voy a ser marginado, entonces no voy a querer enterarme y por tanto no me voy a realizar el testeo\u00bb, apunt\u00f3 el especialista, en el marco de la celebraci\u00f3n del D\u00eda Mundial del Sida, que se observa ma\u00f1ana, 1 de diciembre.<\/p>\n<p>En referencia al sistema de salud, el especialista advirti\u00f3 que \u00abtenemos dos caras porque, por un lado, en el hospital p\u00fablico atendemos amablemente a todos los que se nos acercan, pero por el otro los centros de salud no salen a la calle, no van a buscar los pacientes\u00bb.<br \/>\nEl \u00abtratamiento como prevenci\u00f3n\u00bb, o el \u00abtratamiento 2.0\u00bb como se lo denomina, es la estrategia de abordaje que se convirti\u00f3 en el tema central de la Conferencia de Sida que se realiz\u00f3 en julio pasado en Washington, cuyo pionero fue el investigador argentino radicado en Canad\u00e1, Julio Montaner.<br \/>\nMontaner, quien adem\u00e1s fue uno de los creadores del tratamiento con drogas combinadas que permiti\u00f3 que el sida se convirtiera de una enfermedad mortal en una cr\u00f3nica, comenz\u00f3 a trabajar en la idea de que una persona en adecuado tratamiento no transmit\u00eda el virus en 1999.<\/p>\n<p>En 2011, a los datos que ven\u00eda acumulando el investigador se sum\u00f3 un estudio \u00abrandomizado\u00bb realizado en Estados Unidos que demostr\u00f3 que el tratamiento disminuye la transmisi\u00f3n por arriba del 96 por ciento.<br \/>\n\u00abLa posibilidad real de terminar la epidemia ya existe, y esto es sin la vacuna y sin la cura -expres\u00f3 a T\u00e9lam Montaner durante su paso por Argentina en octubre donde asisti\u00f3 a un Simposio organizado por Hu\u00e9sped- ahora resta hacerlo, lo que no es f\u00e1cil\u00bb.<\/p>\n<p>Cahn refiri\u00f3 que existen otras investigaciones sobre la cual trabajan los cient\u00edficos que buscan \u00abla cura\u00bb: \u00abEs la primera vez que se plantea este objetivo, pero su desarrollo puede llevar d\u00e9cadas, por eso hay que ser muy cuidadoso en c\u00f3mo se comunica\u00bb.<br \/>\n\u201cCuando una persona se infecta el virus comienza a reproducirse en la sangre. Al recibir el tratamiento lo que se hace es controlar esa reproducci\u00f3n pero el virus se aloja en c\u00e9lulas que funcionan como reservorios\u201d, detall\u00f3.<br \/>\nEsto hace que el virus permanezca latente y que la persona tenga que tomar tratamiento de por vida. \u00abLo que intentan estas nuevas investigaciones es `exprimir` esas c\u00e9lulas que act\u00faan como reservorio y cuando el virus sale, atacarlo\u201d, aclar\u00f3.<br \/>\nEl especialista apunt\u00f3 que \u201ctambi\u00e9n existe otra l\u00ednea que apunta a operar sobre el sistema inmunol\u00f3gico de manera tal de que en un momento no sea m\u00e1s necesario el tratamiento\u201d.<\/p>\n<p>\u00abM\u00e1s all\u00e1 de que se requiere de una transformaci\u00f3n social existe la necesidad del compromiso por parte de los grupos de poder mundial -advirti\u00f3 Cahn- para la meta de tener 15 millones de personas bajo tratamiento para 2015 se necesitan al menos 25 millones de d\u00f3lares, que es mucho para uno pero que es una cifra muy menor a la que se han utilizado a nivel mundial para salvar bancos\u00bb.<br \/>\nA m\u00e1s de tres d\u00e9cadas del surgimiento de la epidemia, el especialista evalu\u00f3 que \u00abel VIH puso de manifiesto la gran capacidad de respuesta de las comunidades, tanto la cient\u00edfica, como la de los pacientes y de la sociedad en general para presionar a los Estados, a los laboratorios y a los grupos econ\u00f3micos\u00bb.<\/p>\n<p>&nbsp;<\/p>\n<p>&nbsp;<\/p>\n<p>&nbsp;<\/p>\n<p>&nbsp;<\/p>\n<p>&nbsp;<\/p>\n<p>&nbsp;<\/p>\n<p>&nbsp;<\/p>\n<p>&nbsp;<\/p>\n<p>&nbsp;<\/p>\n<p>&nbsp;<\/p>\n","protected":false},"excerpt":{"rendered":"<p>El infect\u00f3logo argentino Pedro Cahn asegur\u00f3 que por \u00abprimera vez\u00bb en la historia del VIH se est\u00e1 ante la posibilidad de controlar la epidemia \u00abya que se comprob\u00f3 que el tratamiento no s\u00f3lo es beneficioso para el paciente sino para la comunidad\u00bb, debido a que disminuye dr\u00e1sticamente la transmisi\u00f3n del virus.<\/p>\n","protected":false},"author":11,"featured_media":0,"comment_status":"open","ping_status":"open","sticky":false,"template":"","format":"standard","meta":{"_jetpack_newsletter_access":"","_jetpack_dont_email_post_to_subs":false,"_jetpack_newsletter_tier_id":0,"_jetpack_memberships_contains_paywalled_content":false,"_jetpack_memberships_contains_paid_content":false,"footnotes":""},"categories":[1],"tags":[],"class_list":["post-7399","post","type-post","status-publish","format-standard","hentry","category-sociedad"],"jetpack_featured_media_url":"","jetpack_shortlink":"https:\/\/wp.me\/p2JWE0-1Vl","jetpack-related-posts":[{"id":33738,"url":"https:\/\/www.24baires.com\/?p=33738","url_meta":{"origin":7399,"position":0},"title":"Cient\u00edficos argentinos presentaron un tratamiento alternativo al VIH","author":"AF","date":"18\/10\/2013","format":false,"excerpt":"Un tratamiento alternativo para las personas que viven con VIH, que consta s\u00f3lo de dos drogas en lugar de tres como se utiliza actualmente, lo que abarata los costos y reduce la toxicidad, fue presentado esta ma\u00f1ana por el infect\u00f3logo argentino Pedro Cahn en un congreso en B\u00e9lgica. La investigaci\u00f3n,\u2026","rel":"","context":"En \u00abSociedad\u00bb","block_context":{"text":"Sociedad","link":"https:\/\/www.24baires.com\/?cat=1"},"img":{"alt_text":"","src":"","width":0,"height":0},"classes":[]},{"id":114812,"url":"https:\/\/www.24baires.com\/?p=114812","url_meta":{"origin":7399,"position":1},"title":"El Presidente se reuni\u00f3 con especialistas para definir c\u00f3mo contin\u00faa la cuarentena","author":"AF","date":"23\/04\/2020","format":false,"excerpt":"A tres d\u00edas del vencimiento del aislamiento social, preventivo y obligatorio, los m\u00e9dicos y epidemi\u00f3logos recomendaron su continuidad. El Presidente recibi\u00f3 en Olivos al comit\u00e9 de especialistas que lo asesora en el marco de la emergencia sanitaria. Junto con su jefe de gabinete, Santiago Cafiero y el titular de Salud,\u2026","rel":"","context":"En \u00abSociedad\u00bb","block_context":{"text":"Sociedad","link":"https:\/\/www.24baires.com\/?cat=1"},"img":{"alt_text":"","src":"https:\/\/i0.wp.com\/www.24baires.com\/wp-content\/uploads\/2020\/03\/alberto-fernandez.jpg?resize=350%2C200","width":350,"height":200,"srcset":"https:\/\/i0.wp.com\/www.24baires.com\/wp-content\/uploads\/2020\/03\/alberto-fernandez.jpg?resize=350%2C200 1x, https:\/\/i0.wp.com\/www.24baires.com\/wp-content\/uploads\/2020\/03\/alberto-fernandez.jpg?resize=525%2C300 1.5x"},"classes":[]},{"id":116554,"url":"https:\/\/www.24baires.com\/?p=116554","url_meta":{"origin":7399,"position":2},"title":"Infect\u00f3logos coinciden que se est\u00e1 \u00abm\u00e1s cerca\u00bb de lograr la vacuna contra el coronavirus","author":"AF","date":"27\/10\/2020","format":false,"excerpt":"De todas maneras llamaron a ser \"cautos\" y esperar los resultados de seguridad y generaci\u00f3n de anticuerpos en las distintas investigaciones. El Presidente asegur\u00f3 que el Gobierno lleva adelante \"negociaciones\" con todos los laboratorios que la fabrican. Infect\u00f3logos aseguraron hoy que se est\u00e1 \"m\u00e1s cerca\" de lograr una vacuna contra\u2026","rel":"","context":"En \u00abLocales\u00bb","block_context":{"text":"Locales","link":"https:\/\/www.24baires.com\/?cat=38"},"img":{"alt_text":"","src":"https:\/\/i0.wp.com\/www.24baires.com\/wp-content\/uploads\/2020\/07\/Vacuna-covid.jpeg?resize=350%2C200","width":350,"height":200,"srcset":"https:\/\/i0.wp.com\/www.24baires.com\/wp-content\/uploads\/2020\/07\/Vacuna-covid.jpeg?resize=350%2C200 1x, https:\/\/i0.wp.com\/www.24baires.com\/wp-content\/uploads\/2020\/07\/Vacuna-covid.jpeg?resize=525%2C300 1.5x"},"classes":[]},{"id":115575,"url":"https:\/\/www.24baires.com\/?p=115575","url_meta":{"origin":7399,"position":3},"title":"Argentina podr\u00eda participar de un ensayo cl\u00ednico de una vacuna para el coronavirus","author":"AF","date":"07\/07\/2020","format":false,"excerpt":"Los expertos que aconsejan al presidente Alberto Fern\u00e1ndez se\u00f1alaron que los estudios implicar\u00edan distintas etapas, con una en particular en la que se requerir\u00e1 la participaci\u00f3n de 15 mil voluntarios. La concreci\u00f3n de este ensayo depende tanto del Estado argentino como de la decisi\u00f3n de los dos laboratorios internacionales a\u2026","rel":"","context":"En \u00abSociedad\u00bb","block_context":{"text":"Sociedad","link":"https:\/\/www.24baires.com\/?cat=1"},"img":{"alt_text":"","src":"https:\/\/i0.wp.com\/www.24baires.com\/wp-content\/uploads\/2014\/01\/vacuna.jpg?resize=350%2C200","width":350,"height":200,"srcset":"https:\/\/i0.wp.com\/www.24baires.com\/wp-content\/uploads\/2014\/01\/vacuna.jpg?resize=350%2C200 1x, https:\/\/i0.wp.com\/www.24baires.com\/wp-content\/uploads\/2014\/01\/vacuna.jpg?resize=525%2C300 1.5x"},"classes":[]},{"id":102560,"url":"https:\/\/www.24baires.com\/?p=102560","url_meta":{"origin":7399,"position":4},"title":"Sol\u00e1 adelant\u00f3 que votar\u00e1 a favor del aborto legal porque es una \u201ccuesti\u00f3n de salud p\u00fablica\u201d","author":"GB","date":"06\/06\/2018","format":false,"excerpt":"El diputado nacional que hasta ayer no hab\u00eda tomado una postura p\u00fablica sobre la interrupci\u00f3n voluntaria del embarazo, finalmente dio a conocer que acompa\u00f1ar\u00e1 el proyecto que se debatir\u00e1 el 13 de junio en el Congreso. El diputado del Frente Renovador, Felipe Sol\u00e1, finalmente dio a conocer que votar\u00e1 a\u2026","rel":"","context":"En \u00abPol\u00edtica\u00bb","block_context":{"text":"Pol\u00edtica","link":"https:\/\/www.24baires.com\/?cat=51"},"img":{"alt_text":"","src":"https:\/\/i0.wp.com\/www.24baires.com\/wp-content\/uploads\/2014\/07\/felipe-sol%C3%A1.jpg?resize=350%2C200","width":350,"height":200,"srcset":"https:\/\/i0.wp.com\/www.24baires.com\/wp-content\/uploads\/2014\/07\/felipe-sol%C3%A1.jpg?resize=350%2C200 1x, https:\/\/i0.wp.com\/www.24baires.com\/wp-content\/uploads\/2014\/07\/felipe-sol%C3%A1.jpg?resize=525%2C300 1.5x"},"classes":[]},{"id":116515,"url":"https:\/\/www.24baires.com\/?p=116515","url_meta":{"origin":7399,"position":5},"title":"As\u00ed es el plan de vacunaci\u00f3n que el Gobierno prev\u00e9 a partir de fin de a\u00f1o","author":"AF","date":"21\/10\/2020","format":false,"excerpt":"El Gobierno nacional est\u00e1 negociando con cinco laboratorios para tener la vacuna contra el Covid-19, mientras tanto la cartera de Salud dise\u00f1a un plan de vacunaci\u00f3n. El Gobierno nacional est\u00e1 negociando al menos con cinco laboratorios que ya se encuentran en fase 3 de desarrollo de una vacuna contra el\u2026","rel":"","context":"En \u00abLocales\u00bb","block_context":{"text":"Locales","link":"https:\/\/www.24baires.com\/?cat=38"},"img":{"alt_text":"","src":"https:\/\/i0.wp.com\/www.24baires.com\/wp-content\/uploads\/2014\/01\/vacuna.jpg?resize=350%2C200","width":350,"height":200,"srcset":"https:\/\/i0.wp.com\/www.24baires.com\/wp-content\/uploads\/2014\/01\/vacuna.jpg?resize=350%2C200 1x, https:\/\/i0.wp.com\/www.24baires.com\/wp-content\/uploads\/2014\/01\/vacuna.jpg?resize=525%2C300 1.5x"},"classes":[]}],"jetpack_sharing_enabled":true,"jetpack_likes_enabled":true,"_links":{"self":[{"href":"https:\/\/www.24baires.com\/index.php?rest_route=\/wp\/v2\/posts\/7399","targetHints":{"allow":["GET"]}}],"collection":[{"href":"https:\/\/www.24baires.com\/index.php?rest_route=\/wp\/v2\/posts"}],"about":[{"href":"https:\/\/www.24baires.com\/index.php?rest_route=\/wp\/v2\/types\/post"}],"author":[{"embeddable":true,"href":"https:\/\/www.24baires.com\/index.php?rest_route=\/wp\/v2\/users\/11"}],"replies":[{"embeddable":true,"href":"https:\/\/www.24baires.com\/index.php?rest_route=%2Fwp%2Fv2%2Fcomments&post=7399"}],"version-history":[{"count":4,"href":"https:\/\/www.24baires.com\/index.php?rest_route=\/wp\/v2\/posts\/7399\/revisions"}],"predecessor-version":[{"id":7409,"href":"https:\/\/www.24baires.com\/index.php?rest_route=\/wp\/v2\/posts\/7399\/revisions\/7409"}],"wp:attachment":[{"href":"https:\/\/www.24baires.com\/index.php?rest_route=%2Fwp%2Fv2%2Fmedia&parent=7399"}],"wp:term":[{"taxonomy":"category","embeddable":true,"href":"https:\/\/www.24baires.com\/index.php?rest_route=%2Fwp%2Fv2%2Fcategories&post=7399"},{"taxonomy":"post_tag","embeddable":true,"href":"https:\/\/www.24baires.com\/index.php?rest_route=%2Fwp%2Fv2%2Ftags&post=7399"}],"curies":[{"name":"wp","href":"https:\/\/api.w.org\/{rel}","templated":true}]}}