{"id":7392,"date":"2012-11-30T19:14:47","date_gmt":"2012-11-30T22:14:47","guid":{"rendered":"http:\/\/www.24baires.com\/?p=7392"},"modified":"2012-11-30T19:20:10","modified_gmt":"2012-11-30T22:20:10","slug":"randazo-anuncio-que-en-diciembre-estaran-listos-los-trenes-reparados-del-sarmiento","status":"publish","type":"post","link":"https:\/\/www.24baires.com\/?p=7392","title":{"rendered":"Randazzo anunci\u00f3 que en diciembre estar\u00e1n listos los trenes reparados del Sarmiento"},"content":{"rendered":"<div class=\"alignleft\"><object width=\"280\" height=\"210\" classid=\"clsid:d27cdb6e-ae6d-11cf-96b8-444553540000\" codebase=\"http:\/\/download.macromedia.com\/pub\/shockwave\/cabs\/flash\/swflash.cab#version=6,0,40,0\"><param name=\"allowFullScreen\" value=\"true\" \/><param name=\"allowscriptaccess\" value=\"always\" \/><param name=\"src\" value=\"http:\/\/www.youtube.com\/v\/NTqDJKn0Ep8?version=3&amp;hl=es_ES;rel=0;showinfo=0;controls=0\" \/><param name=\"allowfullscreen\" value=\"true\" \/><\/object><\/div>\n<p>El ministro del Interior y Transporte, Florencio Randazzo, \u00a0recorri\u00f3 los talleres donde se reparan las formaciones y asegur\u00f3 que \u201cen diciembre van a estar reincorpor\u00e1ndose al servicio las primeras formaciones renovadas\u201d.\u00a0Randazzo explic\u00f3 que los trabajos de reparaci\u00f3n son integrales, ya que contemplan tanto la renovaci\u00f3n en los interiores, como la reparaci\u00f3n en boguies, pisos y tambi\u00e9n la pintura, con los nuevos colores y una laca que permitir\u00e1 eliminar los graffitis.<!--more--><\/p>\n<p>\u201cTenemos la colaboraci\u00f3n de todos los trabajadores, estamos reactivando la industria ferroviaria que estaba dormida, y hoy tenemos m\u00e1s de mil obreros trabajando en los talleres de Villa Martelli, Liniers, Tres de Febrero y Chascom\u00fas, porque hay que poner en valor el ferrocarril Sarmiento que estaba absolutamente deteriorado\u201d, afirm\u00f3 Randazzo en un comunicado de prensa.<\/p>\n<p>El ministro del Interior y Transporte tambi\u00e9n apel\u00f3 al cuidado por parte de los usuarios del Sarmiento al pedir que \u00abcuiden los trenes porque todos estamos haciendo un gran esfuerzo, destinando recursos de todos los argentinos para mejorar el transporte p\u00fablico, y lo \u00fanico que pretendemos es que nos ayuden cuidando las formaciones\u201d<br \/>\n\u201cVa a haber un antes y un despu\u00e9s en el ferrocarril Sarmiento en los pr\u00f3ximos meses\u201d, destac\u00f3.<br \/>\nPor \u00faltimo, el funcionario nacional dijo que los cambios que fueron anunciados hace 60 d\u00edas se ver\u00e1n de manera muy contundente en los pr\u00f3ximos tres meses.<\/p>\n<p>&nbsp;<\/p>\n<p>&nbsp;<\/p>\n<p>&nbsp;<\/p>\n<p>&nbsp;<\/p>\n<p>&nbsp;<\/p>\n<p>&nbsp;<\/p>\n<p>&nbsp;<\/p>\n<p>&nbsp;<\/p>\n<p>&nbsp;<\/p>\n<p>&nbsp;<\/p>\n<p>&nbsp;<\/p>\n","protected":false},"excerpt":{"rendered":"<p>El ministro del Interior y Transporte, Florencio Randazzo, \u00a0recorri\u00f3 los talleres donde se reparan las formaciones y asegur\u00f3 que \u201cen diciembre van a estar reincorpor\u00e1ndose al servicio las primeras formaciones renovadas\u201d.\u00a0Randazzo explic\u00f3 que los trabajos de reparaci\u00f3n son integrales, ya que contemplan tanto la renovaci\u00f3n en los interiores, como la reparaci\u00f3n en boguies, pisos y tambi\u00e9n la pintura, con los [&#8230;]<\/p>\n","protected":false},"author":11,"featured_media":0,"comment_status":"open","ping_status":"open","sticky":false,"template":"","format":"standard","meta":{"_jetpack_newsletter_access":"","_jetpack_dont_email_post_to_subs":false,"_jetpack_newsletter_tier_id":0,"_jetpack_memberships_contains_paywalled_content":false,"_jetpack_memberships_contains_paid_content":false,"footnotes":""},"categories":[1],"tags":[],"class_list":["post-7392","post","type-post","status-publish","format-standard","hentry","category-sociedad"],"jetpack_featured_media_url":"","jetpack_shortlink":"https:\/\/wp.me\/p2JWE0-1Ve","jetpack-related-posts":[{"id":112373,"url":"https:\/\/www.24baires.com\/?p=112373","url_meta":{"origin":7392,"position":0},"title":"Fern\u00e1ndez tild\u00f3 al Gobierno de \u201cmalandras\u201d: \u00abAgarran el poder y lo usan para sus negocios\u00bb","author":"AF","date":"04\/10\/2019","format":false,"excerpt":"\u00a0JUN\u00cdN - \"Vamos a cumplir con las obligaciones que nos dejan estos malandras pero antes vamos a cumplir con nuestra gente\", sostuvo el candidato a presidente en su primer acto con Randazzo, a quien consider\u00f3 \"ministeriable\". De gira en la cuarta secci\u00f3n electoral, el candidato a presidente del Frente de\u2026","rel":"","context":"En \u00abPol\u00edtica\u00bb","block_context":{"text":"Pol\u00edtica","link":"https:\/\/www.24baires.com\/?cat=51"},"img":{"alt_text":"","src":"https:\/\/i0.wp.com\/www.24baires.com\/wp-content\/uploads\/2019\/10\/fern%C3%A1ndez-jun%C3%ADn.jpg?resize=350%2C200","width":350,"height":200,"srcset":"https:\/\/i0.wp.com\/www.24baires.com\/wp-content\/uploads\/2019\/10\/fern%C3%A1ndez-jun%C3%ADn.jpg?resize=350%2C200 1x, https:\/\/i0.wp.com\/www.24baires.com\/wp-content\/uploads\/2019\/10\/fern%C3%A1ndez-jun%C3%ADn.jpg?resize=525%2C300 1.5x"},"classes":[]},{"id":10049,"url":"https:\/\/www.24baires.com\/?p=10049","url_meta":{"origin":7392,"position":1},"title":"Aseguran que para julio de 2013 concluir\u00e1n los trabajos de renovaci\u00f3n de trenes del Sarmiento","author":"Grupo Sierra","date":"21\/12\/2012","format":false,"excerpt":"As\u00ed lo dio a conocer el ministro del Interior y Transporte, Florencio Randazzo, luego de visitar los talleres ferroviarios ubicados en Tres de Febrero, donde inspeccion\u00f3 los trabajos de renovaci\u00f3n integral de formaciones de ferrocarril de la esa l\u00ednea de ferrocarril. Randazzo anticip\u00f3 hoy que \"antes del mes de julio\u2026","rel":"","context":"En \u00abPol\u00edtica\u00bb","block_context":{"text":"Pol\u00edtica","link":"https:\/\/www.24baires.com\/?cat=51"},"img":{"alt_text":"","src":"","width":0,"height":0},"classes":[]},{"id":34855,"url":"https:\/\/www.24baires.com\/?p=34855","url_meta":{"origin":7392,"position":2},"title":"Randazzo estuvo en Mar del Plata y asegur\u00f3: \u00abla pol\u00edtica ferroviaria vino para quedarse\u201d","author":"GB","date":"08\/11\/2013","format":false,"excerpt":"El ministro del Interior y Transporte, Florencio Randazzo, asegur\u00f3 hoy que comenzaron las obras de reparaci\u00f3n de las v\u00edas para que el tren vuelva a circular sin problemas a Mar del Plata, al tiempo que dijo que \u201cel 15 de diciembre se iniciar\u00e1 en el puerto marplatense la obra del\u2026","rel":"","context":"En \u00abPol\u00edtica\u00bb","block_context":{"text":"Pol\u00edtica","link":"https:\/\/www.24baires.com\/?cat=51"},"img":{"alt_text":"randazzo","src":"https:\/\/i0.wp.com\/www.24baires.com\/wp-content\/uploads\/2013\/10\/randazzo-300x180.jpg?resize=350%2C200","width":350,"height":200},"classes":[]},{"id":60022,"url":"https:\/\/www.24baires.com\/?p=60022","url_meta":{"origin":7392,"position":3},"title":"Randazzo denunci\u00f3 \u00abnegligencia o sabotaje\u00bb en el tren Sarmiento","author":"GB","date":"13\/01\/2015","format":false,"excerpt":"El ministro del Interior y Transporteo denunci\u00f3 hoy a dos trabajadores ferroviarios que modificaron el cambio de v\u00eda en momentos en que descalz\u00f3 una formaci\u00f3n de ese ferrocarril ese d\u00eda entre las estaciones de Haedo y Mor\u00f3n. El ministro del Interior y Transporte, Florencio Randazzo, denunci\u00f3 hoy que hubo \u201cnegligencia\u2026","rel":"","context":"En \u00abSociedad\u00bb","block_context":{"text":"Sociedad","link":"https:\/\/www.24baires.com\/?cat=1"},"img":{"alt_text":"randazzo formaciones","src":"https:\/\/i0.wp.com\/www.24baires.com\/wp-content\/uploads\/2013\/05\/randazzo-formaciones.jpg?resize=350%2C200","width":350,"height":200,"srcset":"https:\/\/i0.wp.com\/www.24baires.com\/wp-content\/uploads\/2013\/05\/randazzo-formaciones.jpg?resize=350%2C200 1x, https:\/\/i0.wp.com\/www.24baires.com\/wp-content\/uploads\/2013\/05\/randazzo-formaciones.jpg?resize=525%2C300 1.5x"},"classes":[]},{"id":50290,"url":"https:\/\/www.24baires.com\/?p=50290","url_meta":{"origin":7392,"position":4},"title":"Cristina y Randazzo presentan las primeras siete formaciones 0km del Sarmiento","author":"AF","date":"21\/07\/2014","format":false,"excerpt":"La Presidenta junto al ministro del Interior y Transporte, Florencio Randazzo, encabezan la puesta en marcha de las nuevas formaciones.\u00a0 Cristina y Randazzo participan de la puesta en marcha de los siete primeros trenes cero kil\u00f3metro del Sarmiento, que forman parte de un plan de renovaci\u00f3n que se completar\u00e1 en\u2026","rel":"","context":"En \u00abSociedad\u00bb","block_context":{"text":"Sociedad","link":"https:\/\/www.24baires.com\/?cat=1"},"img":{"alt_text":"randazzo cristina tren","src":"https:\/\/i0.wp.com\/www.24baires.com\/wp-content\/uploads\/2014\/07\/randazzo-cristina-tren.jpg?resize=350%2C200","width":350,"height":200,"srcset":"https:\/\/i0.wp.com\/www.24baires.com\/wp-content\/uploads\/2014\/07\/randazzo-cristina-tren.jpg?resize=350%2C200 1x, https:\/\/i0.wp.com\/www.24baires.com\/wp-content\/uploads\/2014\/07\/randazzo-cristina-tren.jpg?resize=525%2C300 1.5x"},"classes":[]},{"id":35229,"url":"https:\/\/www.24baires.com\/?p=35229","url_meta":{"origin":7392,"position":5},"title":"En febrero llegar\u00e1 el primer tren chino para la l\u00ednea Sarmiento","author":"GB","date":"15\/11\/2013","format":false,"excerpt":"El Ministro del Interior y Transporte, Florencio Randazzo, inform\u00f3 que se adelantar\u00e1 a febrero la llegada de la primera formaci\u00f3n nueva para la l\u00ednea Sarmiento. Luego de la reuni\u00f3n, el Ministro Florencio Randazzo destac\u00f3 que \u201clos directivos de la empresa CSR me confirmaron que cumplir\u00e1n con un pedido especial que\u2026","rel":"","context":"En \u00abPol\u00edtica\u00bb","block_context":{"text":"Pol\u00edtica","link":"https:\/\/www.24baires.com\/?cat=51"},"img":{"alt_text":"randazzo trenes\u00e7","src":"https:\/\/i0.wp.com\/www.24baires.com\/wp-content\/uploads\/2013\/11\/randazzo-trenes%C3%A7.jpg?resize=350%2C200","width":350,"height":200,"srcset":"https:\/\/i0.wp.com\/www.24baires.com\/wp-content\/uploads\/2013\/11\/randazzo-trenes%C3%A7.jpg?resize=350%2C200 1x, https:\/\/i0.wp.com\/www.24baires.com\/wp-content\/uploads\/2013\/11\/randazzo-trenes%C3%A7.jpg?resize=525%2C300 1.5x"},"classes":[]}],"jetpack_sharing_enabled":true,"jetpack_likes_enabled":true,"_links":{"self":[{"href":"https:\/\/www.24baires.com\/index.php?rest_route=\/wp\/v2\/posts\/7392","targetHints":{"allow":["GET"]}}],"collection":[{"href":"https:\/\/www.24baires.com\/index.php?rest_route=\/wp\/v2\/posts"}],"about":[{"href":"https:\/\/www.24baires.com\/index.php?rest_route=\/wp\/v2\/types\/post"}],"author":[{"embeddable":true,"href":"https:\/\/www.24baires.com\/index.php?rest_route=\/wp\/v2\/users\/11"}],"replies":[{"embeddable":true,"href":"https:\/\/www.24baires.com\/index.php?rest_route=%2Fwp%2Fv2%2Fcomments&post=7392"}],"version-history":[{"count":3,"href":"https:\/\/www.24baires.com\/index.php?rest_route=\/wp\/v2\/posts\/7392\/revisions"}],"predecessor-version":[{"id":7397,"href":"https:\/\/www.24baires.com\/index.php?rest_route=\/wp\/v2\/posts\/7392\/revisions\/7397"}],"wp:attachment":[{"href":"https:\/\/www.24baires.com\/index.php?rest_route=%2Fwp%2Fv2%2Fmedia&parent=7392"}],"wp:term":[{"taxonomy":"category","embeddable":true,"href":"https:\/\/www.24baires.com\/index.php?rest_route=%2Fwp%2Fv2%2Fcategories&post=7392"},{"taxonomy":"post_tag","embeddable":true,"href":"https:\/\/www.24baires.com\/index.php?rest_route=%2Fwp%2Fv2%2Ftags&post=7392"}],"curies":[{"name":"wp","href":"https:\/\/api.w.org\/{rel}","templated":true}]}}