{"id":7390,"date":"2012-11-30T18:11:47","date_gmt":"2012-11-30T21:11:47","guid":{"rendered":"http:\/\/www.24baires.com\/?p=7390"},"modified":"2012-11-30T18:11:47","modified_gmt":"2012-11-30T21:11:47","slug":"udocba-analiza-hacer-paro-por-tiempo-indeterminado","status":"publish","type":"post","link":"https:\/\/www.24baires.com\/?p=7390","title":{"rendered":"Udocba analiza hacer paro por tiempo indeterminado"},"content":{"rendered":"<p>Lo anunci\u00f3 el titular de ese gremio, Miguel D\u00edaz, en reclamo a los salarios adeudados que \u201cen algunos casos llegan a casi un a\u00f1o\u201d. Advierten que presentar\u00e1n un amparo ante la justicia.<!--more--><\/p>\n<p>El titular de la Uni\u00f3n de Docentes de la provincia de Buenos Aires (UDOCBA), Miguel D\u00edaz asegur\u00f3 a <strong>24Baires<\/strong> que el gremio que representa est\u00e1 analizando realizar un paro por tiempo indeterminado ante la falta de respuesta a sus reclamos salariales que, en algunos casos, incluye atrasos de hasta ocho meses en el cobro de los docentes .<\/p>\n<p>En ese contexto, el gremialista asegur\u00f3 que \u201cel gobierno es un fondo buitre porque nos est\u00e1 sacando los dineros del salario que nos corresponde, porque dicen que reci\u00e9n ahora van a cobrar 25 mil compa\u00f1eros, despu\u00e9s de estar trabajando ininterrumpidamente durante ocho meses.<br \/>\nLa Constituci\u00f3n provincial dice que el gobierno tiene que convocar a las partes en conflicto. En todo caso, si se descuenta, tiene que declarar ilegal a la medida de fuerza\u201d, asegur\u00f3 D\u00edaz.<\/p>\n<p>\u201cEstamos yendo a presentar un amparo en la justicia. El viernes vamos a hacer abandono de tareas, porque no puede ser que los compa\u00f1eros no cobren salario familiar, no puede ser que no sepan lo que cobran. Reina la incertidumbre y nuestros salarios son intangibles\u201d, se quej\u00f3 el representante gremial.<\/p>\n<p>\u201cSobre los pasos a seguir que eval\u00faa el gremio que dirige, D\u00edaz afirm\u00f3 que \u201cvamos a plantear el pr\u00f3ximo viernes 7 en la asamblea un paro por tiempo indeterminado; hay recorte salarial en la provincia de Buenos Aires y la inflaci\u00f3n est\u00e1 llegando al 28%\u201d.<br \/>\n\u201cLas otras organizaciones sindicales han aceptado una recomposici\u00f3n del 20%. Nosotros no vamos a festejar este ajuste\u201d, advirti\u00f3.<\/p>\n","protected":false},"excerpt":{"rendered":"<p>Lo anunci\u00f3 el titular de ese gremio, Miguel D\u00edaz, en reclamo a los salarios adeudados que \u201cen algunos casos llegan a casi un a\u00f1o\u201d. Advierten que presentar\u00e1n un amparo ante la justicia.<\/p>\n","protected":false},"author":11,"featured_media":0,"comment_status":"open","ping_status":"open","sticky":false,"template":"","format":"standard","meta":{"_jetpack_newsletter_access":"","_jetpack_dont_email_post_to_subs":false,"_jetpack_newsletter_tier_id":0,"_jetpack_memberships_contains_paywalled_content":false,"_jetpack_memberships_contains_paid_content":false,"footnotes":""},"categories":[40],"tags":[],"class_list":["post-7390","post","type-post","status-publish","format-standard","hentry","category-provincia"],"jetpack_featured_media_url":"","jetpack_shortlink":"https:\/\/wp.me\/p2JWE0-1Vc","jetpack-related-posts":[{"id":62157,"url":"https:\/\/www.24baires.com\/?p=62157","url_meta":{"origin":7390,"position":0},"title":"UDOCBA anunci\u00f3 un paro por tiempo indeterminado a partir del pr\u00f3ximo lunes","author":"GB","date":"23\/02\/2015","format":false,"excerpt":"El Secretario General de UDOCBA, Miguel D\u00edaz se\u00f1al\u00f3 tras realizar una conferencia de prensa que el pr\u00f3ximo lunes realizar\u00e1n un paro ante \"la falta de propuesta salarial\" y agreg\u00f3 que \"dispusimos la suspensi\u00f3n de toma de ex\u00e1menes en escuelas medias y nivel superior, y paro en todas las escuelas de\u2026","rel":"","context":"En \u00abProvincia\u00bb","block_context":{"text":"Provincia","link":"https:\/\/www.24baires.com\/?cat=40"},"img":{"alt_text":"udocba","src":"https:\/\/i0.wp.com\/www.24baires.com\/wp-content\/uploads\/2014\/08\/udocba.jpg?resize=350%2C200","width":350,"height":200,"srcset":"https:\/\/i0.wp.com\/www.24baires.com\/wp-content\/uploads\/2014\/08\/udocba.jpg?resize=350%2C200 1x, https:\/\/i0.wp.com\/www.24baires.com\/wp-content\/uploads\/2014\/08\/udocba.jpg?resize=525%2C300 1.5x"},"classes":[]},{"id":16106,"url":"https:\/\/www.24baires.com\/?p=16106","url_meta":{"origin":7390,"position":1},"title":"Miguel D\u00edaz de Udocba: \u00abSolamente un huev\u00f3n o un traidor puede aceptar estas condiciones\u00bb","author":"AF","date":"19\/02\/2013","format":false,"excerpt":"As\u00ed lo asegur\u00f3 el titular de ese gremio docente enrolado en la Cgt. Ratific\u00f3 el paro por 72 horas a partir del pr\u00f3ximo lunes, que coincidir\u00e1 con la medida de fuerza de Ate. El secretario general de Udocba, Miguel D\u00edaz asegur\u00f3 a 24baires.com que \u201clas asambleas est\u00e1n ratificando el paro.\u2026","rel":"","context":"En \u00abSociedad\u00bb","block_context":{"text":"Sociedad","link":"https:\/\/www.24baires.com\/?cat=1"},"img":{"alt_text":"","src":"","width":0,"height":0},"classes":[]},{"id":3325,"url":"https:\/\/www.24baires.com\/?p=3325","url_meta":{"origin":7390,"position":2},"title":"\u201cNo se entiende por qu\u00e9 Scioli no sale a hablar sobre el conflicto docente\u201d","author":"Grupo Sierra","date":"26\/10\/2012","format":false,"excerpt":"El titular de Udocba, Miguel D\u00edaz, sostuvo que \u201cmientras el nivel de adhesi\u00f3n en la segunda jornada de paro es masiva, desde el gobierno s\u00f3lo balbucean que van a descontarle los d\u00edas a los docentes\". Tambi\u00e9n asegur\u00f3 que \u201chay un presupuesto que se subejecuta\" y que \"es mentira que no\u2026","rel":"","context":"En \u00abProvincia\u00bb","block_context":{"text":"Provincia","link":"https:\/\/www.24baires.com\/?cat=40"},"img":{"alt_text":"","src":"https:\/\/i0.wp.com\/www.24baires.com\/wp-content\/uploads\/2012\/10\/Udocba-Diaz-Miguel-300x168.jpg?resize=350%2C200","width":350,"height":200},"classes":[]},{"id":100674,"url":"https:\/\/www.24baires.com\/?p=100674","url_meta":{"origin":7390,"position":3},"title":"\u201cLa propuesta tendr\u00eda que ser del 25% para recomponer el salario\u201d","author":"GB","date":"22\/02\/2018","format":false,"excerpt":"Lo advirti\u00f3 el secretario general de UDOCBA, Miguel D\u00edaz, de cara a la reuni\u00f3n de esta tarde con el Ejecutivo provincial. \u201cCon una inflaci\u00f3n del 19,5 por ciento, lo que ofrece el Gobierno no alcanza\u201d, apunt\u00f3 a Info Regi\u00f3n. La primera oferta, del 15%, fue rechazada por los gremios. El\u2026","rel":"","context":"En \u00abProvincia\u00bb","block_context":{"text":"Provincia","link":"https:\/\/www.24baires.com\/?cat=40"},"img":{"alt_text":"","src":"https:\/\/i0.wp.com\/www.24baires.com\/wp-content\/uploads\/2017\/05\/d%C3%ADaz-udocba.jpg?resize=350%2C200","width":350,"height":200,"srcset":"https:\/\/i0.wp.com\/www.24baires.com\/wp-content\/uploads\/2017\/05\/d%C3%ADaz-udocba.jpg?resize=350%2C200 1x, https:\/\/i0.wp.com\/www.24baires.com\/wp-content\/uploads\/2017\/05\/d%C3%ADaz-udocba.jpg?resize=525%2C300 1.5x"},"classes":[]},{"id":92923,"url":"https:\/\/www.24baires.com\/?p=92923","url_meta":{"origin":7390,"position":4},"title":"En asamblea, docentes debaten los pasos a seguir en la paritaria","author":"AF","date":"09\/03\/2017","format":false,"excerpt":"El secretario general de Udocba, Miguel \u00c1ngel D\u00edaz, confirm\u00f3 que este jueves se llevar\u00e1n a cabo asambleas en las escuelas para analizar los pasos a seguir en la negociaci\u00f3n salarial de los docentes bonaerenses. La reuni\u00f3n con el Ejecutivo ser\u00e1 el viernes a las 17. D\u00edaz afirm\u00f3 que el paro\u2026","rel":"","context":"En \u00abSociedad\u00bb","block_context":{"text":"Sociedad","link":"https:\/\/www.24baires.com\/?cat=1"},"img":{"alt_text":"","src":"https:\/\/i0.wp.com\/www.24baires.com\/wp-content\/uploads\/2014\/03\/aula-vac%C3%ADa.jpg?resize=350%2C200","width":350,"height":200,"srcset":"https:\/\/i0.wp.com\/www.24baires.com\/wp-content\/uploads\/2014\/03\/aula-vac%C3%ADa.jpg?resize=350%2C200 1x, https:\/\/i0.wp.com\/www.24baires.com\/wp-content\/uploads\/2014\/03\/aula-vac%C3%ADa.jpg?resize=525%2C300 1.5x"},"classes":[]},{"id":81545,"url":"https:\/\/www.24baires.com\/?p=81545","url_meta":{"origin":7390,"position":5},"title":"Udocba anticip\u00f3 que parar\u00e1 el pr\u00f3ximo 11 de mayo","author":"AF","date":"17\/04\/2016","format":false,"excerpt":"El secretario general de Udocba, Miguel \u00c1ngel D\u00edaz, adelant\u00f3 que ese gremio llevar\u00e1 adelante un paro el pr\u00f3ximo 11 de mayo para exigir una reapertura \u201cde la negociaci\u00f3n salarial\u201d. En declaraciones period\u00edsticas, el gremialista adelant\u00f3 que llevar\u00e1n adelante desde esa organizaci\u00f3n un paro el 11 de mayo en reclamo de\u2026","rel":"","context":"En \u00abSociedad\u00bb","block_context":{"text":"Sociedad","link":"https:\/\/www.24baires.com\/?cat=1"},"img":{"alt_text":"udocba","src":"https:\/\/i0.wp.com\/www.24baires.com\/wp-content\/uploads\/2014\/08\/udocba.jpg?resize=350%2C200","width":350,"height":200,"srcset":"https:\/\/i0.wp.com\/www.24baires.com\/wp-content\/uploads\/2014\/08\/udocba.jpg?resize=350%2C200 1x, https:\/\/i0.wp.com\/www.24baires.com\/wp-content\/uploads\/2014\/08\/udocba.jpg?resize=525%2C300 1.5x"},"classes":[]}],"jetpack_sharing_enabled":true,"jetpack_likes_enabled":true,"_links":{"self":[{"href":"https:\/\/www.24baires.com\/index.php?rest_route=\/wp\/v2\/posts\/7390","targetHints":{"allow":["GET"]}}],"collection":[{"href":"https:\/\/www.24baires.com\/index.php?rest_route=\/wp\/v2\/posts"}],"about":[{"href":"https:\/\/www.24baires.com\/index.php?rest_route=\/wp\/v2\/types\/post"}],"author":[{"embeddable":true,"href":"https:\/\/www.24baires.com\/index.php?rest_route=\/wp\/v2\/users\/11"}],"replies":[{"embeddable":true,"href":"https:\/\/www.24baires.com\/index.php?rest_route=%2Fwp%2Fv2%2Fcomments&post=7390"}],"version-history":[{"count":1,"href":"https:\/\/www.24baires.com\/index.php?rest_route=\/wp\/v2\/posts\/7390\/revisions"}],"predecessor-version":[{"id":7391,"href":"https:\/\/www.24baires.com\/index.php?rest_route=\/wp\/v2\/posts\/7390\/revisions\/7391"}],"wp:attachment":[{"href":"https:\/\/www.24baires.com\/index.php?rest_route=%2Fwp%2Fv2%2Fmedia&parent=7390"}],"wp:term":[{"taxonomy":"category","embeddable":true,"href":"https:\/\/www.24baires.com\/index.php?rest_route=%2Fwp%2Fv2%2Fcategories&post=7390"},{"taxonomy":"post_tag","embeddable":true,"href":"https:\/\/www.24baires.com\/index.php?rest_route=%2Fwp%2Fv2%2Ftags&post=7390"}],"curies":[{"name":"wp","href":"https:\/\/api.w.org\/{rel}","templated":true}]}}