{"id":7386,"date":"2012-11-30T18:02:53","date_gmt":"2012-11-30T21:02:53","guid":{"rendered":"http:\/\/www.24baires.com\/?p=7386"},"modified":"2012-11-30T18:02:53","modified_gmt":"2012-11-30T21:02:53","slug":"sigue-el-culebron-ahora-de-lucia-le-pide-a-baradel-que-deje-de-extorsionar","status":"publish","type":"post","link":"https:\/\/www.24baires.com\/?p=7386","title":{"rendered":"Sigue el culebr\u00f3n: Ahora De Luc\u00eda le pide a Baradel \u00abque deje de extorsionar\u00bb"},"content":{"rendered":"<p><img data-recalc-dims=\"1\" loading=\"lazy\" decoding=\"async\" class=\"alignleft size-medium wp-image-7074\" title=\"de luc\u00eda\" src=\"https:\/\/i0.wp.com\/www.24baires.com\/wp-content\/uploads\/2012\/11\/de-luc%C3%ADa.jpg?resize=300%2C200\" alt=\"\" width=\"300\" height=\"200\" srcset=\"https:\/\/i0.wp.com\/www.24baires.com\/wp-content\/uploads\/2012\/11\/de-luc%C3%ADa.jpg?resize=300%2C200&amp;ssl=1 300w, https:\/\/i0.wp.com\/www.24baires.com\/wp-content\/uploads\/2012\/11\/de-luc%C3%ADa.jpg?w=400&amp;ssl=1 400w\" sizes=\"auto, (max-width: 300px) 100vw, 300px\" \/>El secretario general del SUTEBA<a href=\"http:\/\/www.24baires.com\/provincia\/7310-suteba-denuncia-persecuciones-y-listas-negras-y-que-en-2013-no-iniciaran-las-clases\/\" target=\"_blank\"> hab\u00eda anticipado que en las actuales condiciones<\/a> de di\u00e1logo con el Gobierno bonaerense \u00abno comenzar\u00e1 el ciclo lectivo\u00bb. Tras reiterar que este a\u00f1o \u00abno habr\u00e1n negociaciones salariales\u00bb, la ministra consider\u00f3 que el sindicalista \u00abquiere intimidarnos\u00bb, y destac\u00f3 \u00abla disposici\u00f3n constante al di\u00e1logo del gobernador y todo su Gabinete\u00bb.<!--more--><\/p>\n<p>La directora general de Cultura y Educaci\u00f3n bonaerense, Nora De Luc\u00eda, contest\u00f3 este viernes las declaraciones realizadas por el secretario general del SUTEBA y la CTA Provincia, Roberto Baradel, y le reclam\u00f3 \u201cque deje de extorsionar\u201d.<\/p>\n<p>Baradel hab\u00eda manifestado que \u201csi el panorama contin\u00faa as\u00ed, no comenzar\u00e1 el ciclo lectivo\u201d el a\u00f1o que viene, en relaci\u00f3n a que la administraci\u00f3n de Daniel Scioli \u201csigue sin garantizar el pago de los trabajadores, ya que todav\u00eda hay miles de docentes y auxiliares de la educaci\u00f3n que no han cobrado su salario, no ha convocado a la Comisi\u00f3n T\u00e9cnica Salarial, todav\u00eda no hay normativa para las Asignaciones Familiares, contin\u00faan los problemas en el Servicio Alimentario Escolar (SAE) y siguen sin dar respuestas relacionadas al \u00e1rea de infraestructura y al cronograma de obras\u201d.<\/p>\n<p>Ante ello, y en declaraciones que reproduce BA Noticias, De Luc\u00eda reiter\u00f3 que este a\u00f1o no habr\u00e1 negociaciones salariales en la Provincia, y remarc\u00f3 que \u201ceste gobierno, que tiene el 56% del acompa\u00f1amiento popular, no se va a dejar extorsionar por Baradel\u201d, para luego enfatizar que \u201cvamos a trabajar firmemente para que los chicos sigan teniendo m\u00e1s y mejor educaci\u00f3n\u201d.<\/p>\n<p>La titular de la cartera educativa bonaerense cuestion\u00f3 que \u201cya se est\u00e9 pensando en no iniciar las clases el pr\u00f3ximo a\u00f1o\u201d, y consider\u00f3 que el sindicalista \u201cquiere intimidarnos\u201d. Por otra parte, destac\u00f3 \u201cla disposici\u00f3n constante al di\u00e1logo del gobernador y todo su Gabinete\u201d, pero se\u00f1al\u00f3 que \u201cno puede ser un di\u00e1logo con pautas preimpuestas\u201d sino que el mismo \u201cdebe ser un di\u00e1logo racional que fortalezca el sistema educativo\u201d.<\/p>\n<p>Es importante destacar que Baradel tambi\u00e9n denunci\u00f3 \u201cpersecuci\u00f3n\u201d por parte de las autoridades educativas y del propio Gobierno provincial hacia los docentes, y alert\u00f3 que \u201cle est\u00e1n pidiendo listas negras a los directores de las escuelas para que entreguen, con nombre y apellido, a los docentes que realizaron y participaron en las medidas de fuerza\u201d.<\/p>\n<p>&nbsp;<\/p>\n<p>&nbsp;<\/p>\n<p>&nbsp;<\/p>\n","protected":false},"excerpt":{"rendered":"<p>El secretario general del SUTEBA hab\u00eda anticipado que en las actuales condiciones de di\u00e1logo con el Gobierno bonaerense \u00abno comenzar\u00e1 el ciclo lectivo\u00bb. Tras reiterar que este a\u00f1o \u00abno habr\u00e1n negociaciones salariales\u00bb, la ministra consider\u00f3 que el sindicalista \u00abquiere intimidarnos\u00bb, y destac\u00f3 \u00abla disposici\u00f3n constante al di\u00e1logo del gobernador y todo su Gabinete\u00bb.<\/p>\n","protected":false},"author":11,"featured_media":0,"comment_status":"open","ping_status":"open","sticky":false,"template":"","format":"standard","meta":{"_jetpack_newsletter_access":"","_jetpack_dont_email_post_to_subs":false,"_jetpack_newsletter_tier_id":0,"_jetpack_memberships_contains_paywalled_content":false,"_jetpack_memberships_contains_paid_content":false,"footnotes":""},"categories":[40,1],"tags":[],"class_list":["post-7386","post","type-post","status-publish","format-standard","hentry","category-provincia","category-sociedad"],"jetpack_featured_media_url":"","jetpack_shortlink":"https:\/\/wp.me\/p2JWE0-1V8","jetpack-related-posts":[{"id":114251,"url":"https:\/\/www.24baires.com\/?p=114251","url_meta":{"origin":7386,"position":0},"title":"Docentes: dos gremios rechazaron y uno acept\u00f3, pero las clases empiezan","author":"GB","date":"29\/02\/2020","format":false,"excerpt":"Suteba fue el \u00fanico gremio que dio el visto bueno, aunque los sindicatos que no lo hicieron descartaron una medida de fuerza. El Sindicato \u00danico de Trabajadores de la Educaci\u00f3n de Buenos Aires (Suteba) acept\u00f3 la propuesta de aumento salarial del Gobierno provincial, pero la Uni\u00f3n de Docentes de Buenos\u2026","rel":"","context":"En \u00abProvincia\u00bb","block_context":{"text":"Provincia","link":"https:\/\/www.24baires.com\/?cat=40"},"img":{"alt_text":"","src":"https:\/\/i0.wp.com\/www.24baires.com\/wp-content\/uploads\/2020\/01\/kicillof-docentes.jpeg?resize=350%2C200","width":350,"height":200,"srcset":"https:\/\/i0.wp.com\/www.24baires.com\/wp-content\/uploads\/2020\/01\/kicillof-docentes.jpeg?resize=350%2C200 1x, https:\/\/i0.wp.com\/www.24baires.com\/wp-content\/uploads\/2020\/01\/kicillof-docentes.jpeg?resize=525%2C300 1.5x"},"classes":[]},{"id":100049,"url":"https:\/\/www.24baires.com\/?p=100049","url_meta":{"origin":7386,"position":1},"title":"Gremios docentes advierten que en estas condiciones \u201cno comenzar\u00e1n las clases\u201d","author":"GB","date":"19\/01\/2018","format":false,"excerpt":"As\u00ed lo asegur\u00f3 el secretario General de SUTEBA, quien envi\u00f3 un mensaje al Ejecutivo y ya puso los primeros requerimientos para que el ciclo lectivo inicie a tiempo. En medio del clima de tensi\u00f3n por el decreto de Mauricio Macri que elimina la paritaria nacional docente y quita injerencia a\u2026","rel":"","context":"En \u00abProvincia\u00bb","block_context":{"text":"Provincia","link":"https:\/\/www.24baires.com\/?cat=40"},"img":{"alt_text":"","src":"https:\/\/i0.wp.com\/www.24baires.com\/wp-content\/uploads\/2017\/03\/marcha-federal-docente.jpg?resize=350%2C200","width":350,"height":200,"srcset":"https:\/\/i0.wp.com\/www.24baires.com\/wp-content\/uploads\/2017\/03\/marcha-federal-docente.jpg?resize=350%2C200 1x, https:\/\/i0.wp.com\/www.24baires.com\/wp-content\/uploads\/2017\/03\/marcha-federal-docente.jpg?resize=525%2C300 1.5x"},"classes":[]},{"id":103024,"url":"https:\/\/www.24baires.com\/?p=103024","url_meta":{"origin":7386,"position":2},"title":"Docentes de todo el pa\u00eds paran el pr\u00f3ximo martes","author":"GB","date":"27\/06\/2018","format":false,"excerpt":"Bajo la consigna \u201cla represi\u00f3n es nuestro l\u00edmite\u201d, la CTERA lanz\u00f3 un paro nacional con movilizaci\u00f3n para el 3 de julio. Por ahora adhiere SUTEBA, que adelant\u00f3 que estudia un paro provincial antes del receso de invierno. Los docentes de todo el pa\u00eds parar\u00e1n el pr\u00f3ximo martes, 3 de julio,\u2026","rel":"","context":"En \u00abPol\u00edtica\u00bb","block_context":{"text":"Pol\u00edtica","link":"https:\/\/www.24baires.com\/?cat=51"},"img":{"alt_text":"","src":"https:\/\/i0.wp.com\/www.24baires.com\/wp-content\/uploads\/2016\/03\/ctera-paro.jpg?resize=350%2C200","width":350,"height":200,"srcset":"https:\/\/i0.wp.com\/www.24baires.com\/wp-content\/uploads\/2016\/03\/ctera-paro.jpg?resize=350%2C200 1x, https:\/\/i0.wp.com\/www.24baires.com\/wp-content\/uploads\/2016\/03\/ctera-paro.jpg?resize=525%2C300 1.5x"},"classes":[]},{"id":106233,"url":"https:\/\/www.24baires.com\/?p=106233","url_meta":{"origin":7386,"position":3},"title":"Baradel denuncia campa\u00f1a de fake news en su contra elaborada por Macri y Vidal","author":"AF","date":"07\/01\/2019","format":false,"excerpt":"El secretario General de Suteba acus\u00f3 al Presidente y a la Gobernadora de la Provincia de Buenos Aires como responsables del ataque que el docente padece en redes sociales a manos del troll center macrista. Bajo una violenta campa\u00f1a de noticias falsas, propiciadas desde un centenar de cuentas de trolls\u2026","rel":"","context":"En \u00abPol\u00edtica\u00bb","block_context":{"text":"Pol\u00edtica","link":"https:\/\/www.24baires.com\/?cat=51"},"img":{"alt_text":"","src":"https:\/\/i0.wp.com\/www.24baires.com\/wp-content\/uploads\/2018\/10\/baradel.jpg?resize=350%2C200","width":350,"height":200,"srcset":"https:\/\/i0.wp.com\/www.24baires.com\/wp-content\/uploads\/2018\/10\/baradel.jpg?resize=350%2C200 1x, https:\/\/i0.wp.com\/www.24baires.com\/wp-content\/uploads\/2018\/10\/baradel.jpg?resize=525%2C300 1.5x"},"classes":[]},{"id":16141,"url":"https:\/\/www.24baires.com\/?p=16141","url_meta":{"origin":7386,"position":4},"title":"Baradel asegur\u00f3 que reci\u00e9n el viernes se sabr\u00e1 si comienzan las clases","author":"AF","date":"19\/02\/2013","format":false,"excerpt":"El titular del Sindicato de Trabajadores de la Educaci\u00f3n de Buenos Aires (Suteba) , Roberto Baradel dialog\u00f3 con una radio porte\u00f1a y asegur\u00f3 que \"el viernes decidimos si empiezan las clases. Hoy, casi sobre el inicio del ciclo lectivo no hay convocatoria. La ministra de Educaci\u00f3n (Nora de Luc\u00eda) no\u2026","rel":"","context":"En \u00abSociedad\u00bb","block_context":{"text":"Sociedad","link":"https:\/\/www.24baires.com\/?cat=1"},"img":{"alt_text":"","src":"","width":0,"height":0},"classes":[]},{"id":14824,"url":"https:\/\/www.24baires.com\/?p=14824","url_meta":{"origin":7386,"position":5},"title":"Baradel asegur\u00f3 que no habr\u00e1 acuerdo si Provincia ofrece un aumento del 18%","author":"AF","date":"06\/02\/2013","format":false,"excerpt":"A dos d\u00edas de la reuni\u00f3n de comisiones t\u00e9cnicas entre los gremios docentes y las autoridades de la Provincia, el Frente Gremial espera una \u201cdecisi\u00f3n pol\u00edtica\u201d para que no peligre el inicio del ciclo lectivo. El titular de SUTEBA, quien asegur\u00f3 que \u201cel comienzo de las clases depender\u00e1 de la\u2026","rel":"","context":"En \u00abSociedad\u00bb","block_context":{"text":"Sociedad","link":"https:\/\/www.24baires.com\/?cat=1"},"img":{"alt_text":"","src":"","width":0,"height":0},"classes":[]}],"jetpack_sharing_enabled":true,"jetpack_likes_enabled":true,"_links":{"self":[{"href":"https:\/\/www.24baires.com\/index.php?rest_route=\/wp\/v2\/posts\/7386","targetHints":{"allow":["GET"]}}],"collection":[{"href":"https:\/\/www.24baires.com\/index.php?rest_route=\/wp\/v2\/posts"}],"about":[{"href":"https:\/\/www.24baires.com\/index.php?rest_route=\/wp\/v2\/types\/post"}],"author":[{"embeddable":true,"href":"https:\/\/www.24baires.com\/index.php?rest_route=\/wp\/v2\/users\/11"}],"replies":[{"embeddable":true,"href":"https:\/\/www.24baires.com\/index.php?rest_route=%2Fwp%2Fv2%2Fcomments&post=7386"}],"version-history":[{"count":3,"href":"https:\/\/www.24baires.com\/index.php?rest_route=\/wp\/v2\/posts\/7386\/revisions"}],"predecessor-version":[{"id":7389,"href":"https:\/\/www.24baires.com\/index.php?rest_route=\/wp\/v2\/posts\/7386\/revisions\/7389"}],"wp:attachment":[{"href":"https:\/\/www.24baires.com\/index.php?rest_route=%2Fwp%2Fv2%2Fmedia&parent=7386"}],"wp:term":[{"taxonomy":"category","embeddable":true,"href":"https:\/\/www.24baires.com\/index.php?rest_route=%2Fwp%2Fv2%2Fcategories&post=7386"},{"taxonomy":"post_tag","embeddable":true,"href":"https:\/\/www.24baires.com\/index.php?rest_route=%2Fwp%2Fv2%2Ftags&post=7386"}],"curies":[{"name":"wp","href":"https:\/\/api.w.org\/{rel}","templated":true}]}}