{"id":7380,"date":"2012-11-30T15:41:39","date_gmt":"2012-11-30T18:41:39","guid":{"rendered":"http:\/\/www.24baires.com\/?p=7380"},"modified":"2012-11-30T15:41:39","modified_gmt":"2012-11-30T18:41:39","slug":"la-cpm-reclamo-que-diputados-bonaerenses-traten-el-mecanismo-contra-la-tortura","status":"publish","type":"post","link":"https:\/\/www.24baires.com\/?p=7380","title":{"rendered":"La CPM reclam\u00f3 que diputados bonaerenses traten el mecanismo contra la tortura"},"content":{"rendered":"<p>Tras celebrar la ley que se aprob\u00f3 en el Congreso Nacional, la Comisi\u00f3n Provincial por la Memoria (CPM), aprovech\u00f3 para pedir celeridad en torno a una iniciativa similar que ya cuenta con media sanci\u00f3n del Senado bonaerense. \u201cEl importante apoyo que tuvo la sanci\u00f3n del proyecto a nivel nacional deber\u00eda tener su correlato en la C\u00e1mara de Diputados provincial\u201d, sostuvo el organismo.<!--more--><\/p>\n<p>Desde esta semana es ley en nuestro pa\u00eds la creaci\u00f3n del Sistema Nacional de Prevenci\u00f3n de la Tortura y otros Tratos o Penas Crueles, Inhumanos o Degradantes, cuyo objeto ser\u00e1 garantizar todos los derechos reconocidos por la Organizaci\u00f3n de Naciones Unidas (ONU) en c\u00e1rceles y otros lugares de encierro.<\/p>\n<p>La norma, que fue sancionada el mi\u00e9rcoles \u00faltimo en la C\u00e1mara de Diputados de la Naci\u00f3n, establece atribuciones b\u00e1sicas de control, prevenci\u00f3n y sanci\u00f3n de la tortura. Garantiza el acceso irrestricto a los lugares de detenci\u00f3n y a la informaci\u00f3n relacionada con las personas privadas de libertad y la posibilidad de realizar registros f\u00edlmicos y fotogr\u00e1ficos.<\/p>\n<p>El proyecto fue elaborado por 23 organizaciones de diferentes provincias argentinas, que discutieron durante varios meses los detalles de este dispositivo contra la tortura.<\/p>\n<p>Una de esas organizaciones fue la Comisi\u00f3n por la Memoria (CPM) bonaerense, que destac\u00f3 que la ley sancionada a nivel nacional fija \u201crequisitos m\u00ednimos para la creaci\u00f3n de los mecanismos provinciales, que deber\u00e1n ser creados por ley\u201d.<\/p>\n<p>Estos deber\u00e1n garantizar: independencia funcional y autarqu\u00eda financiera, publicidad y participaci\u00f3n efectiva de la sociedad civil en el proceso de creaci\u00f3n y funcionamiento del\/los mecanismos locales, respeto de los principios de equidad de g\u00e9nero, no discriminaci\u00f3n y multidisciplinariedad en su composici\u00f3n, articulaci\u00f3n con las organizaciones e instituciones que desarrollan tareas vinculadas con la situaci\u00f3n de las personas privadas de libertad, provisi\u00f3n de los recursos espec\u00edficos y establecimiento de mecanismos de rendici\u00f3n de cuentas.<\/p>\n<p>En la provincia de Buenos Aires existe un proyecto de ley en ese sentido, elaborado por el senador Santiago Carreras, para crear el Sistema Provincial de Prevenci\u00f3n de la Tortura en el Servicio Penitenciario.<\/p>\n<p>La iniciativa obtuvo media sanci\u00f3n por unanimidad a mediados de octubre en la C\u00e1mara alta, pero cuando era girada a Diputados el gobernador Daniel Scioli cre\u00f3 por decreto su propio mecanismo contra la tortura, demorando el avance del proyecto parlamentario en la Legislatura.<\/p>\n<p>El decreto de Scioli estableci\u00f3 una Comisi\u00f3n Interministerial y un Consejo Consultivo destinados a la prevenci\u00f3n de la tortura y otros tratos crueles en contextos de encierro, adonde ya se remitieron varias denuncias, aunque a un mes y medio de su creaci\u00f3n no se registraron resultados concretos para terminar con los graves maltratos que sufren las personas privadas de su libertad en las c\u00e1rceles bonaerenses.<\/p>\n<p>De hecho, en una reciente entrevista con AgePeBA, el director del Comit\u00e9 contra la Tortura de la CPM, Roberto Cipriano Garc\u00eda, advirti\u00f3 que la Comisi\u00f3n Interministerial del gobernador \u201cde ninguna manera cumple con el protocolo facultativo de la Convenci\u00f3n contra la Tortura, que es un protocolo internacional a trav\u00e9s del cual Argentina, que ya lo ha ratificado, tiene la obligaci\u00f3n de crear mecanismos de control y de prevenci\u00f3n de la tortura\u201d.<\/p>\n<p>\u201cEstos mecanismos tienen que ser independientes del Poder Ejecutivo y tienen que tener autonom\u00eda financiera, funcional\u201d, explic\u00f3 al ponderar el proyecto impulsado desde la Comisi\u00f3n de Derechos Humanos del Senado bonaerense, que preside Carreras.<\/p>\n<p>Tras la sanci\u00f3n del mecanismo contra la tortura en el Congreso, la CPM insisti\u00f3 una vez m\u00e1s con la iniciativa demorada en la C\u00e1mara de Diputados de la Provincia.<\/p>\n<p>\u201cEl importante apoyo que tuvo la sanci\u00f3n del proyecto a nivel nacional deber\u00eda tener su correlato en la C\u00e1mara de Diputados provincial para aprobar el Mecanismo Provincial de Prevenci\u00f3n de la Tortura\u201d, afirm\u00f3 el organismo de derechos humanos.<\/p>\n<p>&nbsp;<\/p>\n<p>&nbsp;<\/p>\n<p>&nbsp;<\/p>\n<p>&nbsp;<\/p>\n<p>&nbsp;<\/p>\n<p>&nbsp;<\/p>\n<p>&nbsp;<\/p>\n<p>&nbsp;<\/p>\n<p>&nbsp;<\/p>\n<p>&nbsp;<\/p>\n<p>&nbsp;<\/p>\n<p>&nbsp;<\/p>\n<p>&nbsp;<\/p>\n<p>&nbsp;<\/p>\n","protected":false},"excerpt":{"rendered":"<p>Tras celebrar la ley que se aprob\u00f3 en el Congreso Nacional, la Comisi\u00f3n Provincial por la Memoria (CPM), aprovech\u00f3 para pedir celeridad en torno a una iniciativa similar que ya cuenta con media sanci\u00f3n del Senado bonaerense. \u201cEl importante apoyo que tuvo la sanci\u00f3n del proyecto a nivel nacional deber\u00eda tener su correlato en la C\u00e1mara de Diputados provincial\u201d, sostuvo [&#8230;]<\/p>\n","protected":false},"author":11,"featured_media":0,"comment_status":"open","ping_status":"open","sticky":false,"template":"","format":"standard","meta":{"_jetpack_newsletter_access":"","_jetpack_dont_email_post_to_subs":false,"_jetpack_newsletter_tier_id":0,"_jetpack_memberships_contains_paywalled_content":false,"_jetpack_memberships_contains_paid_content":false,"footnotes":""},"categories":[40],"tags":[],"class_list":["post-7380","post","type-post","status-publish","format-standard","hentry","category-provincia"],"jetpack_featured_media_url":"","jetpack_shortlink":"https:\/\/wp.me\/p2JWE0-1V2","jetpack-related-posts":[{"id":111505,"url":"https:\/\/www.24baires.com\/?p=111505","url_meta":{"origin":7380,"position":0},"title":"En 2018 se denunciaron m\u00e1s 6 mil hechos de torturas en c\u00e1rceles y comisar\u00edas del pa\u00eds","author":"GB","date":"08\/08\/2019","format":false,"excerpt":"Este jueves se presenta el informe 2018 del Registro Nacional de Casos de Tortura y\/o Malos Tratos Este ueves 8 de agosto a las 16, en la sede de la Comisi\u00f3n Provincial por la Memoria, se presenta el informe 2018 del Registro Nacional de Casos de Tortura y\/o Malos Tratos.\u2026","rel":"","context":"En \u00abSociedad\u00bb","block_context":{"text":"Sociedad","link":"https:\/\/www.24baires.com\/?cat=1"},"img":{"alt_text":"","src":"https:\/\/i0.wp.com\/www.24baires.com\/wp-content\/uploads\/2017\/09\/carcel.jpg?resize=350%2C200","width":350,"height":200,"srcset":"https:\/\/i0.wp.com\/www.24baires.com\/wp-content\/uploads\/2017\/09\/carcel.jpg?resize=350%2C200 1x, https:\/\/i0.wp.com\/www.24baires.com\/wp-content\/uploads\/2017\/09\/carcel.jpg?resize=525%2C300 1.5x"},"classes":[]},{"id":120510,"url":"https:\/\/www.24baires.com\/?p=120510","url_meta":{"origin":7380,"position":1},"title":"El Congreso cre\u00f3 tres universidades nacionales en la Provincia del Buenos Aires","author":"GB","date":"29\/09\/2023","format":false,"excerpt":"La C\u00e1mara de Senadores de la Naci\u00f3n le dio sanci\u00f3n definitiva a la creaci\u00f3n de tres universidades en la provincia de Buenos Aires. Tras casi un a\u00f1o de tr\u00e1mite legislativo, el Congreso de la Naci\u00f3n aprob\u00f3 la creaci\u00f3n de tres universidades emplazadas en la provincia de Buenos Aires. El gobernador\u2026","rel":"","context":"En \u00abSociedad\u00bb","block_context":{"text":"Sociedad","link":"https:\/\/www.24baires.com\/?cat=1"},"img":{"alt_text":"","src":"https:\/\/i0.wp.com\/www.24baires.com\/wp-content\/uploads\/2023\/09\/voto-congreso.webp?resize=350%2C200","width":350,"height":200,"srcset":"https:\/\/i0.wp.com\/www.24baires.com\/wp-content\/uploads\/2023\/09\/voto-congreso.webp?resize=350%2C200 1x, https:\/\/i0.wp.com\/www.24baires.com\/wp-content\/uploads\/2023\/09\/voto-congreso.webp?resize=525%2C300 1.5x, https:\/\/i0.wp.com\/www.24baires.com\/wp-content\/uploads\/2023\/09\/voto-congreso.webp?resize=700%2C400 2x"},"classes":[]},{"id":6626,"url":"https:\/\/www.24baires.com\/?p=6626","url_meta":{"origin":7380,"position":2},"title":"Para la CPM, el proyecto de excarcelaciones es \u00abinconstitucional\u00bb","author":"AF","date":"24\/11\/2012","format":false,"excerpt":"\"Nada tiene que ver con la constituci\u00f3n vigente\", dijo el director del Comit\u00e9 contra la Tortura de la Comisi\u00f3n Provincial por la Memoria (CPM), Roberto Cipriano Garc\u00eda, respecto del proyecto aprobado en Diputados. \"Nosotros hemos salido a criticarla muy fuertemente incluso hicimos una presentaci\u00f3n a todos los legisladores, tanto diputados\u2026","rel":"","context":"En \u00abPol\u00edtica\u00bb","block_context":{"text":"Pol\u00edtica","link":"https:\/\/www.24baires.com\/?cat=51"},"img":{"alt_text":"","src":"","width":0,"height":0},"classes":[]},{"id":120810,"url":"https:\/\/www.24baires.com\/?p=120810","url_meta":{"origin":7380,"position":3},"title":"Axel Kicillof celebr\u00f3 la aprobaci\u00f3n de la Ley Impositiva y el endeudamiento","author":"GB","date":"29\/12\/2023","format":false,"excerpt":"El gobernador bonaerense, Axel Kicillof, emiti\u00f3 un mensaje luego de que la Legislatura Bonaerense aprobara la Ley Impositiva 2024 y el pedido de endeudamiento. a Legislatura Bonaerense aprob\u00f3 dos iniciativas fundamentales para el gobierno de Axel Kicillof: la Ley Impositiva 2024 y el endeudamiento. El mandatario celebr\u00f3 el visto bueno\u2026","rel":"","context":"En \u00abProvincia\u00bb","block_context":{"text":"Provincia","link":"https:\/\/www.24baires.com\/?cat=40"},"img":{"alt_text":"","src":"https:\/\/i0.wp.com\/www.24baires.com\/wp-content\/uploads\/2023\/12\/axel-rosas.webp?resize=350%2C200","width":350,"height":200,"srcset":"https:\/\/i0.wp.com\/www.24baires.com\/wp-content\/uploads\/2023\/12\/axel-rosas.webp?resize=350%2C200 1x, https:\/\/i0.wp.com\/www.24baires.com\/wp-content\/uploads\/2023\/12\/axel-rosas.webp?resize=525%2C300 1.5x, https:\/\/i0.wp.com\/www.24baires.com\/wp-content\/uploads\/2023\/12\/axel-rosas.webp?resize=700%2C400 2x"},"classes":[]},{"id":104603,"url":"https:\/\/www.24baires.com\/?p=104603","url_meta":{"origin":7380,"position":4},"title":"Preocupaci\u00f3n por el avance de las torturas sistem\u00e1ticas en c\u00e1rceles","author":"AF","date":"21\/09\/2018","format":false,"excerpt":"\"El sistema de encierro atraviesa una crisis humanitaria que no para de profundizarse ante la inacci\u00f3n, pasividad o complicidad de los tres poderes del Estado\", denunciaron desde la Comisi\u00f3n Provincial por la Memoria. La Comisi\u00f3n Provincial por la Memoria (CPM), la Procuraci\u00f3n Penitenciaria de la Naci\u00f3n y el GESPyDH del\u2026","rel":"","context":"En \u00abSociedad\u00bb","block_context":{"text":"Sociedad","link":"https:\/\/www.24baires.com\/?cat=1"},"img":{"alt_text":"","src":"https:\/\/i0.wp.com\/www.24baires.com\/wp-content\/uploads\/2018\/04\/c%C3%A1rcel-virrey-del-pino.jpg?resize=350%2C200","width":350,"height":200,"srcset":"https:\/\/i0.wp.com\/www.24baires.com\/wp-content\/uploads\/2018\/04\/c%C3%A1rcel-virrey-del-pino.jpg?resize=350%2C200 1x, https:\/\/i0.wp.com\/www.24baires.com\/wp-content\/uploads\/2018\/04\/c%C3%A1rcel-virrey-del-pino.jpg?resize=525%2C300 1.5x"},"classes":[]},{"id":119583,"url":"https:\/\/www.24baires.com\/?p=119583","url_meta":{"origin":7380,"position":5},"title":"Diputados dio media sanci\u00f3n al proyecto de ley de Alcohol Cero al volante","author":"GB","date":"25\/11\/2022","format":false,"excerpt":"Ahora pasar\u00e1 al Senado nacional y en caso de ser aprobado esperar\u00e1 la promulgaci\u00f3n por parte del Ejecutivo. En Mar del Plata y otros casi 50 municipios del pa\u00eds ya rige este l\u00edmite m\u00e1ximo para los conductores. C\u00e1mara de Diputados de la Naci\u00f3n dio media sanci\u00f3n al proyecto de ley\u2026","rel":"","context":"En \u00abSociedad\u00bb","block_context":{"text":"Sociedad","link":"https:\/\/www.24baires.com\/?cat=1"},"img":{"alt_text":"","src":"https:\/\/i0.wp.com\/www.24baires.com\/wp-content\/uploads\/2013\/09\/control-alcoholemia.jpg?resize=350%2C200","width":350,"height":200,"srcset":"https:\/\/i0.wp.com\/www.24baires.com\/wp-content\/uploads\/2013\/09\/control-alcoholemia.jpg?resize=350%2C200 1x, https:\/\/i0.wp.com\/www.24baires.com\/wp-content\/uploads\/2013\/09\/control-alcoholemia.jpg?resize=525%2C300 1.5x, https:\/\/i0.wp.com\/www.24baires.com\/wp-content\/uploads\/2013\/09\/control-alcoholemia.jpg?resize=700%2C400 2x"},"classes":[]}],"jetpack_sharing_enabled":true,"jetpack_likes_enabled":true,"_links":{"self":[{"href":"https:\/\/www.24baires.com\/index.php?rest_route=\/wp\/v2\/posts\/7380","targetHints":{"allow":["GET"]}}],"collection":[{"href":"https:\/\/www.24baires.com\/index.php?rest_route=\/wp\/v2\/posts"}],"about":[{"href":"https:\/\/www.24baires.com\/index.php?rest_route=\/wp\/v2\/types\/post"}],"author":[{"embeddable":true,"href":"https:\/\/www.24baires.com\/index.php?rest_route=\/wp\/v2\/users\/11"}],"replies":[{"embeddable":true,"href":"https:\/\/www.24baires.com\/index.php?rest_route=%2Fwp%2Fv2%2Fcomments&post=7380"}],"version-history":[{"count":4,"href":"https:\/\/www.24baires.com\/index.php?rest_route=\/wp\/v2\/posts\/7380\/revisions"}],"predecessor-version":[{"id":7385,"href":"https:\/\/www.24baires.com\/index.php?rest_route=\/wp\/v2\/posts\/7380\/revisions\/7385"}],"wp:attachment":[{"href":"https:\/\/www.24baires.com\/index.php?rest_route=%2Fwp%2Fv2%2Fmedia&parent=7380"}],"wp:term":[{"taxonomy":"category","embeddable":true,"href":"https:\/\/www.24baires.com\/index.php?rest_route=%2Fwp%2Fv2%2Fcategories&post=7380"},{"taxonomy":"post_tag","embeddable":true,"href":"https:\/\/www.24baires.com\/index.php?rest_route=%2Fwp%2Fv2%2Ftags&post=7380"}],"curies":[{"name":"wp","href":"https:\/\/api.w.org\/{rel}","templated":true}]}}