{"id":7372,"date":"2012-11-30T15:31:09","date_gmt":"2012-11-30T18:31:09","guid":{"rendered":"http:\/\/www.24baires.com\/?p=7372"},"modified":"2012-11-30T15:31:09","modified_gmt":"2012-11-30T18:31:09","slug":"promueven-que-los-30-de-noviembre-sean-declarados-dia-nacional-del-mate","status":"publish","type":"post","link":"https:\/\/www.24baires.com\/?p=7372","title":{"rendered":"Promueven que los 30 de noviembre sean declarados D\u00eda Nacional del Mate"},"content":{"rendered":"<p><img data-recalc-dims=\"1\" loading=\"lazy\" decoding=\"async\" class=\"alignleft  wp-image-7373\" title=\"Mate_en_calabaza\" src=\"https:\/\/i0.wp.com\/www.24baires.com\/wp-content\/uploads\/2012\/11\/Mate_en_calabaza.jpg?resize=151%2C216\" alt=\"\" width=\"151\" height=\"216\" srcset=\"https:\/\/i0.wp.com\/www.24baires.com\/wp-content\/uploads\/2012\/11\/Mate_en_calabaza.jpg?resize=210%2C300&amp;ssl=1 210w, https:\/\/i0.wp.com\/www.24baires.com\/wp-content\/uploads\/2012\/11\/Mate_en_calabaza.jpg?w=251&amp;ssl=1 251w\" sizes=\"auto, (max-width: 151px) 100vw, 151px\" \/>Por iniciativa de la diputada nacional por el Frente para la Victoria de Misiones, Julia Perie, tiene estado parlamentario declarar el 30 de noviembre como D\u00eda Nacional del Mate. La iniciativa ya fue aprobada por la C\u00e1mara de Diputados. \u00a0La legisladora explic\u00f3 que un d\u00eda como hoy nac\u00eda Andresito Guacurar\u00ed Artigas, \u201cuno de los h\u00e9roes m\u00e1ximos que tenemos en Misiones y en parte de Corrientes\u201d. Agreg\u00f3 que es una forma de \u201crecuperar la memoria hist\u00f3rica de los h\u00e9roes que ha tenido nuestra patria\u201d, como Andresito \u201cun aborigen que ha marcado parte de la historia de nuestra regi\u00f3n\u201d.<!--more--><\/p>\n<p>&nbsp;<\/p>\n<p>A Andresito se lo conoce tambi\u00e9n como Andr\u00e9s Artigas porque Jos\u00e9 Artigas fue su padrino y lo adopt\u00f3 en 1811.<\/p>\n<p>Julia Perie dijo por Radio Provincia subray\u00f3 que cuando se conmemore en D\u00eda del Mate, habr\u00e1 quienes se interesen en saber por qu\u00e9 es el 30 de noviembre y entonces tendr\u00e1n la oportunidad de conocer la vida y la lucha de Andresito.<\/p>\n<p>&nbsp;<\/p>\n<p>&nbsp;<\/p>\n","protected":false},"excerpt":{"rendered":"<p>Por iniciativa de la diputada nacional por el Frente para la Victoria de Misiones, Julia Perie, tiene estado parlamentario declarar el 30 de noviembre como D\u00eda Nacional del Mate. La iniciativa ya fue aprobada por la C\u00e1mara de Diputados. \u00a0La legisladora explic\u00f3 que un d\u00eda como hoy nac\u00eda Andresito Guacurar\u00ed Artigas, \u201cuno de los h\u00e9roes m\u00e1ximos que tenemos en Misiones [&#8230;]<\/p>\n","protected":false},"author":11,"featured_media":0,"comment_status":"open","ping_status":"open","sticky":false,"template":"","format":"standard","meta":{"_jetpack_newsletter_access":"","_jetpack_dont_email_post_to_subs":false,"_jetpack_newsletter_tier_id":0,"_jetpack_memberships_contains_paywalled_content":false,"_jetpack_memberships_contains_paid_content":false,"footnotes":""},"categories":[1],"tags":[],"class_list":["post-7372","post","type-post","status-publish","format-standard","hentry","category-sociedad"],"jetpack_featured_media_url":"","jetpack_shortlink":"https:\/\/wp.me\/p2JWE0-1UU","jetpack-related-posts":[{"id":67525,"url":"https:\/\/www.24baires.com\/?p=67525","url_meta":{"origin":7372,"position":0},"title":"\u00abLa candidatura de M\u00e1ximo ser\u00eda un aporte importante para la pol\u00edtica y el peronismo\u00bb","author":"AF","date":"14\/06\/2015","format":false,"excerpt":"El senador Juan Manuel Abal Medina opin\u00f3 sobre la encuesta que indic\u00f3 que el dirigente tiene una intenci\u00f3n de voto de casi 27 por ciento como postulante a diputado nacionales por la provincia de Buenos Aires del Frente para la Victoria. El ex jefe de Gabinete hizo estas declaraciones al\u2026","rel":"","context":"En \u00abElecciones 2015\u00bb","block_context":{"text":"Elecciones 2015","link":"https:\/\/www.24baires.com\/?cat=74"},"img":{"alt_text":"","src":"","width":0,"height":0},"classes":[]},{"id":35432,"url":"https:\/\/www.24baires.com\/?p=35432","url_meta":{"origin":7372,"position":1},"title":"Proponen que el D\u00eda de la Juventud sea el 16 de septiembre","author":"GB","date":"19\/11\/2013","format":false,"excerpt":"El proyecto se tratar\u00e1 el mi\u00e9rcoles pr\u00f3ximo en diputados y es en conmemoraci\u00f3n por la Noche de los L\u00e1pices, cuando secuestraron a diez militantes secundarios, de los cuales seis a\u00fan se encuentran desaparecidos. El proyecto del Frente para la Victoria que establece al 16 de septiembre como D\u00eda de la\u2026","rel":"","context":"En \u00abPol\u00edtica\u00bb","block_context":{"text":"Pol\u00edtica","link":"https:\/\/www.24baires.com\/?cat=51"},"img":{"alt_text":"","src":"","width":0,"height":0},"classes":[]},{"id":7194,"url":"https:\/\/www.24baires.com\/?p=7194","url_meta":{"origin":7372,"position":2},"title":"Trenque Lauquen tiene su museo criollo","author":"AF","date":"29\/11\/2012","format":false,"excerpt":"Fue formalmente inaugurado el Museo Criollo de Trenque Lauquen, ubicado en calle Marconi 350. Se trata de una iniciativa privada que el artista tradicionalista Juan Carlos Artigas confeccion\u00f3 en su propio hogar. La ceremonia inaugural cont\u00f3 con la presencia del intendente Ra\u00fal Feito; el director de Cultura Municipal, Francisco Rossi;\u2026","rel":"","context":"En \u00abLocales\u00bb","block_context":{"text":"Locales","link":"https:\/\/www.24baires.com\/?cat=38"},"img":{"alt_text":"","src":"","width":0,"height":0},"classes":[]},{"id":116547,"url":"https:\/\/www.24baires.com\/?p=116547","url_meta":{"origin":7372,"position":3},"title":"Dolores Etchevehere llam\u00f3 \u00abcorruptos\u00bb a sus hermanos y convoc\u00f3 \u00aba transitar el Proyecto Artigas\u00bb","author":"AF","date":"26\/10\/2020","format":false,"excerpt":"En el marco de la puja familiar en el predio de Entre R\u00edos, la mujer realiz\u00f3 dur\u00edsimas declaraciones contra sus hermanos. Crece la tensi\u00f3n en el departamento de La Paz, Entre R\u00edos, por la puja familiar por el campo Casa Nueva, y en este marco, Dolores Etchevehere realiz\u00f3 este lunes\u2026","rel":"","context":"En \u00abLocales\u00bb","block_context":{"text":"Locales","link":"https:\/\/www.24baires.com\/?cat=38"},"img":{"alt_text":"","src":"https:\/\/i0.wp.com\/www.24baires.com\/wp-content\/uploads\/2020\/10\/dolores-etchevehere.jpg?resize=350%2C200","width":350,"height":200,"srcset":"https:\/\/i0.wp.com\/www.24baires.com\/wp-content\/uploads\/2020\/10\/dolores-etchevehere.jpg?resize=350%2C200 1x, https:\/\/i0.wp.com\/www.24baires.com\/wp-content\/uploads\/2020\/10\/dolores-etchevehere.jpg?resize=525%2C300 1.5x"},"classes":[]},{"id":61025,"url":"https:\/\/www.24baires.com\/?p=61025","url_meta":{"origin":7372,"position":4},"title":"Cristina viaj\u00f3 a China para firmar convenios","author":"Grupo Sierra","date":"30\/01\/2015","format":false,"excerpt":"La Presidenta parti\u00f3 rumbo al oriente desde el sector militar del aeroparque metropolitano a las 18.55 y est\u00e1 previsto que arribe el lunes a la noche o martes a la madrugada a Beijing, debido a que el avi\u00f3n Tango 01 tiene que hacer varias escalas para reabastecer combustible. Acompa\u00f1an a\u2026","rel":"","context":"En \u00abEconom\u00eda\u00bb","block_context":{"text":"Econom\u00eda","link":"https:\/\/www.24baires.com\/?cat=45"},"img":{"alt_text":"cristina y presi de china","src":"https:\/\/i0.wp.com\/www.24baires.com\/wp-content\/uploads\/2014\/07\/cristina-y-presi-de-china.jpg?resize=350%2C200","width":350,"height":200,"srcset":"https:\/\/i0.wp.com\/www.24baires.com\/wp-content\/uploads\/2014\/07\/cristina-y-presi-de-china.jpg?resize=350%2C200 1x, https:\/\/i0.wp.com\/www.24baires.com\/wp-content\/uploads\/2014\/07\/cristina-y-presi-de-china.jpg?resize=525%2C300 1.5x"},"classes":[]},{"id":116574,"url":"https:\/\/www.24baires.com\/?p=116574","url_meta":{"origin":7372,"position":5},"title":"Detuvieron a Dolores Etchevehere por resistirse al desalojo","author":"AF","date":"29\/10\/2020","format":false,"excerpt":"\"Como Proyecto Artigas decidimos retirarnos de Casa Nueva y continuar la batalla en la justicia\", anticip\u00f3 Juan Grabois. En la tarde de este jueves, Doloros Etchevehere qued\u00f3 detenida luego de haberse resistido a abandonar el campo familiar que ocupaba en Entre R\u00edos, del cual fue desalojada por orden judicial. As\u00ed\u2026","rel":"","context":"En \u00abLocales\u00bb","block_context":{"text":"Locales","link":"https:\/\/www.24baires.com\/?cat=38"},"img":{"alt_text":"","src":"https:\/\/i0.wp.com\/www.24baires.com\/wp-content\/uploads\/2020\/10\/dolores-etchevehere-1-300x225.jpg?resize=350%2C200","width":350,"height":200},"classes":[]}],"jetpack_sharing_enabled":true,"jetpack_likes_enabled":true,"_links":{"self":[{"href":"https:\/\/www.24baires.com\/index.php?rest_route=\/wp\/v2\/posts\/7372","targetHints":{"allow":["GET"]}}],"collection":[{"href":"https:\/\/www.24baires.com\/index.php?rest_route=\/wp\/v2\/posts"}],"about":[{"href":"https:\/\/www.24baires.com\/index.php?rest_route=\/wp\/v2\/types\/post"}],"author":[{"embeddable":true,"href":"https:\/\/www.24baires.com\/index.php?rest_route=\/wp\/v2\/users\/11"}],"replies":[{"embeddable":true,"href":"https:\/\/www.24baires.com\/index.php?rest_route=%2Fwp%2Fv2%2Fcomments&post=7372"}],"version-history":[{"count":4,"href":"https:\/\/www.24baires.com\/index.php?rest_route=\/wp\/v2\/posts\/7372\/revisions"}],"predecessor-version":[{"id":7379,"href":"https:\/\/www.24baires.com\/index.php?rest_route=\/wp\/v2\/posts\/7372\/revisions\/7379"}],"wp:attachment":[{"href":"https:\/\/www.24baires.com\/index.php?rest_route=%2Fwp%2Fv2%2Fmedia&parent=7372"}],"wp:term":[{"taxonomy":"category","embeddable":true,"href":"https:\/\/www.24baires.com\/index.php?rest_route=%2Fwp%2Fv2%2Fcategories&post=7372"},{"taxonomy":"post_tag","embeddable":true,"href":"https:\/\/www.24baires.com\/index.php?rest_route=%2Fwp%2Fv2%2Ftags&post=7372"}],"curies":[{"name":"wp","href":"https:\/\/api.w.org\/{rel}","templated":true}]}}