{"id":7362,"date":"2012-11-30T14:32:43","date_gmt":"2012-11-30T17:32:43","guid":{"rendered":"http:\/\/www.24baires.com\/?p=7362"},"modified":"2012-11-30T14:32:43","modified_gmt":"2012-11-30T17:32:43","slug":"la-provincia-no-es-un-vaciadero-para-que-la-capital-federal-traiga-sus-desechos","status":"publish","type":"post","link":"https:\/\/www.24baires.com\/?p=7362","title":{"rendered":"\u201cLa Provincia no es un vaciadero para que la Capital Federal traiga sus desechos\u201d"},"content":{"rendered":"<p>El Vicegobernador de la Provincia de Buenos Aires, <strong>Gabriel Mariotto<\/strong>, \u00a0opin\u00f3 sobre el incumplimiento por parte del gobierno porte\u00f1o a la Ley Basura 0 y como Presidente del Senado provincial resalt\u00f3 la importancia de la tarea legislativa: \u201cTuvimos 18 sesiones que permitieron trabajar en modificaciones al sistema judicial y en temas como la Ley de H\u00e1bitat\u201d.<!--more--><\/p>\n<p>En contacto con el programa C\u00f3digo La Plata, FM 90.9, Mariotto, se refiri\u00f3 a la medida tomada por el gobierno bonaerense solicitando a su par de la Ciudad Aut\u00f3noma de Buenos Aires el cumplimiento sobre las normativas que regulan el sistema de tratamiento de residuos y remarc\u00f3 que \u201cse est\u00e1 sosteniendo una pol\u00edtica al respecto\u201d.<\/p>\n<p>En ese sentido, sostuvo: \u201cEs muy bueno lo que hizo el Gobernador, porque tiene que ver con lo viene anunciando, ya lo plante\u00f3 en la apertura de sesiones en la Legislatura\u201d.<\/p>\n<p>\u201cLo intim\u00f3 al gobierno porte\u00f1o a que deje de llenar de basura la tierra de los bonaerense. Estamos plant\u00e1ndonos frente a una irreverencia que trae un gran dolor de cabeza, porque la provincia de Buenos Aires no es un vaciadero para que la Capital Federal traiga todos sus desechos. Hasta la constituci\u00f3n establece que no puede haber basura de otros distritos en la Provincia y por eso apoyamos la decisi\u00f3n tan firme del Gobernador\u201d, afirm\u00f3.<\/p>\n<p>En cuanto a su labor como Presidente de la C\u00e1mara de Senadores de la Provincia, Mariotto indic\u00f3: \u201cHay una agenda muy amplia y la Legislatura ha trabajado much\u00edsimo. Ayer se ha abordado la 18\u00aa sesi\u00f3n, yo no s\u00e9 si hay antecedentes de tantas sesiones y tantos temas abordados\u201d.<\/p>\n<p>\u201cHemos logrado trabajar en tem\u00e1ticas muy importantes, como los cambios estructurales en la justicia de la Provincia y en otros aspectos como la Ley de H\u00e1bitat que ha sido un aporte muy grande\u201d, concluy\u00f3 el Vicegobernador.<\/p>\n<p>Las declaraciones de Mariotto se dan luego de que el Gobernador endureciera su posici\u00f3n intimando a Mauricio Macri a respetar la ley. La posici\u00f3n del vicegobernador coincide con la que mantuvo la presidenta Cristina Fern\u00e1ndez tiempo atr\u00e1s cuando le reclam\u00f3 al jefe de Gobierno porte\u00f1o que acate la ley de Basura 0 y pidi\u00f3 la colaboraci\u00f3n de los intendentes y del propio Scioli para efectivizar la normativa.<\/p>\n","protected":false},"excerpt":{"rendered":"<p>El Vicegobernador de la Provincia de Buenos Aires, Gabriel Mariotto, \u00a0opin\u00f3 sobre el incumplimiento por parte del gobierno porte\u00f1o a la Ley Basura 0 y como Presidente del Senado provincial resalt\u00f3 la importancia de la tarea legislativa: \u201cTuvimos 18 sesiones que permitieron trabajar en modificaciones al sistema judicial y en temas como la Ley de H\u00e1bitat\u201d.<\/p>\n","protected":false},"author":11,"featured_media":0,"comment_status":"open","ping_status":"open","sticky":false,"template":"","format":"standard","meta":{"_jetpack_newsletter_access":"","_jetpack_dont_email_post_to_subs":false,"_jetpack_newsletter_tier_id":0,"_jetpack_memberships_contains_paywalled_content":false,"_jetpack_memberships_contains_paid_content":false,"footnotes":""},"categories":[40],"tags":[],"class_list":["post-7362","post","type-post","status-publish","format-standard","hentry","category-provincia"],"jetpack_featured_media_url":"","jetpack_shortlink":"https:\/\/wp.me\/p2JWE0-1UK","jetpack-related-posts":[{"id":72199,"url":"https:\/\/www.24baires.com\/?p=72199","url_meta":{"origin":7362,"position":0},"title":"Scioli asegur\u00f3 que impulsar\u00e1 el boleto estudiantil gratuito para todo el pa\u00eds","author":"AF","date":"16\/09\/2015","format":false,"excerpt":"Dijo que lo har\u00e1 en caso de resultar electo, en el marco de un acto celebrado en el Teatro Argentino de La Plata, acompa\u00f1ado de Gabriel Mariotto. El candidato presidencial del Frente para la Victoria (FpV) destac\u00f3 la implementaci\u00f3n del boleto estudiantil gratuito en la provincia de Buenos Aires y\u2026","rel":"","context":"En \u00abSociedad\u00bb","block_context":{"text":"Sociedad","link":"https:\/\/www.24baires.com\/?cat=1"},"img":{"alt_text":"scioli23","src":"https:\/\/i0.wp.com\/www.24baires.com\/wp-content\/uploads\/2015\/09\/scioli23.jpg?resize=350%2C200","width":350,"height":200,"srcset":"https:\/\/i0.wp.com\/www.24baires.com\/wp-content\/uploads\/2015\/09\/scioli23.jpg?resize=350%2C200 1x, https:\/\/i0.wp.com\/www.24baires.com\/wp-content\/uploads\/2015\/09\/scioli23.jpg?resize=525%2C300 1.5x"},"classes":[]},{"id":3108,"url":"https:\/\/www.24baires.com\/?p=3108","url_meta":{"origin":7362,"position":1},"title":"Guardavidas de la Provincia piden formar parte del IPS","author":"AF","date":"24\/10\/2012","format":false,"excerpt":"Concejales oficialistas marplatenses se reunieron con el vicegobernador Gabriel Mariotto y el senador Santiago Carreras para avanzar con el proyecto por medio del cual los guardavidas de la provincia ingresar\u00edan al sistema jubilatorio del IPS. \"Existe una clara voluntad pol\u00edtica por parte de la vicegobernaci\u00f3n para que ma\u00f1ana mismo este\u2026","rel":"","context":"En \u00abLocales\u00bb","block_context":{"text":"Locales","link":"https:\/\/www.24baires.com\/?cat=38"},"img":{"alt_text":"","src":"https:\/\/i0.wp.com\/www.24baires.com\/wp-content\/uploads\/2012\/10\/guardavidas-300x225.jpg?resize=350%2C200","width":350,"height":200},"classes":[]},{"id":37441,"url":"https:\/\/www.24baires.com\/?p=37441","url_meta":{"origin":7362,"position":2},"title":"Mariotto: el elegido","author":"Grupo Sierra","date":"26\/12\/2013","format":false,"excerpt":"Muchos son los interrogantes hacia el 2015 y las postulaciones que van y vienen. Pero algunos personajes (no s\u00f3lo de la pol\u00edtica) se encargaron de mencionar a uno de los candidatos que hasta ahora parece el m\u00e1s firme del kirchnerismo: Gabriel Mariotto. En primer lugar, la presidenta de Madres de\u2026","rel":"","context":"En \u00abPol\u00edtica\u00bb","block_context":{"text":"Pol\u00edtica","link":"https:\/\/www.24baires.com\/?cat=51"},"img":{"alt_text":"mariotto candela","src":"https:\/\/i0.wp.com\/www.24baires.com\/wp-content\/uploads\/2013\/04\/mariotto-candela.jpg?resize=350%2C200","width":350,"height":200,"srcset":"https:\/\/i0.wp.com\/www.24baires.com\/wp-content\/uploads\/2013\/04\/mariotto-candela.jpg?resize=350%2C200 1x, https:\/\/i0.wp.com\/www.24baires.com\/wp-content\/uploads\/2013\/04\/mariotto-candela.jpg?resize=525%2C300 1.5x"},"classes":[]},{"id":10559,"url":"https:\/\/www.24baires.com\/?p=10559","url_meta":{"origin":7362,"position":3},"title":"Scioli: \u00abCon Mariotto arrancamos con dificultades, pero terminamos el a\u00f1o en armon\u00eda\u201d","author":"AF","date":"27\/12\/2012","format":false,"excerpt":"LA PLATA - El gobernador Daniel Scioli, encabez\u00f3 el tradicional brindis de fin de a\u00f1o con los periodistas acreditados en la Gobernaci\u00f3n bonaerense. Repas\u00f3 diferentes puntos de su gesti\u00f3n y asegur\u00f3: \u201csomos el gobierno que m\u00e1s coparticipaci\u00f3n ha girado en la historia de la provincia Buenos Aires a los municipios\u201d.\u2026","rel":"","context":"En \u00abPol\u00edtica\u00bb","block_context":{"text":"Pol\u00edtica","link":"https:\/\/www.24baires.com\/?cat=51"},"img":{"alt_text":"scioli conferencia","src":"https:\/\/i0.wp.com\/www.24baires.com\/wp-content\/uploads\/2012\/12\/scioli-conferencia.jpg?resize=350%2C200","width":350,"height":200,"srcset":"https:\/\/i0.wp.com\/www.24baires.com\/wp-content\/uploads\/2012\/12\/scioli-conferencia.jpg?resize=350%2C200 1x, https:\/\/i0.wp.com\/www.24baires.com\/wp-content\/uploads\/2012\/12\/scioli-conferencia.jpg?resize=525%2C300 1.5x"},"classes":[]},{"id":41187,"url":"https:\/\/www.24baires.com\/?p=41187","url_meta":{"origin":7362,"position":4},"title":"Mariotto encabez\u00f3 el tercer Plenario de Pol\u00edticas P\u00fablicas","author":"GB","date":"26\/02\/2014","format":false,"excerpt":"Encabezado por el vicegobernador Gabriel Mariotto, el encuentro reuni\u00f3 a legisladores, intendentes, integrantes de los gabinetes nacionales y provinciales y dirigentes pol\u00edticos y sociales. \u201cLas comisiones est\u00e1n a pleno con los disparadores que dan los referentes de cada \u00e1rea, sirven como motor para que los ciudadanos ayuden a construir el\u2026","rel":"","context":"En \u00abPol\u00edtica\u00bb","block_context":{"text":"Pol\u00edtica","link":"https:\/\/www.24baires.com\/?cat=51"},"img":{"alt_text":"plenario de mariotto","src":"https:\/\/i0.wp.com\/www.24baires.com\/wp-content\/uploads\/2014\/02\/plenario-de-mariotto-300x190.jpg?resize=350%2C200","width":350,"height":200},"classes":[]},{"id":57449,"url":"https:\/\/www.24baires.com\/?p=57449","url_meta":{"origin":7362,"position":5},"title":"El Senado bonaerense aprob\u00f3 la ley de paritarias municipales","author":"GB","date":"20\/11\/2014","format":false,"excerpt":"La C\u00e1mara alta de la provincia de Buenos Aires aprob\u00f3 la medida que fija las nuevas relaciones laborales para los municipios. Diputados buscar\u00e1 convertirla en ley durante la jornada de hoy. La medida establece por primera vez el sistema de paritarias para la negociaci\u00f3n salarial de los empleados de las\u2026","rel":"","context":"En \u00abPol\u00edtica\u00bb","block_context":{"text":"Pol\u00edtica","link":"https:\/\/www.24baires.com\/?cat=51"},"img":{"alt_text":"senado BA","src":"https:\/\/i0.wp.com\/www.24baires.com\/wp-content\/uploads\/2012\/11\/senado-BA-300x220.jpg?resize=350%2C200","width":350,"height":200},"classes":[]}],"jetpack_sharing_enabled":true,"jetpack_likes_enabled":true,"_links":{"self":[{"href":"https:\/\/www.24baires.com\/index.php?rest_route=\/wp\/v2\/posts\/7362","targetHints":{"allow":["GET"]}}],"collection":[{"href":"https:\/\/www.24baires.com\/index.php?rest_route=\/wp\/v2\/posts"}],"about":[{"href":"https:\/\/www.24baires.com\/index.php?rest_route=\/wp\/v2\/types\/post"}],"author":[{"embeddable":true,"href":"https:\/\/www.24baires.com\/index.php?rest_route=\/wp\/v2\/users\/11"}],"replies":[{"embeddable":true,"href":"https:\/\/www.24baires.com\/index.php?rest_route=%2Fwp%2Fv2%2Fcomments&post=7362"}],"version-history":[{"count":2,"href":"https:\/\/www.24baires.com\/index.php?rest_route=\/wp\/v2\/posts\/7362\/revisions"}],"predecessor-version":[{"id":7364,"href":"https:\/\/www.24baires.com\/index.php?rest_route=\/wp\/v2\/posts\/7362\/revisions\/7364"}],"wp:attachment":[{"href":"https:\/\/www.24baires.com\/index.php?rest_route=%2Fwp%2Fv2%2Fmedia&parent=7362"}],"wp:term":[{"taxonomy":"category","embeddable":true,"href":"https:\/\/www.24baires.com\/index.php?rest_route=%2Fwp%2Fv2%2Fcategories&post=7362"},{"taxonomy":"post_tag","embeddable":true,"href":"https:\/\/www.24baires.com\/index.php?rest_route=%2Fwp%2Fv2%2Ftags&post=7362"}],"curies":[{"name":"wp","href":"https:\/\/api.w.org\/{rel}","templated":true}]}}