{"id":73611,"date":"2015-10-15T13:00:38","date_gmt":"2015-10-15T16:00:38","guid":{"rendered":"http:\/\/www.24baires.com\/?p=73611"},"modified":"2015-10-15T13:06:48","modified_gmt":"2015-10-15T16:06:48","slug":"esta-boca-es-mia","status":"publish","type":"post","link":"https:\/\/www.24baires.com\/?p=73611","title":{"rendered":"Esta boca es m\u00eda"},"content":{"rendered":"<p><img data-recalc-dims=\"1\" loading=\"lazy\" decoding=\"async\" class=\"aligncenter size-full wp-image-73612\" src=\"https:\/\/i0.wp.com\/www.24baires.com\/wp-content\/uploads\/2015\/10\/enm-mdp-catedral.png?resize=560%2C418\" alt=\"enm mdp catedral\" width=\"560\" height=\"418\" srcset=\"https:\/\/i0.wp.com\/www.24baires.com\/wp-content\/uploads\/2015\/10\/enm-mdp-catedral.png?w=560&amp;ssl=1 560w, https:\/\/i0.wp.com\/www.24baires.com\/wp-content\/uploads\/2015\/10\/enm-mdp-catedral.png?resize=300%2C224&amp;ssl=1 300w\" sizes=\"auto, (max-width: 560px) 100vw, 560px\" \/>No soy exactamente una militante feminista. Creo que la lucha de quienes combaten desde el feminismo es profunda, cruda y sobrepasa lo que yo he hecho y lo que hago. S\u00ed milito ideas, muchas de ellas se referencian y espejan en el feminismo. Tampoco soy periodista, no tengo los estudios ni la formaci\u00f3n que proveen de las herramientas necesarias para relatar ciertos hechos o experiencias. Hago lo que puedo con lo que s\u00e9 y con lo que creo. A veces tambi\u00e9n hago lo que me conviene, no ser\u00e1 \u00e9ste el caso.<!--more--><\/p>\n<p>Es desde ah\u00ed desde donde quiero contar algunas de las cosas que viv\u00ed durante los d\u00edas en los que se desarroll\u00f3 el 30 Encuentro Nacional de Mujeres. A los otros 29 no fui, esta fue la primera vez que particip\u00e9, supongo que lo hice porque se realiz\u00f3 en mi ciudad, Mar del Plata.<br \/>\nMe cuesta mucho salir de mi ombligo, a veces veo hasta la punta de mi nariz. Pero necesito hacer el esfuerzo intelectual de, sin dejar de sentir y pensar lo que siento y pienso, dar honesto testimonio de lo que vi, escuch\u00e9, hice y me hicieron. Y necesito hacerlo porque, batracio m\u00e1s, batracio menos, esta boca sigue siendo m\u00eda.<br \/>\nM\u00e1s de 60000 mujeres (no conozco el n\u00famero exacto) nos reunimos en una ciudad para decirle basta al machismo que mata, al patriarcado que cr\u00eda hijos que asesinan mujeres por ser mujeres. Para ponerle freno a la violencia permanente que se ejerce contra nosotras, para gritar fuerte contra los femicidios que se van convirtiendo en la noticia frecuente que a muchas y muchos nos duele siempre porque nos lastima una y otra vez con el mismo cuchillo afilado de la impunidad, pero que otros ya leen con la misma indiferencia con que se informan del clima.<br \/>\nNos reunimos con las ganas del debate, de la construcci\u00f3n solidaria y colectiva, que sabemos que es la \u00fanica que perdura y nos contiene. Nos encontramos a discutir y aprender con la pasi\u00f3n que llevamos dentro y sacamos fuera quienes asumimos la responsabilidad de nunca mirar hacia el costado.<br \/>\nPero no puedo no hablar del dolor y la bronca que sent\u00ed y siento al haber visto como entre nosotras mismas nos violentamos: a veces la condici\u00f3n, llam\u00e9mosle, de kirchnerista de alguna compa\u00f1era fue m\u00e1s importante que su condici\u00f3n de mujer, y se nos neg\u00f3 la palabra y se nos maltrat\u00f3. Y si nos hubi\u00e9ramos podido sentar a charlar un toque, seguramente hubi\u00e9ramos coincidido en la gran mayor\u00eda de las cosas, apoy\u00e1ndonos unas a otras, desde el lugar que cada una elije ocupar. Posiblemente fueron hechos aislados, muchas otras militantes del proyecto nacional pudieron debatir sin problemas, pero como ejemplos sirven para reflexionar. Porque si a una sola de las 60 mil mujeres se qued\u00f3 sin poder decir lo que quer\u00eda, algo fall\u00f3.<br \/>\nLo que sucedi\u00f3 despu\u00e9s de la marcha, en la Catedral, sirvi\u00f3 para que de semejante Encuentro hist\u00f3rico, s\u00f3lo trascendiera en la mayor\u00eda de los medios las agresiones y los destrozos. Ah\u00ed tambi\u00e9n perdimos. A mi no me representan las mujeres que violentaron a quienes rezaban en esa iglesia. A mi no me representan las mujeres que manosearon las entrepiernas de algunos de los hombres que, me guste o no, proteg\u00edan su culto y su templo. Nosotras est\u00e1bamos ah\u00ed porque creemos en determinadas cosas, ellos tambi\u00e9n. Ni siquiera resisto pensar en que la violencia que queremos erradicar surja desde nosotras. Con botellazos, golpes, escupidas y tirando basura no vamos a rescatar a ninguna secuestrada por las redes de trata, ni vamos a evitar que nos vuelvan a matar. Aunque el enojo a veces nos desborde, sigo sosteniendo que esa no es la manera.<br \/>\nDurante estos d\u00edas ocurrieron varios femicidios, y en vez de focalizar ah\u00ed, en lo verdaderamente importante, estamos hablando de pintadas y desmanes. Por escribir con aerosol \u201cMuerte al macho\u201d, no aparece Marita Ver\u00f3n.<br \/>\nMe parece que un grupo, un peque\u00f1o grupo, confundi\u00f3 el sentido de la lucha. Ahora tenemos que padecer a los opin\u00f3logos de sill\u00f3n diciendo que las mujeres vinieron a romper la ciudad. Si las 60 mil hubi\u00e9ramos intentado empresa semejante, no hubiera quedado piedra sobre piedra, porque somos mujeres. Es casi como decir que los musulmanes son todos terroristas: si as\u00ed fuera, con tantos millones de ellos, ya el mundo hubiera volado despedazado por mil partes. Generalizar es siempre una muy buena forma de equivocarse. Y hablar sin saber es siempre una muy buena forma de quedar como un idiota.<br \/>\nEl Encuentro es mucho mas que eso, debe serlo. Y lo digo con humildad y reitero que fue la primera vez que form\u00e9 parte de algo as\u00ed. Vi en estos d\u00edas una fuerza descomunal de infinidad de compa\u00f1eras que trabajan y se esfuerzan por hacer de nuestra sociedad un nido m\u00e1s justo e igualitario desde donde podamos crecer y volar con las alas que nosotras mismas nos hemos sabido forjar. Y digo compa\u00f1eras sin referencia expl\u00edcita partidaria, porque creo que quienes piensan y luchan por las mismas ideas que me mueven, son mis compa\u00f1eros y compa\u00f1eras, militen donde militen.<br \/>\nNo quiero incendiar la Catedral, quiero que el Estado deje de subsidiar a la Iglesia Cat\u00f3lica. Quiero que el que quiera un cura, se lo pague con su plata, no con la m\u00eda. No quiero pegarle un botellazo a Pampill\u00f3n y darle gratis el gui\u00f3n que \u00e9l quiere para construir su peliculita fascista. Quiero que los provocadores como \u00e9l sean quienes queden en falsa escuadra, quiero que podamos ver con claridad que buscan desestabilizar, que nos quieren dividir, que destilan odio y violencia hasta cuando rezan el padre nuestro. No quiero dejarles servida en bandeja de plata ninguna excusa. Quiero que el amor venza siempre.<br \/>\nY no quiero que nos repriman. Nunca. No quiero ver polic\u00edas mezclados con neonazis. No quiero ir a reclamar por mis derechos y terminar respirando gas pimienta. No quiero regalarle a la bonaerense, esa m\u00e1quina afilada de opresi\u00f3n, la oportunidad de hacer lo que mejor sabe.<br \/>\nImagino que estas l\u00edneas s\u00f3lo me sirven a m\u00ed, como una catarsis ego\u00edsta y autorreferencial, como todas las catarsis. Supongo, casi aseguro, que muchos no estar\u00e1n de acuerdo con mis pareceres aqu\u00ed expuestos. Pero estuve ah\u00ed y eso es lo que viv\u00ed.<br \/>\nPorque no puedo dejar de ser quien soy, porque siempre hablo desde un solo lugar, que es ni m\u00e1s ni menos que el compendio ecl\u00e9ctico de todo lo que creo y lo que hago con eso y con lo que hicieron de m\u00ed.<br \/>\nPorque a los Pampill\u00f3n se los combate hasta en sue\u00f1os. Y nuestros sue\u00f1os son inmensos, campos amplios donde sabemos disputar las batallas que consideramos justas. Pero se los combate sin mimetizarnos con esos tipos, sin generar la violencia que s\u00f3lo debe identificarlos a ellos.<br \/>\nPorque no me muevo ni un mil\u00edmetro de mis ideas, porque sin ellas quedo indefensa y vac\u00eda. Porque fuimos y somos miles las que seguimos diciendo Ni una menos. Fuimos y somos miles las que nos paramos codo a codo para exigir a quien sea, cuando sea, lo que corresponde. Porque no hay que esquivar las dif\u00edciles, sino hacerles frente, con los pies bien enraizados en la baldosa de nuestras convicciones. Porque tenemos que defender lo que parece simple pero tanto cuesta: todas las voces, sin partidismos, gritando fuerte por todas aquellas mujeres silenciadas, aplastadas por la bota pesada del odio, la ignorancia y el machismo. Tres palabras que bien podr\u00edan ser sin\u00f3nimos.<br \/>\nPorque las mujeres que coparon Mar del Plata vinieron a eso, a gritar bien fuerte. Porque lo importante sigue siendo que no nos maten m\u00e1s, que no mueran m\u00e1s pibas por abortos clandestinos, que no nos desaparezcan y nos prostituyan. Porque defiendo lo que se hizo y quiero seguir luchando por lo que falta, porque nunca voy a hacer nada que no sea desde el amor, y no puedo ni quiero dejar de ser como soy para cobijarme en la comodidad de no opinar, porque, como dice la canci\u00f3n, \u201ccreo que educar es combatir y el silencio no es mi idioma\u201d.<\/p>\n","protected":false},"excerpt":{"rendered":"<p>No soy exactamente una militante feminista. Creo que la lucha de quienes combaten desde el feminismo es profunda, cruda y sobrepasa lo que yo he hecho y lo que hago. S\u00ed milito ideas, muchas de ellas se referencian y espejan en el feminismo. Tampoco soy periodista, no tengo los estudios ni la formaci\u00f3n que proveen de las herramientas necesarias para [&#8230;]<\/p>\n","protected":false},"author":4,"featured_media":0,"comment_status":"open","ping_status":"open","sticky":false,"template":"","format":"standard","meta":{"_jetpack_newsletter_access":"","_jetpack_dont_email_post_to_subs":false,"_jetpack_newsletter_tier_id":0,"_jetpack_memberships_contains_paywalled_content":false,"_jetpack_memberships_contains_paid_content":false,"footnotes":""},"categories":[64],"tags":[],"class_list":["post-73611","post","type-post","status-publish","format-standard","hentry","category-opinion"],"jetpack_featured_media_url":"","jetpack_shortlink":"https:\/\/wp.me\/p2JWE0-j9h","jetpack-related-posts":[{"id":15403,"url":"https:\/\/www.24baires.com\/?p=15403","url_meta":{"origin":73611,"position":0},"title":"Militantes feministas se desnudan en Notre Dame al grito de \u00abNo m\u00e1s Papa\u00bb","author":"Grupo Sierra","date":"12\/02\/2013","format":false,"excerpt":"Ocho mujeres exhibieron sus senos en la catedral parisina para festejar el fin del papado. Antes de ser desalojadas, hicieron sonar las campanas cantando \"No m\u00e1s Papa\". Ocho mujeres activistas feministas llegaron esta ma\u00f1ana con los senos a la vista a la iglesia de Notre Dame, en Par\u00eds, para \"festejar\u2026","rel":"","context":"En \u00abSociedad\u00bb","block_context":{"text":"Sociedad","link":"https:\/\/www.24baires.com\/?cat=1"},"img":{"alt_text":"feministas por el papa","src":"https:\/\/i0.wp.com\/www.24baires.com\/wp-content\/uploads\/2013\/02\/feministas-por-el-papa.jpg?resize=350%2C200","width":350,"height":200,"srcset":"https:\/\/i0.wp.com\/www.24baires.com\/wp-content\/uploads\/2013\/02\/feministas-por-el-papa.jpg?resize=350%2C200 1x, https:\/\/i0.wp.com\/www.24baires.com\/wp-content\/uploads\/2013\/02\/feministas-por-el-papa.jpg?resize=525%2C300 1.5x"},"classes":[]},{"id":96167,"url":"https:\/\/www.24baires.com\/?p=96167","url_meta":{"origin":73611,"position":1},"title":"La Fiscal\u00eda se comunic\u00f3 con Fernanda Chac\u00f3n y se habr\u00eda ido por sus propios medios al Tigre","author":"Grupo Sierra","date":"25\/07\/2017","format":false,"excerpt":"Fernanda Chac\u00f3n ya se comunic\u00f3 con su familia. La mujer se habr\u00eda ido con su pareja al Tigre y se encuentra sana y salva.\u00a0As\u00ed lo confirmaron desde la Unidad Fiscal Especializada de Violencia contra las Mujeres (UFEM) que tambi\u00e9n hablaron con la dirigente telef\u00f3nicamente. La reconocida militante feminista era intensamente\u2026","rel":"","context":"En \u00abJUDICIALES\u00bb","block_context":{"text":"JUDICIALES","link":"https:\/\/www.24baires.com\/?cat=68"},"img":{"alt_text":"","src":"https:\/\/i0.wp.com\/www.24baires.com\/wp-content\/uploads\/2017\/07\/chac%C3%B3n.jpg?resize=350%2C200","width":350,"height":200,"srcset":"https:\/\/i0.wp.com\/www.24baires.com\/wp-content\/uploads\/2017\/07\/chac%C3%B3n.jpg?resize=350%2C200 1x, https:\/\/i0.wp.com\/www.24baires.com\/wp-content\/uploads\/2017\/07\/chac%C3%B3n.jpg?resize=525%2C300 1.5x"},"classes":[]},{"id":102524,"url":"https:\/\/www.24baires.com\/?p=102524","url_meta":{"origin":73611,"position":2},"title":"Argentina vuelve a marchar al grito de #NiUnaMenos","author":"AF","date":"04\/06\/2018","format":false,"excerpt":"Desde el disparador del primer 3J, el femicidio de Chiara P\u00e1ez y el impulso de decirse \u201cNos est\u00e1n matando\u201d, las marchas de NUM fueron abarcando mayor cantidad de reclamos. Hoy, el aborto legal, seguro y gratuito forma parte central del acto. Una vez m\u00e1s, el grito colectivo contra la violencia\u2026","rel":"","context":"En \u00abSociedad\u00bb","block_context":{"text":"Sociedad","link":"https:\/\/www.24baires.com\/?cat=1"},"img":{"alt_text":"","src":"https:\/\/i0.wp.com\/www.24baires.com\/wp-content\/uploads\/2017\/03\/ni-una-menos.jpg?resize=350%2C200","width":350,"height":200,"srcset":"https:\/\/i0.wp.com\/www.24baires.com\/wp-content\/uploads\/2017\/03\/ni-una-menos.jpg?resize=350%2C200 1x, https:\/\/i0.wp.com\/www.24baires.com\/wp-content\/uploads\/2017\/03\/ni-una-menos.jpg?resize=525%2C300 1.5x"},"classes":[]},{"id":9599,"url":"https:\/\/www.24baires.com\/?p=9599","url_meta":{"origin":73611,"position":3},"title":"Barreda dejar\u00e1 de recibir asistencia psicol\u00f3gica","author":"AF","date":"18\/12\/2012","format":false,"excerpt":"El odont\u00f3logo platense Ricardo Barreda, quien hace 20 a\u00f1os mat\u00f3 a su esposa, su suegra y sus dos hijas, dejar\u00e1 de recibir asistencia psicol\u00f3gica por decisi\u00f3n de la Justicia, a pesar de que era uno de los requisitos impuestos para concederle la libertad condicional. Fuentes judiciales aseguraron que la semana\u2026","rel":"","context":"En \u00abSociedad\u00bb","block_context":{"text":"Sociedad","link":"https:\/\/www.24baires.com\/?cat=1"},"img":{"alt_text":"barreda","src":"https:\/\/i0.wp.com\/www.24baires.com\/wp-content\/uploads\/2012\/12\/barreda.jpg?resize=350%2C200","width":350,"height":200},"classes":[]},{"id":43284,"url":"https:\/\/www.24baires.com\/?p=43284","url_meta":{"origin":73611,"position":4},"title":"Buscan eliminar las elecciones de reinas en Bah\u00eda Blanca","author":"GB","date":"04\/04\/2014","format":false,"excerpt":"BAH\u00cdA BLANCA-El grupo Acciones Feministas vuelve a la carga contra los concursos de belleza que se realizan en la ciudad. Representantes del movimiento se reunieron este jueves con el director del Instituto Cultural, Sergio Raimondi, para tratar el tema y, seg\u00fan afirmaron en su muro de Facebook, coincidieron en que\u2026","rel":"","context":"En \u00abMunicipios\u00bb","block_context":{"text":"Municipios","link":"https:\/\/www.24baires.com\/?cat=44"},"img":{"alt_text":"concurso belleza","src":"https:\/\/i0.wp.com\/www.24baires.com\/wp-content\/uploads\/2014\/04\/concurso-belleza-300x167.jpg?resize=350%2C200","width":350,"height":200},"classes":[]},{"id":84434,"url":"https:\/\/www.24baires.com\/?p=84434","url_meta":{"origin":73611,"position":5},"title":"Dirigente de Cambiemos llam\u00f3 \u00abfeminazis\u00bb a militantes a favor del aborto y les dese\u00f3 la muerte","author":"GB","date":"30\/06\/2016","format":false,"excerpt":"Se llama Luciano Bugallo, integr\u00f3 la Red Ser Fiscal y es asesor del Senado bonaerense. Se presenta en redes sociales y en su p\u00e1gina web personal como \"referente\" de \"Lilita\" Carri\u00f3. Est\u00e1 en contra del aborto legal e ironiza sobre el \"cartelito de #NiUnaMenos\", pero dice que es \"humanista\". El\u2026","rel":"","context":"En \u00abSociedad\u00bb","block_context":{"text":"Sociedad","link":"https:\/\/www.24baires.com\/?cat=1"},"img":{"alt_text":"cambiemosfuncionario","src":"https:\/\/i0.wp.com\/www.24baires.com\/wp-content\/uploads\/2016\/06\/cambiemosfuncionario.jpg?resize=350%2C200","width":350,"height":200,"srcset":"https:\/\/i0.wp.com\/www.24baires.com\/wp-content\/uploads\/2016\/06\/cambiemosfuncionario.jpg?resize=350%2C200 1x, https:\/\/i0.wp.com\/www.24baires.com\/wp-content\/uploads\/2016\/06\/cambiemosfuncionario.jpg?resize=525%2C300 1.5x"},"classes":[]}],"jetpack_sharing_enabled":true,"jetpack_likes_enabled":true,"_links":{"self":[{"href":"https:\/\/www.24baires.com\/index.php?rest_route=\/wp\/v2\/posts\/73611","targetHints":{"allow":["GET"]}}],"collection":[{"href":"https:\/\/www.24baires.com\/index.php?rest_route=\/wp\/v2\/posts"}],"about":[{"href":"https:\/\/www.24baires.com\/index.php?rest_route=\/wp\/v2\/types\/post"}],"author":[{"embeddable":true,"href":"https:\/\/www.24baires.com\/index.php?rest_route=\/wp\/v2\/users\/4"}],"replies":[{"embeddable":true,"href":"https:\/\/www.24baires.com\/index.php?rest_route=%2Fwp%2Fv2%2Fcomments&post=73611"}],"version-history":[{"count":1,"href":"https:\/\/www.24baires.com\/index.php?rest_route=\/wp\/v2\/posts\/73611\/revisions"}],"predecessor-version":[{"id":73613,"href":"https:\/\/www.24baires.com\/index.php?rest_route=\/wp\/v2\/posts\/73611\/revisions\/73613"}],"wp:attachment":[{"href":"https:\/\/www.24baires.com\/index.php?rest_route=%2Fwp%2Fv2%2Fmedia&parent=73611"}],"wp:term":[{"taxonomy":"category","embeddable":true,"href":"https:\/\/www.24baires.com\/index.php?rest_route=%2Fwp%2Fv2%2Fcategories&post=73611"},{"taxonomy":"post_tag","embeddable":true,"href":"https:\/\/www.24baires.com\/index.php?rest_route=%2Fwp%2Fv2%2Ftags&post=73611"}],"curies":[{"name":"wp","href":"https:\/\/api.w.org\/{rel}","templated":true}]}}