{"id":7359,"date":"2012-11-30T14:26:45","date_gmt":"2012-11-30T17:26:45","guid":{"rendered":"http:\/\/www.24baires.com\/?p=7359"},"modified":"2012-11-30T14:26:45","modified_gmt":"2012-11-30T17:26:45","slug":"zaffaroni-aseguro-que-no-tuvo-presiones-por-la-ley-de-medios","status":"publish","type":"post","link":"https:\/\/www.24baires.com\/?p=7359","title":{"rendered":"Zaffaroni asegur\u00f3 que no tuvo presiones por la Ley de Medios"},"content":{"rendered":"<p><img data-recalc-dims=\"1\" loading=\"lazy\" decoding=\"async\" class=\"aligncenter size-full wp-image-7360\" title=\"zaffaroni2\" src=\"https:\/\/i0.wp.com\/www.24baires.com\/wp-content\/uploads\/2012\/11\/zaffaroni21.jpg?resize=560%2C372\" alt=\"\" width=\"560\" height=\"372\" srcset=\"https:\/\/i0.wp.com\/www.24baires.com\/wp-content\/uploads\/2012\/11\/zaffaroni21.jpg?w=560&amp;ssl=1 560w, https:\/\/i0.wp.com\/www.24baires.com\/wp-content\/uploads\/2012\/11\/zaffaroni21.jpg?resize=300%2C199&amp;ssl=1 300w\" sizes=\"auto, (max-width: 560px) 100vw, 560px\" \/><\/p>\n<p>El juez de la Corte Suprema neg\u00f3 que hayan recibido presiones por la Ley de Medios. \u00abLos alegatos de oreja no son presiones sino un accidente propio del ejercicio de la profesi\u00f3n\u00bb, manifest\u00f3 e indic\u00f3 que la pol\u00e9mica sobre los procesos de adecuaci\u00f3n se debe a que es \u201cun tema de trascendencia p\u00fablica\u201d.<!--more--><\/p>\n<p>El ministro de la Corte Suprema de Justicia Eugenio Zaffaroni neg\u00f3 hoy que el Alto Tribunal haya recibido presiones en relaci\u00f3n a la Ley de Servicios de Comunicaci\u00f3n Audiovisual y sostuvo que los alegatos \u00abde oreja no son presiones\u00bb sino \u00abaccidentes propios de la profesi\u00f3n\u00bb.<\/p>\n<p>\u00abNo, no, no\u00bb, respondi\u00f3 Zaffaroni cuando, en una entrevista con radio La Red, le preguntaron si la Corte Suprema hab\u00eda recibido presiones en relaci\u00f3n al expediente que se tramita en la Justicia en torno al art\u00edculo 161 de la Ley de Medios, referidas a los procesos de adecuaci\u00f3n.<\/p>\n<p>En este sentido, afirm\u00f3 que se trata de \u00abun tema de trascendencia p\u00fablica\u00bb, y sostuvo que \u00abla preocupaci\u00f3n es tener que resolver algo que tiene trascendencia p\u00fablica\u00bb. A\u00f1adi\u00f3 que los \u00abalegatos de oreja\u00bb son \u00abinevitables\u00bb porque ocurren \u00abcuando uno va a comer a un restaurante o se est\u00e1 cambiando en un club o donde sea\u00bb.<\/p>\n<p>\u00abLos alegatos de oreja no son presiones sino un accidente propio del ejercicio de la profesi\u00f3n\u00bb, resumi\u00f3 Zaffaroni, quien explic\u00f3 que eso se da cuando a un juez alguien le dice \u00abmir\u00e1, a ver si me pod\u00e9s dar una mano\u00bb y sostuvo que situaciones de ese tipo \u00abforman parte inevitable de la profesi\u00f3n\u00bb.<\/p>\n","protected":false},"excerpt":{"rendered":"<p>El juez de la Corte Suprema neg\u00f3 que hayan recibido presiones por la Ley de Medios. \u00abLos alegatos de oreja no son presiones sino un accidente propio del ejercicio de la profesi\u00f3n\u00bb, manifest\u00f3 e indic\u00f3 que la pol\u00e9mica sobre los procesos de adecuaci\u00f3n se debe a que es \u201cun tema de trascendencia p\u00fablica\u201d.<\/p>\n","protected":false},"author":11,"featured_media":0,"comment_status":"open","ping_status":"open","sticky":false,"template":"","format":"standard","meta":{"_jetpack_newsletter_access":"","_jetpack_dont_email_post_to_subs":false,"_jetpack_newsletter_tier_id":0,"_jetpack_memberships_contains_paywalled_content":false,"_jetpack_memberships_contains_paid_content":false,"footnotes":""},"categories":[54],"tags":[],"class_list":["post-7359","post","type-post","status-publish","format-standard","hentry","category-medios"],"jetpack_featured_media_url":"","jetpack_shortlink":"https:\/\/wp.me\/p2JWE0-1UH","jetpack-related-posts":[{"id":101512,"url":"https:\/\/www.24baires.com\/?p=101512","url_meta":{"origin":7359,"position":0},"title":"Zaffaroni: \u00abEstamos en un proceso regresivo de la democracia y los derechos humanos\u00bb","author":"AF","date":"09\/04\/2018","format":false,"excerpt":"El ex juez de la Corte Suprema y juez de la Corte Interamericana de Derechos Humanos sostuvo que \"el gobierno quiere manipular la justicia de una forma in\u00e9dita\". En declaraciones al programa Maldita Suerte por FM La Patriada, sostuvo que \"hay una conflictividad interna en los servicios de inteligencia que\u2026","rel":"","context":"En \u00abPol\u00edtica\u00bb","block_context":{"text":"Pol\u00edtica","link":"https:\/\/www.24baires.com\/?cat=51"},"img":{"alt_text":"","src":"https:\/\/i0.wp.com\/www.24baires.com\/wp-content\/uploads\/2012\/11\/zaffaroni21.jpg?resize=350%2C200","width":350,"height":200,"srcset":"https:\/\/i0.wp.com\/www.24baires.com\/wp-content\/uploads\/2012\/11\/zaffaroni21.jpg?resize=350%2C200 1x, https:\/\/i0.wp.com\/www.24baires.com\/wp-content\/uploads\/2012\/11\/zaffaroni21.jpg?resize=525%2C300 1.5x"},"classes":[]},{"id":100310,"url":"https:\/\/www.24baires.com\/?p=100310","url_meta":{"origin":7359,"position":1},"title":"Cambiemos busca que echen a Zaffaroni de la CIDH","author":"AF","date":"01\/02\/2018","format":false,"excerpt":"El inefable Fernando Iglesias es el autor de un proyecto para que la C\u00e1mara de Diputados pida la remoci\u00f3n del magistrado. En una pirueta m\u00e1s de su inefable carrera pol\u00edtica, el profesor de gimnasia y legislador nacional por Cambiemos, Fernando Iglesias, impulsa un proyecto en la C\u00e1mara de Diputados para\u2026","rel":"","context":"En \u00abPol\u00edtica\u00bb","block_context":{"text":"Pol\u00edtica","link":"https:\/\/www.24baires.com\/?cat=51"},"img":{"alt_text":"","src":"https:\/\/i0.wp.com\/www.24baires.com\/wp-content\/uploads\/2012\/11\/zaffaroni21.jpg?resize=350%2C200","width":350,"height":200,"srcset":"https:\/\/i0.wp.com\/www.24baires.com\/wp-content\/uploads\/2012\/11\/zaffaroni21.jpg?resize=350%2C200 1x, https:\/\/i0.wp.com\/www.24baires.com\/wp-content\/uploads\/2012\/11\/zaffaroni21.jpg?resize=525%2C300 1.5x"},"classes":[]},{"id":39778,"url":"https:\/\/www.24baires.com\/?p=39778","url_meta":{"origin":7359,"position":2},"title":"\u00abEn mi barrio le dicen &#8216;esquivarle el gl\u00fateo a la jeringa'\u00bb dijo Zaffaroni","author":"GB","date":"03\/02\/2014","format":false,"excerpt":"Lo afirm\u00f3 el juez de la Corte Suprema Eugenio Zaffaroni. \"Hay determinadas cuestiones en las que no pueden producirse estas distorsiones temporales\", sostuvo el magistrado. El juez de la Corte Suprema Eugenio Zaffaroni lament\u00f3 la demora en la Justicia para resolver la Ley de Servicios Audiovisuales al asegurar que \"hay\u2026","rel":"","context":"En \u00abMedios\u00bb","block_context":{"text":"Medios","link":"https:\/\/www.24baires.com\/?cat=54"},"img":{"alt_text":"","src":"","width":0,"height":0},"classes":[]},{"id":33638,"url":"https:\/\/www.24baires.com\/?p=33638","url_meta":{"origin":7359,"position":3},"title":"Lorenzetti apoya el an\u00e1lisis que la Corte hace de la Ley de Medios","author":"AF","date":"16\/10\/2013","format":false,"excerpt":"El presidente del m\u00e1ximo tribunal asegur\u00f3 que el tema de la constitucionalidad de la Ley de Medios est\u00e1 siendo tratado con \"seriedad\". El presidente de la Corte Suprema, Ricardo Lorenzetti, asegur\u00f3 que el tema de la constitucionalidad de la Ley de Medios est\u00e1 siendo tratado con \"seriedad\" entre los miembros\u2026","rel":"","context":"En \u00abMedios\u00bb","block_context":{"text":"Medios","link":"https:\/\/www.24baires.com\/?cat=54"},"img":{"alt_text":"lorenzetti-corte-suprema","src":"https:\/\/i0.wp.com\/www.24baires.com\/wp-content\/uploads\/2012\/10\/lorenzetti-corte-suprema.jpg?resize=350%2C200","width":350,"height":200,"srcset":"https:\/\/i0.wp.com\/www.24baires.com\/wp-content\/uploads\/2012\/10\/lorenzetti-corte-suprema.jpg?resize=350%2C200 1x, https:\/\/i0.wp.com\/www.24baires.com\/wp-content\/uploads\/2012\/10\/lorenzetti-corte-suprema.jpg?resize=525%2C300 1.5x"},"classes":[]},{"id":51052,"url":"https:\/\/www.24baires.com\/?p=51052","url_meta":{"origin":7359,"position":4},"title":"Zaffaroni: \u00abHabr\u00eda que explorar la posibilidad de demandar a los fondos buitre\u00bb","author":"GB","date":"03\/08\/2014","format":false,"excerpt":"El juez de la Corte Suprema de Justicia Eugenio Zaffaroni manifest\u00f3 que parece haber pruebas claras de que los que reclaman \"no son adquirentes originarios de bonos, sino que los compraron para interferir o desbaratar negociaciones como medio extorsivo\u201d. El magistrado se\u00f1al\u00f3 que no hubo \"buena fe en la compra,\u2026","rel":"","context":"En \u00abEconom\u00eda\u00bb","block_context":{"text":"Econom\u00eda","link":"https:\/\/www.24baires.com\/?cat=45"},"img":{"alt_text":"zaffaroni chica","src":"https:\/\/i0.wp.com\/www.24baires.com\/wp-content\/uploads\/2013\/02\/zaffaroni-chica-300x240.jpg?resize=350%2C200","width":350,"height":200},"classes":[]},{"id":19834,"url":"https:\/\/www.24baires.com\/?p=19834","url_meta":{"origin":7359,"position":5},"title":"\u201cDemocratizaci\u00f3n es aumentar el acceso a la justicia y fomentarlo\u201d, sostuvo Zaffaroni","author":"Grupo Sierra","date":"31\/03\/2013","format":false,"excerpt":"El ministro de la Corte Suprema de Justicia afirm\u00f3 que el aparato jur\u00eddico \"necesita adecuarse a las exigencias de la sociedad\", y sostuvo que \"democratizaci\u00f3n es aumentar el acceso a la justicia y fomentarlo\". \u201cTenemos c\u00f3digos muy atrasados, procedimientos que demoran a\u00f1os\u201d, dijo Eugenio Ra\u00fal Zaffaroni y se\u00f1al\u00f3 a modo\u2026","rel":"","context":"En \u00abPol\u00edtica\u00bb","block_context":{"text":"Pol\u00edtica","link":"https:\/\/www.24baires.com\/?cat=51"},"img":{"alt_text":"zaffaroni2","src":"https:\/\/i0.wp.com\/www.24baires.com\/wp-content\/uploads\/2012\/11\/zaffaroni21.jpg?resize=350%2C200","width":350,"height":200,"srcset":"https:\/\/i0.wp.com\/www.24baires.com\/wp-content\/uploads\/2012\/11\/zaffaroni21.jpg?resize=350%2C200 1x, https:\/\/i0.wp.com\/www.24baires.com\/wp-content\/uploads\/2012\/11\/zaffaroni21.jpg?resize=525%2C300 1.5x"},"classes":[]}],"jetpack_sharing_enabled":true,"jetpack_likes_enabled":true,"_links":{"self":[{"href":"https:\/\/www.24baires.com\/index.php?rest_route=\/wp\/v2\/posts\/7359","targetHints":{"allow":["GET"]}}],"collection":[{"href":"https:\/\/www.24baires.com\/index.php?rest_route=\/wp\/v2\/posts"}],"about":[{"href":"https:\/\/www.24baires.com\/index.php?rest_route=\/wp\/v2\/types\/post"}],"author":[{"embeddable":true,"href":"https:\/\/www.24baires.com\/index.php?rest_route=\/wp\/v2\/users\/11"}],"replies":[{"embeddable":true,"href":"https:\/\/www.24baires.com\/index.php?rest_route=%2Fwp%2Fv2%2Fcomments&post=7359"}],"version-history":[{"count":1,"href":"https:\/\/www.24baires.com\/index.php?rest_route=\/wp\/v2\/posts\/7359\/revisions"}],"predecessor-version":[{"id":7361,"href":"https:\/\/www.24baires.com\/index.php?rest_route=\/wp\/v2\/posts\/7359\/revisions\/7361"}],"wp:attachment":[{"href":"https:\/\/www.24baires.com\/index.php?rest_route=%2Fwp%2Fv2%2Fmedia&parent=7359"}],"wp:term":[{"taxonomy":"category","embeddable":true,"href":"https:\/\/www.24baires.com\/index.php?rest_route=%2Fwp%2Fv2%2Fcategories&post=7359"},{"taxonomy":"post_tag","embeddable":true,"href":"https:\/\/www.24baires.com\/index.php?rest_route=%2Fwp%2Fv2%2Ftags&post=7359"}],"curies":[{"name":"wp","href":"https:\/\/api.w.org\/{rel}","templated":true}]}}