{"id":7346,"date":"2012-11-30T12:34:02","date_gmt":"2012-11-30T15:34:02","guid":{"rendered":"http:\/\/www.24baires.com\/?p=7346"},"modified":"2012-11-30T12:34:02","modified_gmt":"2012-11-30T15:34:02","slug":"500-mil-pesos-de-multa-a-claro-argentina-por-sancion-impuesta-desde-trenque-lauquen","status":"publish","type":"post","link":"https:\/\/www.24baires.com\/?p=7346","title":{"rendered":"500 mil pesos de multa a Claro Argentina por sanci\u00f3n impuesta desde Trenque Lauquen"},"content":{"rendered":"<p>Qued\u00f3 firme una sanci\u00f3n impuesta trav\u00e9s de un expediente iniciado de oficio por la Oficina de Defensa del Consumidor de ese Municipio bonaerense.\u00a0<!--more--><\/p>\n<p>El Director de la Oficina Municipal de Defensa del Consumidor, Hern\u00e1n Albisu, inform\u00f3 que el pasado 22 de noviembre qued\u00f3 firme una sanci\u00f3n impuesta por la Municipalidad de Trenque Lauquen, a trav\u00e9s de un expediente iniciado de oficio por la Oficina de Defensa del Consumidor, a la empresa AMX Argentina S.A (CLARO) por la suma de $ 500.000.<\/p>\n<p>Albisu explic\u00f3 que \u201cel motivo de la multa fue la verificaci\u00f3n de infracciones a los art\u00edculos 4, 7, 8, 8 bis, 10 ter, 19 y 37 incs. a y b de la Ley 24.240 de Defensa del Consumidor y 48 y 51 de la Ley 13.133. Estos art\u00edculos se refieren a hechos como brindar informaci\u00f3n deficiente, no cumplir con planes y promociones ofrecidos en prospectos, realizar publicidad enga\u00f1osa, no permitir la baja v\u00eda telef\u00f3nica de servicios contratados por el mismo medio, incumplir con servicios contratados por consumidores, no brindarles un trato equitativo y digno\u201d.<\/p>\n<p>Todos estos problemas fueron generados por el servicio de Internet m\u00f3vil, brindado por la empresa, que no cumpl\u00eda con las caracter\u00edsticas de velocidad y cobertura ofrecidos, promocionados y publicitados. A partir de all\u00ed la empresa pon\u00eda trabas a los consumidores para poder dar la baja de los servicios por el incumplimiento de la propia empresa.<\/p>\n<p>As\u00ed, por ejemplo, la compa\u00f1\u00eda no permit\u00eda que los consumidores den la baja de los servicios o reclamen en los mismos lugares donde fueron contratados, pidi\u00e9ndoles a los consumidores que se trasladen a centros de atenci\u00f3n ubicados, el m\u00e1s cercano, en Santa Rosa, a 160 km de nuestro medio, sin contemplar el costo en tiempo y dinero que ello implica.<br \/>\nEstas contestaciones se justificaban en algunas cl\u00e1usulas abusivas que la empresa hace firmar a los vecinos (hecho tambi\u00e9n destacado en la actuaci\u00f3n de oficio).<\/p>\n<p>&nbsp;<\/p>\n<p>&nbsp;<\/p>\n<p>&nbsp;<\/p>\n","protected":false},"excerpt":{"rendered":"<p>Qued\u00f3 firme una sanci\u00f3n impuesta trav\u00e9s de un expediente iniciado de oficio por la Oficina de Defensa del Consumidor de ese Municipio bonaerense.\u00a0<\/p>\n","protected":false},"author":11,"featured_media":0,"comment_status":"open","ping_status":"open","sticky":false,"template":"","format":"standard","meta":{"_jetpack_newsletter_access":"","_jetpack_dont_email_post_to_subs":false,"_jetpack_newsletter_tier_id":0,"_jetpack_memberships_contains_paywalled_content":false,"_jetpack_memberships_contains_paid_content":false,"footnotes":""},"categories":[45],"tags":[],"class_list":["post-7346","post","type-post","status-publish","format-standard","hentry","category-economia"],"jetpack_featured_media_url":"","jetpack_shortlink":"https:\/\/wp.me\/p2JWE0-1Uu","jetpack-related-posts":[{"id":64314,"url":"https:\/\/www.24baires.com\/?p=64314","url_meta":{"origin":7346,"position":0},"title":"La Provincia busca sancionar a las telef\u00f3nicas por cambios en planes","author":"GB","date":"15\/04\/2015","format":false,"excerpt":"El titular de la Comisi\u00f3n de Usuarios y Consumidores del Senado de la provincia de Buenos Aires, Hern\u00e1n Albisu, propuso que \"se act\u00fae de oficio ante las telef\u00f3nicas por el traspaso en los planes sin previo aviso a los clientes\". \"Vamos a instar a las autoridades correspondientes a que act\u00faen\u2026","rel":"","context":"En \u00abProvincia\u00bb","block_context":{"text":"Provincia","link":"https:\/\/www.24baires.com\/?cat=40"},"img":{"alt_text":"CELULARES","src":"https:\/\/i0.wp.com\/www.24baires.com\/wp-content\/uploads\/2012\/10\/CELULARES.jpg?resize=350%2C200","width":350,"height":200},"classes":[]},{"id":106597,"url":"https:\/\/www.24baires.com\/?p=106597","url_meta":{"origin":7346,"position":1},"title":"San Mart\u00edn: vuelven a multar a Edenor por los cortes energ\u00e9ticos","author":"AF","date":"29\/01\/2019","format":false,"excerpt":"La sanci\u00f3n de $3.000.000 fue aplicada por el incumplimiento de la empresa a la ley de Defensa al Consumidor, dejando por varios d\u00edas consecutivos a hogares sin electricidad. El Municipio de San Mart\u00edn mult\u00f3 con $3.000.000 a la empresa Edenor por incumplir la Ley Nacional N\u00b0 24.240 de Defensa al\u2026","rel":"","context":"En \u00abLocales\u00bb","block_context":{"text":"Locales","link":"https:\/\/www.24baires.com\/?cat=38"},"img":{"alt_text":"","src":"https:\/\/i0.wp.com\/www.24baires.com\/wp-content\/uploads\/2014\/01\/Postes-el%C3%A9ctricos.jpg?resize=350%2C200","width":350,"height":200,"srcset":"https:\/\/i0.wp.com\/www.24baires.com\/wp-content\/uploads\/2014\/01\/Postes-el%C3%A9ctricos.jpg?resize=350%2C200 1x, https:\/\/i0.wp.com\/www.24baires.com\/wp-content\/uploads\/2014\/01\/Postes-el%C3%A9ctricos.jpg?resize=525%2C300 1.5x"},"classes":[]},{"id":40977,"url":"https:\/\/www.24baires.com\/?p=40977","url_meta":{"origin":7346,"position":2},"title":"Legisladores proponen acelerar el cobro de multas a los hipermercados","author":"GB","date":"23\/02\/2014","format":false,"excerpt":"As\u00ed consta en un proyecto de los legisladores provinciales del FpV, Mario Caputo y Evangelina Rodr\u00edguez, pensado para que los infractores no puedan vulnerar las sanciones incluidas en la Ley de Defensa del Consumidor. El oficialismo, tambi\u00e9n bonaerense, sigue con la lupa en los grandes comercios. Seg\u00fan la iniciativa, las\u2026","rel":"","context":"En \u00abEconom\u00eda\u00bb","block_context":{"text":"Econom\u00eda","link":"https:\/\/www.24baires.com\/?cat=45"},"img":{"alt_text":"","src":"","width":0,"height":0},"classes":[]},{"id":35598,"url":"https:\/\/www.24baires.com\/?p=35598","url_meta":{"origin":7346,"position":3},"title":"Bah\u00eda Blanca: exigen multar a Claro por dejar sin atenci\u00f3n a los usuarios","author":"GB","date":"22\/11\/2013","format":false,"excerpt":"Desde la Oficina Municipal de la Informaci\u00f3n al Consumidor solicitaron una multa de 35 mil pesos a la empresa de telefon\u00eda celular. Es por cerrar el centro de atenci\u00f3n comercial y t\u00e9cnica a los clientes de Bah\u00eda Blanca. Ahora los usuarios deben trasladarse a Punta Alta o a Mar del\u2026","rel":"","context":"En \u00abSociedad\u00bb","block_context":{"text":"Sociedad","link":"https:\/\/www.24baires.com\/?cat=1"},"img":{"alt_text":"","src":"","width":0,"height":0},"classes":[]},{"id":78364,"url":"https:\/\/www.24baires.com\/?p=78364","url_meta":{"origin":7346,"position":4},"title":"Desde el massismo le piden a Vidal que baje los impuestos a la luz","author":"AF","date":"31\/01\/2016","format":false,"excerpt":"El Presidente de la Comisi\u00f3n de Usuarios y Consumidores del Senado Bonaerense, Hern\u00e1n Albisu, le pidi\u00f3 a la Gobernadora que reduzca el impacto del aumento con la eliminaci\u00f3n de impuestos provinciales, que en algunos casos alcanza al 110% del total. El presidente de la Comisi\u00f3n de Usuarios y Consumidores de\u2026","rel":"","context":"En \u00abEconom\u00eda\u00bb","block_context":{"text":"Econom\u00eda","link":"https:\/\/www.24baires.com\/?cat=45"},"img":{"alt_text":"","src":"","width":0,"height":0},"classes":[]},{"id":114265,"url":"https:\/\/www.24baires.com\/?p=114265","url_meta":{"origin":7346,"position":5},"title":"El gobierno decret\u00f3 la emergencia agropecuaria en Trenque Lauquen y General Villegas","author":"GB","date":"02\/03\/2020","format":false,"excerpt":"El gobierno bonaerense public\u00f3 en el Bolet\u00edn Oficial la declaraci\u00f3n de emergencia en la zona norte de la provincia. La emergencia fue prorrogada para el partido de Trenque Lauquen. El gobierno de la Provincia decret\u00f3 el estado de emergencia agropecuaria en la zona de General Villegas y el partido de\u2026","rel":"","context":"En \u00abProvincia\u00bb","block_context":{"text":"Provincia","link":"https:\/\/www.24baires.com\/?cat=40"},"img":{"alt_text":"","src":"https:\/\/i0.wp.com\/www.24baires.com\/wp-content\/uploads\/2013\/01\/trenque-lauquen-inundado.png?resize=350%2C200","width":350,"height":200},"classes":[]}],"jetpack_sharing_enabled":true,"jetpack_likes_enabled":true,"_links":{"self":[{"href":"https:\/\/www.24baires.com\/index.php?rest_route=\/wp\/v2\/posts\/7346","targetHints":{"allow":["GET"]}}],"collection":[{"href":"https:\/\/www.24baires.com\/index.php?rest_route=\/wp\/v2\/posts"}],"about":[{"href":"https:\/\/www.24baires.com\/index.php?rest_route=\/wp\/v2\/types\/post"}],"author":[{"embeddable":true,"href":"https:\/\/www.24baires.com\/index.php?rest_route=\/wp\/v2\/users\/11"}],"replies":[{"embeddable":true,"href":"https:\/\/www.24baires.com\/index.php?rest_route=%2Fwp%2Fv2%2Fcomments&post=7346"}],"version-history":[{"count":2,"href":"https:\/\/www.24baires.com\/index.php?rest_route=\/wp\/v2\/posts\/7346\/revisions"}],"predecessor-version":[{"id":7348,"href":"https:\/\/www.24baires.com\/index.php?rest_route=\/wp\/v2\/posts\/7346\/revisions\/7348"}],"wp:attachment":[{"href":"https:\/\/www.24baires.com\/index.php?rest_route=%2Fwp%2Fv2%2Fmedia&parent=7346"}],"wp:term":[{"taxonomy":"category","embeddable":true,"href":"https:\/\/www.24baires.com\/index.php?rest_route=%2Fwp%2Fv2%2Fcategories&post=7346"},{"taxonomy":"post_tag","embeddable":true,"href":"https:\/\/www.24baires.com\/index.php?rest_route=%2Fwp%2Fv2%2Ftags&post=7346"}],"curies":[{"name":"wp","href":"https:\/\/api.w.org\/{rel}","templated":true}]}}