{"id":7334,"date":"2012-11-30T12:00:51","date_gmt":"2012-11-30T15:00:51","guid":{"rendered":"http:\/\/www.24baires.com\/?p=7334"},"modified":"2012-11-30T12:01:35","modified_gmt":"2012-11-30T15:01:35","slug":"jornadas-sobre-autismo-en-la-matanza","status":"publish","type":"post","link":"https:\/\/www.24baires.com\/?p=7334","title":{"rendered":"Jornadas sobre Autismo en La Matanza"},"content":{"rendered":"<p>El municipio de La Matanza y el ministerio de Salud de la Provincia de Buenos Aires, organizar\u00e1n las \u201c2das. Jornadas sobre trastornos del Espectro Autista\u201d que se realizar\u00e1n el lunes 3 de diciembre en la Universidad Nacional de La Matanza.<!--more--><\/p>\n<p>Las mismas se llevar\u00e1n a cabo en el Patio de las Am\u00e9ricas de la Casa de Altos Estudios, entre las 9:00 y las 18:00Hs. y participar\u00e1n de la apertura a las 10:30Hs. el intendente Municipal, Fernando Espinoza, el ministro de Salud Bonaerense, Alejandro Collia y la Directora General de Cultura y Educaci\u00f3n de la Provincia de Buenos Aires, Nora De Luc\u00eda.<\/p>\n<p>Durante el evento, disertar\u00e1n profesionales especializados en la tem\u00e1tica del autismo que podr\u00e1n interactuar con los estudiantes de las carreras de Psicolog\u00eda, Psicopedagog\u00eda, Psicomotricidad, Educaci\u00f3n Especial, Educaci\u00f3n F\u00edsica, profesionales de carreras afines, docentes y familiares de personas con autismo que participar\u00e1n de la exposici\u00f3n.<\/p>\n<p>El objetivo de las Jornadas es generar conciencia sobre este trastorno del desarrollo, y a su vez, relevar las necesidades que surgen en cada municipio de la Provincia de Buenos Aires para luego elaborar el \u201cPrograma Provincial de Atenci\u00f3n a las Personas con TEA (Trastorno del Espectro Autista)\u201d.<\/p>\n","protected":false},"excerpt":{"rendered":"<p>El municipio de La Matanza y el ministerio de Salud de la Provincia de Buenos Aires, organizar\u00e1n las \u201c2das. Jornadas sobre trastornos del Espectro Autista\u201d que se realizar\u00e1n el lunes 3 de diciembre en la Universidad Nacional de La Matanza.<\/p>\n","protected":false},"author":11,"featured_media":0,"comment_status":"open","ping_status":"open","sticky":false,"template":"","format":"standard","meta":{"_jetpack_newsletter_access":"","_jetpack_dont_email_post_to_subs":false,"_jetpack_newsletter_tier_id":0,"_jetpack_memberships_contains_paywalled_content":false,"_jetpack_memberships_contains_paid_content":false,"footnotes":""},"categories":[1],"tags":[],"class_list":["post-7334","post","type-post","status-publish","format-standard","hentry","category-sociedad"],"jetpack_featured_media_url":"","jetpack_shortlink":"https:\/\/wp.me\/p2JWE0-1Ui","jetpack-related-posts":[{"id":106702,"url":"https:\/\/www.24baires.com\/?p=106702","url_meta":{"origin":7334,"position":0},"title":"M\u00e1s ajuste en educaci\u00f3n: Finocchiaro congel\u00f3 el Progresar a pesar de la inflaci\u00f3n","author":"GB","date":"06\/02\/2019","format":false,"excerpt":"Finocchiaro, el titular de Educaci\u00f3n, que anunci\u00f3 que \"hay consenso fuerte para que sea quien represente la voz de las personas que viven\" en el municipio m\u00e1s populoso de la Provincia. Para debutar con el traje de candidato a intendente, su cartera reconoci\u00f3 que en todo 2019 los montos de\u2026","rel":"","context":"En \u00abEducaci\u00f3n\u00bb","block_context":{"text":"Educaci\u00f3n","link":"https:\/\/www.24baires.com\/?cat=327"},"img":{"alt_text":"","src":"https:\/\/i0.wp.com\/www.24baires.com\/wp-content\/uploads\/2019\/02\/finocchiaro-macri-vidal.jpg?resize=350%2C200","width":350,"height":200,"srcset":"https:\/\/i0.wp.com\/www.24baires.com\/wp-content\/uploads\/2019\/02\/finocchiaro-macri-vidal.jpg?resize=350%2C200 1x, https:\/\/i0.wp.com\/www.24baires.com\/wp-content\/uploads\/2019\/02\/finocchiaro-macri-vidal.jpg?resize=525%2C300 1.5x"},"classes":[]},{"id":121789,"url":"https:\/\/www.24baires.com\/?p=121789","url_meta":{"origin":7334,"position":1},"title":"Jornada de paro nacional docente por la restituci\u00f3n del FONID","author":"GB","date":"30\/10\/2024","format":false,"excerpt":"Algunos gremios docentes convocaron a sumarse al paro de transporte y estatales de este mi\u00e9rcoles. Habr\u00e1 escuelas sin clases. Este mi\u00e9rcoles se lleva a cabo un paro nacional que fue convocado por los gremios del transporte y estatales, al que se plegaron algunas organizaciones docentes. Se espera que no haya\u2026","rel":"","context":"En \u00abSociedad\u00bb","block_context":{"text":"Sociedad","link":"https:\/\/www.24baires.com\/?cat=1"},"img":{"alt_text":"","src":"https:\/\/i0.wp.com\/www.24baires.com\/wp-content\/uploads\/2014\/03\/aula-vac%C3%ADa.jpg?resize=350%2C200","width":350,"height":200,"srcset":"https:\/\/i0.wp.com\/www.24baires.com\/wp-content\/uploads\/2014\/03\/aula-vac%C3%ADa.jpg?resize=350%2C200 1x, https:\/\/i0.wp.com\/www.24baires.com\/wp-content\/uploads\/2014\/03\/aula-vac%C3%ADa.jpg?resize=525%2C300 1.5x, https:\/\/i0.wp.com\/www.24baires.com\/wp-content\/uploads\/2014\/03\/aula-vac%C3%ADa.jpg?resize=700%2C400 2x"},"classes":[]},{"id":105603,"url":"https:\/\/www.24baires.com\/?p=105603","url_meta":{"origin":7334,"position":2},"title":"Jornada de movilizaci\u00f3n por los militantes asesinados en La Matanza y C\u00f3rdoba","author":"GB","date":"26\/11\/2018","format":false,"excerpt":"Un conjunto de organizaciones movilizar\u00e1 a la Casa de la provincia de Buenos Aires para exigir el esclarecimiento de los dos integrantes de la CTEP ultimados en distintos episodios. A su vez, apuntan a las \u201cfuerzas de seguridad provinciales\u201d por las muertes ocurridas. Luego de una semana en la cual\u2026","rel":"","context":"En \u00abSociedad\u00bb","block_context":{"text":"Sociedad","link":"https:\/\/www.24baires.com\/?cat=1"},"img":{"alt_text":"","src":"https:\/\/i0.wp.com\/www.24baires.com\/wp-content\/uploads\/2018\/11\/mov-sociales.jpg?resize=350%2C200","width":350,"height":200,"srcset":"https:\/\/i0.wp.com\/www.24baires.com\/wp-content\/uploads\/2018\/11\/mov-sociales.jpg?resize=350%2C200 1x, https:\/\/i0.wp.com\/www.24baires.com\/wp-content\/uploads\/2018\/11\/mov-sociales.jpg?resize=525%2C300 1.5x"},"classes":[]},{"id":120664,"url":"https:\/\/www.24baires.com\/?p=120664","url_meta":{"origin":7334,"position":3},"title":"\u00abEl pueblo de la provincia volver\u00e1 a darles la espalda a los que quieren arancelar las escuelas\u00bb","author":"GB","date":"16\/11\/2023","format":false,"excerpt":"El gobernador provincial, Axel Kcillof, volvi\u00f3 a marcar diferencia con el candidato libertario Javier Milei por su modelo arancelado de educaci\u00f3n que propone y dijo que brindar educaci\u00f3n p\u00fablica \"es un acto de amor y solidaridad\". En el sprint final de la campa\u00f1a, el gobernador bonaerense, Axel Kicillof, sigue con\u2026","rel":"","context":"En \u00abProvincia\u00bb","block_context":{"text":"Provincia","link":"https:\/\/www.24baires.com\/?cat=40"},"img":{"alt_text":"","src":"https:\/\/i0.wp.com\/www.24baires.com\/wp-content\/uploads\/2023\/11\/kici-pc.jpg?resize=350%2C200","width":350,"height":200,"srcset":"https:\/\/i0.wp.com\/www.24baires.com\/wp-content\/uploads\/2023\/11\/kici-pc.jpg?resize=350%2C200 1x, https:\/\/i0.wp.com\/www.24baires.com\/wp-content\/uploads\/2023\/11\/kici-pc.jpg?resize=525%2C300 1.5x, https:\/\/i0.wp.com\/www.24baires.com\/wp-content\/uploads\/2023\/11\/kici-pc.jpg?resize=700%2C400 2x"},"classes":[]},{"id":115026,"url":"https:\/\/www.24baires.com\/?p=115026","url_meta":{"origin":7334,"position":4},"title":"Kicillof destac\u00f3 el \u201cmonitoreo que los intendentes realizan en la Provincia\u201d para reducir contagios","author":"GB","date":"15\/05\/2020","format":false,"excerpt":"El mandatario bonaerense visit\u00f3 el partido de La Matanza en el marco de los trabajos de prevenci\u00f3n para minimizar la propagaci\u00f3n de covid-19. El gobernador de la provincia de Buenos Aires, Axel Kicillof, visit\u00f3 el Centro de Operaciones Municipal (COM) de La Matanza y fue acompa\u00f1ado por el intendente local,\u2026","rel":"","context":"En \u00abProvincia\u00bb","block_context":{"text":"Provincia","link":"https:\/\/www.24baires.com\/?cat=40"},"img":{"alt_text":"","src":"https:\/\/i0.wp.com\/www.24baires.com\/wp-content\/uploads\/2020\/05\/kicillof-intendentes-1.jpg?resize=350%2C200","width":350,"height":200,"srcset":"https:\/\/i0.wp.com\/www.24baires.com\/wp-content\/uploads\/2020\/05\/kicillof-intendentes-1.jpg?resize=350%2C200 1x, https:\/\/i0.wp.com\/www.24baires.com\/wp-content\/uploads\/2020\/05\/kicillof-intendentes-1.jpg?resize=525%2C300 1.5x"},"classes":[]},{"id":26360,"url":"https:\/\/www.24baires.com\/?p=26360","url_meta":{"origin":7334,"position":5},"title":"Tendr\u00e1n lugar en Olavarr\u00eda las primeras jornadas de Actualizaci\u00f3n en Autismo","author":"AF","date":"19\/06\/2013","format":false,"excerpt":"Est\u00e1n destinadas a padres, profesionales y la comunidad en general y estar\u00e1n encabezadas por la presidenta de la Fundaci\u00f3n Pampa (Padres de Argentina Motivados por el Autismo), Viviana Gabriele. La actividad se realiza en la ciudad en el marco del proyecto \u201cIniciativa de Salud P\u00fablica para la detecci\u00f3n temprana de\u2026","rel":"","context":"En \u00abLocales\u00bb","block_context":{"text":"Locales","link":"https:\/\/www.24baires.com\/?cat=38"},"img":{"alt_text":"","src":"","width":0,"height":0},"classes":[]}],"jetpack_sharing_enabled":true,"jetpack_likes_enabled":true,"_links":{"self":[{"href":"https:\/\/www.24baires.com\/index.php?rest_route=\/wp\/v2\/posts\/7334","targetHints":{"allow":["GET"]}}],"collection":[{"href":"https:\/\/www.24baires.com\/index.php?rest_route=\/wp\/v2\/posts"}],"about":[{"href":"https:\/\/www.24baires.com\/index.php?rest_route=\/wp\/v2\/types\/post"}],"author":[{"embeddable":true,"href":"https:\/\/www.24baires.com\/index.php?rest_route=\/wp\/v2\/users\/11"}],"replies":[{"embeddable":true,"href":"https:\/\/www.24baires.com\/index.php?rest_route=%2Fwp%2Fv2%2Fcomments&post=7334"}],"version-history":[{"count":3,"href":"https:\/\/www.24baires.com\/index.php?rest_route=\/wp\/v2\/posts\/7334\/revisions"}],"predecessor-version":[{"id":7337,"href":"https:\/\/www.24baires.com\/index.php?rest_route=\/wp\/v2\/posts\/7334\/revisions\/7337"}],"wp:attachment":[{"href":"https:\/\/www.24baires.com\/index.php?rest_route=%2Fwp%2Fv2%2Fmedia&parent=7334"}],"wp:term":[{"taxonomy":"category","embeddable":true,"href":"https:\/\/www.24baires.com\/index.php?rest_route=%2Fwp%2Fv2%2Fcategories&post=7334"},{"taxonomy":"post_tag","embeddable":true,"href":"https:\/\/www.24baires.com\/index.php?rest_route=%2Fwp%2Fv2%2Ftags&post=7334"}],"curies":[{"name":"wp","href":"https:\/\/api.w.org\/{rel}","templated":true}]}}