{"id":7327,"date":"2012-11-30T11:54:42","date_gmt":"2012-11-30T14:54:42","guid":{"rendered":"http:\/\/www.24baires.com\/?p=7327"},"modified":"2012-11-30T11:54:42","modified_gmt":"2012-11-30T14:54:42","slug":"concejales-del-fpv-denuncian-desinteres-del-ejecutivo-por-el-tema-de-la-violencia-familiar","status":"publish","type":"post","link":"https:\/\/www.24baires.com\/?p=7327","title":{"rendered":"Concejales del FpV denuncian desinter\u00e9s del Ejecutivo por el tema de la violencia familiar"},"content":{"rendered":"<p><img data-recalc-dims=\"1\" loading=\"lazy\" decoding=\"async\" class=\"alignleft size-medium wp-image-7328\" title=\"ferrer cjal tandil\" src=\"https:\/\/i0.wp.com\/www.24baires.com\/wp-content\/uploads\/2012\/11\/ferrer-cjal-tandil.jpg?resize=300%2C203\" alt=\"\" width=\"300\" height=\"203\" srcset=\"https:\/\/i0.wp.com\/www.24baires.com\/wp-content\/uploads\/2012\/11\/ferrer-cjal-tandil.jpg?resize=300%2C203&amp;ssl=1 300w, https:\/\/i0.wp.com\/www.24baires.com\/wp-content\/uploads\/2012\/11\/ferrer-cjal-tandil.jpg?w=514&amp;ssl=1 514w\" sizes=\"auto, (max-width: 300px) 100vw, 300px\" \/><strong>TANDIL &#8211;<\/strong> Los ediles del Bloque PJ-FPV, Eduardo Ferrer y Graciela Ubach denunciaron que est\u00e1 \u201ccajoneado\u201d desde hace un a\u00f1o un proyecto de ordenanza referido a la creaci\u00f3n de una Mesa Local para la Prevenci\u00f3n y Atenci\u00f3n de la Violencia Familiar. \u201cDesinter\u00e9s, inanici\u00f3n, temor a que se los cuestione sobre un tema que no tienen resuelto. No lo sabemos\u201d, dijeron los concejales.<!--more--><\/p>\n<p>Los ediles Eduardo Ferrer y Graciela Ubach, el 21 de noviembre de 2011, presentaron un Proyecto de ordenanza para la creaci\u00f3n de una Mesa Local que tratara las problem\u00e1ticas de violencia familiar, definida por la legislaci\u00f3n vigente nacional y provincial como: \u201ctoda acci\u00f3n, omisi\u00f3n, abuso que afecta la integridad f\u00edsica, ps\u00edquica, moral, sexual y\/o la libertad de una persona en el \u00e1mbito familiar aunque no constituya un delito\u201d.<\/p>\n<p>Para la misma fecha, el expediente, ingresaba a la Secretar\u00eda de Desarrollo Social del Municipio con el prop\u00f3sito de que se evaluara la factibilidad del proyecto.<br \/>\nEn ese contexto, Ferrer expresaba que, desconoc\u00eda las razones por las cuales \u201cel Poder Ejecutivo de Tandil, no le daba entidad a esta legislaci\u00f3n que apuntaba a uno de los conflictos de nuestra sociedad de alta complejidad y de impacto directo a los derechos sobre la integridad del ser humano\u201d.<br \/>\nPor otra parte la concejal Ubach manifestaba que \u201cconformar esta Mesa con representatividad de todos los sectores de la sociedad no le ocasiona gastos al Municipio y ser\u00eda una herramienta m\u00e1s para responder a muchos problemas que se suceden en nuestra ciudad. M\u00e1s all\u00e1 de que muchas organizaciones no gubernamentales trabajan y muy bien en la atenci\u00f3n de la violencia familiar\u201d.<\/p>\n<p>Se\u00f1alaron tambi\u00e9n en aquella ocasi\u00f3n, que \u201ces indispensable que las v\u00edctimas de violencia puedan obtener una respuesta segura y r\u00e1pida ante los hechos que las afectan. Por esta raz\u00f3n, la conformaci\u00f3n de una Mesa Local para la Prevenci\u00f3n y Atenci\u00f3n de la violencia familiar en la ciudad de Tandil, de acuerdo al marco legislativo provincial y nacional, es el mecanismo m\u00e1s id\u00f3neo para el tratamiento de la problem\u00e1tica en forma interdisciplinaria e interinstitucional\u201d.<br \/>\nTras casi un a\u00f1o de silencio por parte del oficialismo, Ferrer y Ubach salieron a denunciar que el proyecto est\u00e1 \u201ccajoneado\u201d. \u201cResulta extra\u00f1o que el Municipio no le d\u00e9 curso a la iniciativa\u201d, destacaron.<\/p>\n<p>&nbsp;<\/p>\n<p>&nbsp;<\/p>\n","protected":false},"excerpt":{"rendered":"<p>TANDIL &#8211; Los ediles del Bloque PJ-FPV, Eduardo Ferrer y Graciela Ubach denunciaron que est\u00e1 \u201ccajoneado\u201d desde hace un a\u00f1o un proyecto de ordenanza referido a la creaci\u00f3n de una Mesa Local para la Prevenci\u00f3n y Atenci\u00f3n de la Violencia Familiar. \u201cDesinter\u00e9s, inanici\u00f3n, temor a que se los cuestione sobre un tema que no tienen resuelto. No lo sabemos\u201d, dijeron [&#8230;]<\/p>\n","protected":false},"author":11,"featured_media":0,"comment_status":"open","ping_status":"open","sticky":false,"template":"","format":"standard","meta":{"_jetpack_newsletter_access":"","_jetpack_dont_email_post_to_subs":false,"_jetpack_newsletter_tier_id":0,"_jetpack_memberships_contains_paywalled_content":false,"_jetpack_memberships_contains_paid_content":false,"footnotes":""},"categories":[44],"tags":[],"class_list":["post-7327","post","type-post","status-publish","format-standard","hentry","category-municipios"],"jetpack_featured_media_url":"","jetpack_shortlink":"https:\/\/wp.me\/p2JWE0-1Ub","jetpack-related-posts":[{"id":106576,"url":"https:\/\/www.24baires.com\/?p=106576","url_meta":{"origin":7327,"position":0},"title":"Renunci\u00f3 el presidente del Concejo Deliberante platense por una denuncia de acoso sexual","author":"AF","date":"28\/01\/2019","format":false,"excerpt":"Fernando Ponce dej\u00f3 su cargo despu\u00e9s de que se conociera la presentaci\u00f3n de una ex empleada. Tambi\u00e9n hab\u00eda atacado a una concejal por estar casada con un ex funcionario del kirchnerismo. Acorralado por denuncias en su contra por acoso sexual, renunci\u00f3 la semana pasada el presidente del Concejo Deliberante de\u2026","rel":"","context":"En \u00abLocales\u00bb","block_context":{"text":"Locales","link":"https:\/\/www.24baires.com\/?cat=38"},"img":{"alt_text":"","src":"https:\/\/i0.wp.com\/www.24baires.com\/wp-content\/uploads\/2019\/01\/ponce-la-plata.jpg?resize=350%2C200","width":350,"height":200,"srcset":"https:\/\/i0.wp.com\/www.24baires.com\/wp-content\/uploads\/2019\/01\/ponce-la-plata.jpg?resize=350%2C200 1x, https:\/\/i0.wp.com\/www.24baires.com\/wp-content\/uploads\/2019\/01\/ponce-la-plata.jpg?resize=525%2C300 1.5x"},"classes":[]},{"id":101272,"url":"https:\/\/www.24baires.com\/?p=101272","url_meta":{"origin":7327,"position":1},"title":"Pinamar: confirmaron la prisi\u00f3n preventiva para el concejal denunciado por abuso sexual de una menor","author":"GB","date":"26\/03\/2018","format":false,"excerpt":"El edil Claudio Galarza fue denunciado por atacar sexualmente a su cu\u00f1ada de 15 a\u00f1os durante dos a\u00f1os y adem\u00e1s su pareja tambi\u00e9n fue arrestada. El funcionario del FpV pidi\u00f3 licencia en el Concejo Deliberante. La justicia confirm\u00f3 la presi\u00f3n preventiva para el concejal de Pinamar del Frente para la\u2026","rel":"","context":"En \u00abPoliciales\u00bb","block_context":{"text":"Policiales","link":"https:\/\/www.24baires.com\/?cat=49"},"img":{"alt_text":"","src":"https:\/\/i0.wp.com\/www.24baires.com\/wp-content\/uploads\/2018\/03\/concejal-detenido-pinamar.jpg?resize=350%2C200","width":350,"height":200,"srcset":"https:\/\/i0.wp.com\/www.24baires.com\/wp-content\/uploads\/2018\/03\/concejal-detenido-pinamar.jpg?resize=350%2C200 1x, https:\/\/i0.wp.com\/www.24baires.com\/wp-content\/uploads\/2018\/03\/concejal-detenido-pinamar.jpg?resize=525%2C300 1.5x"},"classes":[]},{"id":101644,"url":"https:\/\/www.24baires.com\/?p=101644","url_meta":{"origin":7327,"position":2},"title":"Olavarr\u00eda: un concejal de Cambiemos festej\u00f3 y brome\u00f3 sobre un caso de abuso sexual","author":"GB","date":"17\/04\/2018","format":false,"excerpt":"Se trata del concejal radical Jos\u00e9 Luis Argui\u00f1ena que comparti\u00f3 una publicaci\u00f3n en Facebook donde se narraba que en una pr\u00e1ctica de exorcismo un pastor viol\u00f3 una mujer. \u201cQue grande el pastor\u201d escribi\u00f3 el edil. Jos\u00e9 Luis Argui\u00f1ena es radical y forma parte del bloque de concejales oficialistas de cambiemos\u2026","rel":"","context":"En \u00abMunicipios\u00bb","block_context":{"text":"Municipios","link":"https:\/\/www.24baires.com\/?cat=44"},"img":{"alt_text":"","src":"https:\/\/i0.wp.com\/www.24baires.com\/wp-content\/uploads\/2018\/04\/concejal-olavarria.png?resize=350%2C200","width":350,"height":200,"srcset":"https:\/\/i0.wp.com\/www.24baires.com\/wp-content\/uploads\/2018\/04\/concejal-olavarria.png?resize=350%2C200 1x, https:\/\/i0.wp.com\/www.24baires.com\/wp-content\/uploads\/2018\/04\/concejal-olavarria.png?resize=525%2C300 1.5x"},"classes":[]},{"id":2326,"url":"https:\/\/www.24baires.com\/?p=2326","url_meta":{"origin":7327,"position":3},"title":"Duros cuestionamientos a &#8216;La Juan Domingo&#8217; en Lan\u00fas","author":"Grupo Sierra","date":"16\/10\/2012","format":false,"excerpt":"Concejales del Frente para la Victoria denuncian que la agrupaci\u00f3n sciolista intenta \u201cpolitizar\u201d algunos debates importantes para perjudicar la gesti\u00f3n del intendente local Dar\u00edo D\u00edaz P\u00e9rez. Al ser consultado el titular del bloque oficialista, H\u00e9ctor Montero, calific\u00f3 la situaci\u00f3n como \u201clamentable\u201d. Las denuncias del FPV apuntan al bloque \u201c17 de\u2026","rel":"","context":"En \u00abPol\u00edtica\u00bb","block_context":{"text":"Pol\u00edtica","link":"https:\/\/www.24baires.com\/?cat=51"},"img":{"alt_text":"","src":"","width":0,"height":0},"classes":[]},{"id":116682,"url":"https:\/\/www.24baires.com\/?p=116682","url_meta":{"origin":7327,"position":4},"title":"Esc\u00e1ndalo en Mar Chiquita por las amenazas de un guardavidas a una concejala","author":"GB","date":"12\/11\/2020","format":false,"excerpt":"El agresor es integrante de la Uni\u00f3n de Guardavidas Agremiados, entidad que en lugar de rechazar el hecho lo calific\u00f3 como un \"exabrupto\" La concejala de Mar Chiquita, Andrea Lezcano, denunci\u00f3 que fue amenazada por un guardavidas integrante de la Uni\u00f3n de Guardavidas Agremiados Mar Chiquita (UGAM) , quien la\u2026","rel":"","context":"En \u00abMunicipios\u00bb","block_context":{"text":"Municipios","link":"https:\/\/www.24baires.com\/?cat=44"},"img":{"alt_text":"","src":"https:\/\/i0.wp.com\/www.24baires.com\/wp-content\/uploads\/2020\/11\/20201112074550_andrea-lezcano.jpg?resize=350%2C200","width":350,"height":200,"srcset":"https:\/\/i0.wp.com\/www.24baires.com\/wp-content\/uploads\/2020\/11\/20201112074550_andrea-lezcano.jpg?resize=350%2C200 1x, https:\/\/i0.wp.com\/www.24baires.com\/wp-content\/uploads\/2020\/11\/20201112074550_andrea-lezcano.jpg?resize=525%2C300 1.5x"},"classes":[]},{"id":49986,"url":"https:\/\/www.24baires.com\/?p=49986","url_meta":{"origin":7327,"position":5},"title":"Crear\u00e1n un Juzgado de familia en Hurlingham","author":"AF","date":"16\/07\/2014","format":false,"excerpt":"El ministro de Justicia, Ricardo Casal, anunci\u00f3 que el municipio de \u201cHurlingham ser\u00e1 uno de los distritos donde se instalar\u00e1 un Juzgado de Familia con competencia exclusiva en violencia familiar\u201d. Lo hizo junto al concejal del Frente Para la Victoria de Hurlingham, Juan Zabaleta, durante una charla en la que\u2026","rel":"","context":"En \u00abLocales\u00bb","block_context":{"text":"Locales","link":"https:\/\/www.24baires.com\/?cat=38"},"img":{"alt_text":"Zabaleta- Casal- Hurlingham,","src":"https:\/\/i0.wp.com\/www.24baires.com\/wp-content\/uploads\/2014\/07\/Zabaleta-Casal-Hurlingham.jpg?resize=350%2C200","width":350,"height":200,"srcset":"https:\/\/i0.wp.com\/www.24baires.com\/wp-content\/uploads\/2014\/07\/Zabaleta-Casal-Hurlingham.jpg?resize=350%2C200 1x, https:\/\/i0.wp.com\/www.24baires.com\/wp-content\/uploads\/2014\/07\/Zabaleta-Casal-Hurlingham.jpg?resize=525%2C300 1.5x"},"classes":[]}],"jetpack_sharing_enabled":true,"jetpack_likes_enabled":true,"_links":{"self":[{"href":"https:\/\/www.24baires.com\/index.php?rest_route=\/wp\/v2\/posts\/7327","targetHints":{"allow":["GET"]}}],"collection":[{"href":"https:\/\/www.24baires.com\/index.php?rest_route=\/wp\/v2\/posts"}],"about":[{"href":"https:\/\/www.24baires.com\/index.php?rest_route=\/wp\/v2\/types\/post"}],"author":[{"embeddable":true,"href":"https:\/\/www.24baires.com\/index.php?rest_route=\/wp\/v2\/users\/11"}],"replies":[{"embeddable":true,"href":"https:\/\/www.24baires.com\/index.php?rest_route=%2Fwp%2Fv2%2Fcomments&post=7327"}],"version-history":[{"count":4,"href":"https:\/\/www.24baires.com\/index.php?rest_route=\/wp\/v2\/posts\/7327\/revisions"}],"predecessor-version":[{"id":7333,"href":"https:\/\/www.24baires.com\/index.php?rest_route=\/wp\/v2\/posts\/7327\/revisions\/7333"}],"wp:attachment":[{"href":"https:\/\/www.24baires.com\/index.php?rest_route=%2Fwp%2Fv2%2Fmedia&parent=7327"}],"wp:term":[{"taxonomy":"category","embeddable":true,"href":"https:\/\/www.24baires.com\/index.php?rest_route=%2Fwp%2Fv2%2Fcategories&post=7327"},{"taxonomy":"post_tag","embeddable":true,"href":"https:\/\/www.24baires.com\/index.php?rest_route=%2Fwp%2Fv2%2Ftags&post=7327"}],"curies":[{"name":"wp","href":"https:\/\/api.w.org\/{rel}","templated":true}]}}