{"id":7323,"date":"2012-11-30T11:31:49","date_gmt":"2012-11-30T14:31:49","guid":{"rendered":"http:\/\/www.24baires.com\/?p=7323"},"modified":"2012-11-30T11:31:49","modified_gmt":"2012-11-30T14:31:49","slug":"maxima-tension-en-la-carcel-de-bahia-blanca-ante-una-posible-fuga-masiva-de-presos","status":"publish","type":"post","link":"https:\/\/www.24baires.com\/?p=7323","title":{"rendered":"M\u00e1xima tensi\u00f3n en la c\u00e1rcel de Bah\u00eda Blanca ante una posible fuga masiva de presos"},"content":{"rendered":"<p>Una denuncia an\u00f3nima que alertaba sobre una posible fuga masiva de presos en la c\u00e1rcel de Villa Flores, moviliz\u00f3 de urgencia a todo el Servicio Penitenciario y a gran parte de la Polic\u00eda local.<!--more--><\/p>\n<p>Seg\u00fan pudo saber en exclusiva LB24, alrededor de la medianoche un llamado telef\u00f3nico realizado desde adentro de la c\u00e1rcel indicaba que se estaba por concretar una importante fuga y que varios internos estaban organizados.<\/p>\n<p>Ante la advertencia, personal de la UP N\u00b04 reforz\u00f3 la guardia en distintos sectores del penal y solicit\u00f3 la colaboraci\u00f3n de la polic\u00eda para que brindara el apoyo exterior.<\/p>\n<p>Varios m\u00f3viles del Grupo de Apoyo Departamental y efectivos de la seccional segunda cubrieron la parte externa de los muros de la c\u00e1rcel. En tanto, otros polic\u00edas se apostaron en las esquinas de calle La Falda.<\/p>\n<p>El jefe Distrital Marcelo Bianchett\u00edn tambi\u00e9n se hizo presente en el lugar y se reuni\u00f3 con las autoridades penitenciarias para definir c\u00f3mo se actuar\u00eda ante esa situaci\u00f3n.<\/p>\n<p>Finalmente, se orden\u00f3 el traslado de algunos presos \u201ccomplicados\u201d y que estaban sospechados de ser los autores de la maniobra.<\/p>\n<p>\u201cSe resolvi\u00f3 que los internos m\u00e1s conflictivos sean trasladados esta misma madrugada a la c\u00e1rcel de Campana. De todas formas, la polic\u00eda seguir\u00e1 brindado apoyo exterior pero del resto se encargar\u00e1 el SPB\u201d, describi\u00f3 ante LB24 un oficial del GAD.<\/p>\n<p>&nbsp;<\/p>\n<p>&nbsp;<\/p>\n<p>&nbsp;<\/p>\n<p>&nbsp;<\/p>\n<p>&nbsp;<\/p>\n<p>&nbsp;<\/p>\n<p>&nbsp;<\/p>\n<p>&nbsp;<\/p>\n<p>&nbsp;<\/p>\n<p>&nbsp;<\/p>\n","protected":false},"excerpt":{"rendered":"<p>Una denuncia an\u00f3nima que alertaba sobre una posible fuga masiva de presos en la c\u00e1rcel de Villa Flores, moviliz\u00f3 de urgencia a todo el Servicio Penitenciario y a gran parte de la Polic\u00eda local.<\/p>\n","protected":false},"author":11,"featured_media":0,"comment_status":"open","ping_status":"open","sticky":false,"template":"","format":"standard","meta":{"_jetpack_newsletter_access":"","_jetpack_dont_email_post_to_subs":false,"_jetpack_newsletter_tier_id":0,"_jetpack_memberships_contains_paywalled_content":false,"_jetpack_memberships_contains_paid_content":false,"footnotes":""},"categories":[49],"tags":[],"class_list":["post-7323","post","type-post","status-publish","format-standard","hentry","category-policiales"],"jetpack_featured_media_url":"","jetpack_shortlink":"https:\/\/wp.me\/p2JWE0-1U7","jetpack-related-posts":[{"id":34088,"url":"https:\/\/www.24baires.com\/?p=34088","url_meta":{"origin":7323,"position":0},"title":"Se escap\u00f3 un ex gendarme del penal de Marcos Paz","author":"AF","date":"25\/10\/2013","format":false,"excerpt":"A casi dos meses de la fuga de Ezeiza, el Servicio Penitenciario Federal sufri\u00f3 este jueves un nuevo episodio en una de las c\u00e1rceles m\u00e1s grandes del pa\u00eds: el penal de m\u00e1xima seguridad de Marcos Paz, que alberga a unos 1700 presos. Un ex gendarme se escap\u00f3 de ese penal\u2026","rel":"","context":"En \u00abPoliciales\u00bb","block_context":{"text":"Policiales","link":"https:\/\/www.24baires.com\/?cat=49"},"img":{"alt_text":"","src":"","width":0,"height":0},"classes":[]},{"id":30850,"url":"https:\/\/www.24baires.com\/?p=30850","url_meta":{"origin":7323,"position":1},"title":"Recapturaron al preso fugado de la c\u00e1rcel de Bah\u00eda Blanca","author":"AF","date":"27\/08\/2013","format":false,"excerpt":"Se trata de Vidal Figueroa, de 22 a\u00f1os, quien estaba preso desde abril, por robos calificados. El recluso habr\u00eda trepado por una red de la cancha de f\u00fatbol cuando estaba en el momento de recreaci\u00f3n. Habr\u00eda sido ayudado desde afuera con una soga. Un preso identificado como Vidal Figueroa, de\u2026","rel":"","context":"En \u00abLocales\u00bb","block_context":{"text":"Locales","link":"https:\/\/www.24baires.com\/?cat=38"},"img":{"alt_text":"c\u00e1rcel bah\u00eda blanca","src":"https:\/\/i0.wp.com\/www.24baires.com\/wp-content\/uploads\/2013\/08\/c%C3%A1rcel-bah%C3%ADa-blanca.jpg?resize=350%2C200","width":350,"height":200,"srcset":"https:\/\/i0.wp.com\/www.24baires.com\/wp-content\/uploads\/2013\/08\/c%C3%A1rcel-bah%C3%ADa-blanca.jpg?resize=350%2C200 1x, https:\/\/i0.wp.com\/www.24baires.com\/wp-content\/uploads\/2013\/08\/c%C3%A1rcel-bah%C3%ADa-blanca.jpg?resize=525%2C300 1.5x"},"classes":[]},{"id":41142,"url":"https:\/\/www.24baires.com\/?p=41142","url_meta":{"origin":7323,"position":2},"title":"Jun\u00edn: se escaparon seis presos de una c\u00e1rcel de m\u00e1xima seguridad","author":"Grupo Sierra","date":"26\/02\/2014","format":false,"excerpt":"Los agentes se dieron cuenta que faltaban durante el recuento de la ma\u00f1ana. Los buscan por la zona. Seis presos que se hallaban alojados en un penal de m\u00e1xima seguridad de la ciudad de Jun\u00edn se fugaron esta madrugada tras cortar dos alambrados perif\u00e9ricos, informaron fuentes policiales. Seg\u00fan los investigadores,\u2026","rel":"","context":"En \u00abPoliciales\u00bb","block_context":{"text":"Policiales","link":"https:\/\/www.24baires.com\/?cat=49"},"img":{"alt_text":"","src":"","width":0,"height":0},"classes":[]},{"id":34389,"url":"https:\/\/www.24baires.com\/?p=34389","url_meta":{"origin":7323,"position":3},"title":"Se fugaron dos presos durante el traslado a una c\u00e1rcel en La Plata","author":"GB","date":"30\/10\/2013","format":false,"excerpt":"Dos presos que eran trasladados a la Unidad 9 se fugaron luego de que el m\u00f3vil que los transportaba chocara en la esquina de las calles 77 y 11, a pocas cuadras de la c\u00e1rcel, inform\u00f3 una fuente policial. El vocero detall\u00f3 que el conductor del celular que trasladaba a\u2026","rel":"","context":"En \u00abPoliciales\u00bb","block_context":{"text":"Policiales","link":"https:\/\/www.24baires.com\/?cat=49"},"img":{"alt_text":"poli","src":"https:\/\/i0.wp.com\/www.24baires.com\/wp-content\/uploads\/2013\/09\/poli-300x225.jpg?resize=350%2C200","width":350,"height":200},"classes":[]},{"id":57072,"url":"https:\/\/www.24baires.com\/?p=57072","url_meta":{"origin":7323,"position":4},"title":"Tres presos intentaron fugarse de la c\u00e1rcel de Campana","author":"GB","date":"13\/11\/2014","format":false,"excerpt":"Los delincuentes est\u00e1n alojados en la Unidad 21. Trataron de escapar escalando un muro con una soga casera. La fuga fue frustrada por los guardias de seguridad. Los presos fueron trasladados al penal de Sierra Chica. Luego de los m\u00faltiples casos de fuga de presos de c\u00e1rceles bonaerenses, tres reos\u2026","rel":"","context":"En \u00abMunicipios\u00bb","block_context":{"text":"Municipios","link":"https:\/\/www.24baires.com\/?cat=44"},"img":{"alt_text":"carcel campana","src":"https:\/\/i0.wp.com\/www.24baires.com\/wp-content\/uploads\/2014\/11\/carcel-campana.jpg?resize=350%2C200","width":350,"height":200},"classes":[]},{"id":30469,"url":"https:\/\/www.24baires.com\/?p=30469","url_meta":{"origin":7323,"position":5},"title":"Se fugaron 15 detenidos de la c\u00e1rcel de Ezeiza: lograron recapturar s\u00f3lo a dos","author":"AF","date":"20\/08\/2013","format":false,"excerpt":"Al menos 13 presos se escaparon en las \u00faltimas horas del Complejo Penitenciario Federal 1 de Ezeiza, y los investigadores lograron recapturar a dos de ellos en la zona de Ca\u00f1uelas. Las autoridades del penal descubrieron la fuga en el habitual recuento de presos llevado a cabo esta medianoche, aunque\u2026","rel":"","context":"En \u00abSociedad\u00bb","block_context":{"text":"Sociedad","link":"https:\/\/www.24baires.com\/?cat=1"},"img":{"alt_text":"","src":"","width":0,"height":0},"classes":[]}],"jetpack_sharing_enabled":true,"jetpack_likes_enabled":true,"_links":{"self":[{"href":"https:\/\/www.24baires.com\/index.php?rest_route=\/wp\/v2\/posts\/7323","targetHints":{"allow":["GET"]}}],"collection":[{"href":"https:\/\/www.24baires.com\/index.php?rest_route=\/wp\/v2\/posts"}],"about":[{"href":"https:\/\/www.24baires.com\/index.php?rest_route=\/wp\/v2\/types\/post"}],"author":[{"embeddable":true,"href":"https:\/\/www.24baires.com\/index.php?rest_route=\/wp\/v2\/users\/11"}],"replies":[{"embeddable":true,"href":"https:\/\/www.24baires.com\/index.php?rest_route=%2Fwp%2Fv2%2Fcomments&post=7323"}],"version-history":[{"count":3,"href":"https:\/\/www.24baires.com\/index.php?rest_route=\/wp\/v2\/posts\/7323\/revisions"}],"predecessor-version":[{"id":7326,"href":"https:\/\/www.24baires.com\/index.php?rest_route=\/wp\/v2\/posts\/7323\/revisions\/7326"}],"wp:attachment":[{"href":"https:\/\/www.24baires.com\/index.php?rest_route=%2Fwp%2Fv2%2Fmedia&parent=7323"}],"wp:term":[{"taxonomy":"category","embeddable":true,"href":"https:\/\/www.24baires.com\/index.php?rest_route=%2Fwp%2Fv2%2Fcategories&post=7323"},{"taxonomy":"post_tag","embeddable":true,"href":"https:\/\/www.24baires.com\/index.php?rest_route=%2Fwp%2Fv2%2Ftags&post=7323"}],"curies":[{"name":"wp","href":"https:\/\/api.w.org\/{rel}","templated":true}]}}