{"id":7316,"date":"2012-11-30T11:19:29","date_gmt":"2012-11-30T14:19:29","guid":{"rendered":"http:\/\/www.24baires.com\/?p=7316"},"modified":"2012-11-30T11:19:29","modified_gmt":"2012-11-30T14:19:29","slug":"la-fiscal-del-secuestro-de-cnel-suarez-amplia-la-acusacion-a-la-periodista-de-cablevision","status":"publish","type":"post","link":"https:\/\/www.24baires.com\/?p=7316","title":{"rendered":"La fiscal del secuestro de Cnel. Su\u00e1rez ampl\u00eda la acusaci\u00f3n a la periodista de Cablevisi\u00f3n"},"content":{"rendered":"<p><img data-recalc-dims=\"1\" loading=\"lazy\" decoding=\"async\" class=\"alignleft size-medium wp-image-6097\" title=\"heit\" src=\"https:\/\/i0.wp.com\/www.24baires.com\/wp-content\/uploads\/2012\/11\/heit2.jpg?resize=300%2C219\" alt=\"\" width=\"300\" height=\"219\" srcset=\"https:\/\/i0.wp.com\/www.24baires.com\/wp-content\/uploads\/2012\/11\/heit2.jpg?resize=300%2C219&amp;ssl=1 300w, https:\/\/i0.wp.com\/www.24baires.com\/wp-content\/uploads\/2012\/11\/heit2.jpg?w=560&amp;ssl=1 560w\" sizes=\"auto, (max-width: 300px) 100vw, 300px\" \/>La fiscal de Bah\u00eda Blanca Mar\u00eda Marta Corrado adelant\u00f3 que ampliar\u00e1 la acusaci\u00f3n de la periodista Estefan\u00eda Heit para que adem\u00e1s del delito de privaci\u00f3n de la libertad agravada sea indagada como part\u00edcipe en el abuso sexual de una joven que denunci\u00f3 haber estado tres meses cautiva en su casa.<!--more--><\/p>\n<p>En di\u00e1logo con distintos medios de prensa en la puerta de los tribunales bahienses, la fiscal dijo que la mujer que denunci\u00f3 a Heit y a su esposo, Jes\u00fas Olivera, \u00abratific\u00f3\u00bb todos sus dichos en cuanto a los maltratos sufridos y enmarc\u00f3 el episodio en una cuesti\u00f3n de \u00edndole \u00abreligiosa\u00bb.<\/p>\n","protected":false},"excerpt":{"rendered":"<p>La fiscal de Bah\u00eda Blanca Mar\u00eda Marta Corrado adelant\u00f3 que ampliar\u00e1 la acusaci\u00f3n de la periodista Estefan\u00eda Heit para que adem\u00e1s del delito de privaci\u00f3n de la libertad agravada sea indagada como part\u00edcipe en el abuso sexual de una joven que denunci\u00f3 haber estado tres meses cautiva en su casa.<\/p>\n","protected":false},"author":11,"featured_media":0,"comment_status":"open","ping_status":"open","sticky":false,"template":"","format":"standard","meta":{"_jetpack_newsletter_access":"","_jetpack_dont_email_post_to_subs":false,"_jetpack_newsletter_tier_id":0,"_jetpack_memberships_contains_paywalled_content":false,"_jetpack_memberships_contains_paid_content":false,"footnotes":""},"categories":[49],"tags":[],"class_list":["post-7316","post","type-post","status-publish","format-standard","hentry","category-policiales"],"jetpack_featured_media_url":"","jetpack_shortlink":"https:\/\/wp.me\/p2JWE0-1U0","jetpack-related-posts":[{"id":45575,"url":"https:\/\/www.24baires.com\/?p=45575","url_meta":{"origin":7316,"position":0},"title":"Comienza el juicio: Heit y Olivera esperan desde la c\u00e1rcel","author":"Grupo Sierra","date":"08\/05\/2014","format":false,"excerpt":"Desde el penal en Bah\u00eda Blanca, la periodista Estefan\u00eda Heit y el pastor Jes\u00fas Olivera hablaron a una semana del inicio del juicio oral y p\u00fablico que debe definir si son culpables o no de mantener cautiva a Sonia Molina. Aseguran que no volver\u00edan a la ciudad de Coronel Su\u00e1rez.\u2026","rel":"","context":"En \u00abJUDICIALES\u00bb","block_context":{"text":"JUDICIALES","link":"https:\/\/www.24baires.com\/?cat=68"},"img":{"alt_text":"Olivera y Heit","src":"https:\/\/i0.wp.com\/www.24baires.com\/wp-content\/uploads\/2012\/12\/Olivera-y-Heit.jpg?resize=350%2C200","width":350,"height":200,"srcset":"https:\/\/i0.wp.com\/www.24baires.com\/wp-content\/uploads\/2012\/12\/Olivera-y-Heit.jpg?resize=350%2C200 1x, https:\/\/i0.wp.com\/www.24baires.com\/wp-content\/uploads\/2012\/12\/Olivera-y-Heit.jpg?resize=525%2C300 1.5x"},"classes":[]},{"id":10709,"url":"https:\/\/www.24baires.com\/?p=10709","url_meta":{"origin":7316,"position":1},"title":"Rechazan la excarcelaci\u00f3n de la periodista Estefan\u00eda Heit","author":"Grupo Sierra","date":"28\/12\/2012","format":false,"excerpt":"La jueza de Garant\u00edas 1 de Bah\u00eda Blanca, Gilda Sthempelet, rechaz\u00f3 el pedido de excarcelaci\u00f3n de la periodista Estefan\u00eda Heit, que se encuentra detenida acusada de haber reducido a la servidumbre a una mujer en su casa de Coronel Su\u00e1rez. Igualmente, evaluar\u00eda morigerarle la prisi\u00f3n preventiva para que pueda cumplirla\u2026","rel":"","context":"En \u00abPoliciales\u00bb","block_context":{"text":"Policiales","link":"https:\/\/www.24baires.com\/?cat=49"},"img":{"alt_text":"heit","src":"https:\/\/i0.wp.com\/www.24baires.com\/wp-content\/uploads\/2012\/11\/heit1-300x219.jpg?resize=350%2C200","width":350,"height":200},"classes":[]},{"id":20219,"url":"https:\/\/www.24baires.com\/?p=20219","url_meta":{"origin":7316,"position":2},"title":"Prisi\u00f3n domiciliaria para Estefan\u00eda Heit, la periodista suarense acusada de abuso","author":"AF","date":"04\/04\/2013","format":false,"excerpt":"Estefan\u00eda Heit, quien est\u00e1 detenida desde noviembre acusada de haber reducido a la servidumbre a una mujer de 33 a\u00f1os, fue beneficiada hoy con un arresto domiciliario. La medida fue concedida por la jueza de Garant\u00edas 1, Gilda Stemphelet, quien consider\u00f3 que no hay peligro de fuga ni de entorpecimiento\u2026","rel":"","context":"En \u00abLocales\u00bb","block_context":{"text":"Locales","link":"https:\/\/www.24baires.com\/?cat=38"},"img":{"alt_text":"heit presa","src":"https:\/\/i0.wp.com\/www.24baires.com\/wp-content\/uploads\/2013\/01\/heit-presa.jpg?resize=350%2C200","width":350,"height":200},"classes":[]},{"id":9696,"url":"https:\/\/www.24baires.com\/?p=9696","url_meta":{"origin":7316,"position":3},"title":"Prisi\u00f3n preventiva para Heit y Olivera y cambio de car\u00e1tula","author":"AF","date":"19\/12\/2012","format":false,"excerpt":"La Justicia de Garant\u00edas concedi\u00f3 el pedido de la fiscal contra Estefan\u00eda Heit y Jes\u00fas Olivera. Sin embargo, se eliminaron delitos y se baj\u00f3 la calificaci\u00f3n de otros. Por ahora, los imputados seguir\u00e1n detenidos. La Justicia de Garant\u00edas dict\u00f3 en la noche del martes la prisi\u00f3n preventiva para el matrimonio\u2026","rel":"","context":"En \u00abPoliciales\u00bb","block_context":{"text":"Policiales","link":"https:\/\/www.24baires.com\/?cat=49"},"img":{"alt_text":"Olivera y Heit","src":"https:\/\/i0.wp.com\/www.24baires.com\/wp-content\/uploads\/2012\/12\/Olivera-y-Heit-300x219.jpg?resize=350%2C200","width":350,"height":200},"classes":[]},{"id":34454,"url":"https:\/\/www.24baires.com\/?p=34454","url_meta":{"origin":7316,"position":4},"title":"Coronel Su\u00e1rez: podr\u00edan excarcelar a la periodista Estefan\u00eda Heit","author":"AF","date":"01\/11\/2013","format":false,"excerpt":"Su abogado confirm\u00f3 que la posibilidad reside en que las acusaciones con que la causa fue elevada a juicio no son tan graves como al principio. El abogado de Estefan\u00eda Heit, la periodista acusada junto a su marido por el secuestro de Sonia Molina en Coronel Su\u00e1rez, confirm\u00f3 que es\u2026","rel":"","context":"En \u00abJUDICIALES\u00bb","block_context":{"text":"JUDICIALES","link":"https:\/\/www.24baires.com\/?cat=68"},"img":{"alt_text":"","src":"","width":0,"height":0},"classes":[]},{"id":46735,"url":"https:\/\/www.24baires.com\/?p=46735","url_meta":{"origin":7316,"position":5},"title":"Hoy se conocer\u00e1 el veredicto en el juicio a Heit y a Olivera","author":"AF","date":"26\/05\/2014","format":false,"excerpt":"El veredicto en el juicio a Jes\u00fas Olivera y su esposa Estefan\u00eda Heit, acusados de haber mantenido cautiva durante tres meses de 2012 a una mujer, en una casa de Coronel Su\u00e1rez, se conocer\u00e1 en los tribunales de la ciudad bonaerense de Bah\u00eda Blanca. El debate, que comenzar\u00e1 a las\u2026","rel":"","context":"En \u00abJUDICIALES\u00bb","block_context":{"text":"JUDICIALES","link":"https:\/\/www.24baires.com\/?cat=68"},"img":{"alt_text":"Olivera y Heit","src":"https:\/\/i0.wp.com\/www.24baires.com\/wp-content\/uploads\/2012\/12\/Olivera-y-Heit.jpg?resize=350%2C200","width":350,"height":200,"srcset":"https:\/\/i0.wp.com\/www.24baires.com\/wp-content\/uploads\/2012\/12\/Olivera-y-Heit.jpg?resize=350%2C200 1x, https:\/\/i0.wp.com\/www.24baires.com\/wp-content\/uploads\/2012\/12\/Olivera-y-Heit.jpg?resize=525%2C300 1.5x"},"classes":[]}],"jetpack_sharing_enabled":true,"jetpack_likes_enabled":true,"_links":{"self":[{"href":"https:\/\/www.24baires.com\/index.php?rest_route=\/wp\/v2\/posts\/7316","targetHints":{"allow":["GET"]}}],"collection":[{"href":"https:\/\/www.24baires.com\/index.php?rest_route=\/wp\/v2\/posts"}],"about":[{"href":"https:\/\/www.24baires.com\/index.php?rest_route=\/wp\/v2\/types\/post"}],"author":[{"embeddable":true,"href":"https:\/\/www.24baires.com\/index.php?rest_route=\/wp\/v2\/users\/11"}],"replies":[{"embeddable":true,"href":"https:\/\/www.24baires.com\/index.php?rest_route=%2Fwp%2Fv2%2Fcomments&post=7316"}],"version-history":[{"count":4,"href":"https:\/\/www.24baires.com\/index.php?rest_route=\/wp\/v2\/posts\/7316\/revisions"}],"predecessor-version":[{"id":7322,"href":"https:\/\/www.24baires.com\/index.php?rest_route=\/wp\/v2\/posts\/7316\/revisions\/7322"}],"wp:attachment":[{"href":"https:\/\/www.24baires.com\/index.php?rest_route=%2Fwp%2Fv2%2Fmedia&parent=7316"}],"wp:term":[{"taxonomy":"category","embeddable":true,"href":"https:\/\/www.24baires.com\/index.php?rest_route=%2Fwp%2Fv2%2Fcategories&post=7316"},{"taxonomy":"post_tag","embeddable":true,"href":"https:\/\/www.24baires.com\/index.php?rest_route=%2Fwp%2Fv2%2Ftags&post=7316"}],"curies":[{"name":"wp","href":"https:\/\/api.w.org\/{rel}","templated":true}]}}