{"id":7310,"date":"2012-11-30T10:34:14","date_gmt":"2012-11-30T13:34:14","guid":{"rendered":"http:\/\/www.24baires.com\/?p=7310"},"modified":"2012-11-30T10:34:14","modified_gmt":"2012-11-30T13:34:14","slug":"suteba-denuncia-persecuciones-y-listas-negras-y-que-en-2013-no-iniciaran-las-clases","status":"publish","type":"post","link":"https:\/\/www.24baires.com\/?p=7310","title":{"rendered":"SUTEBA denuncia \u00abpersecuciones y listas negras\u00bb y que en 2013 no iniciar\u00e1n las clases"},"content":{"rendered":"<p>El titular de SUTEBA, Roberto Baradel, afirm\u00f3 que si el gobierno bonaerense no regulariza el pago de salarios de miles de docentes, <strong>\u00aben el 2013 no empiezan las clases\u00bb<\/strong> en la provincia de Buenos Aires.<!--more--><br \/>\n\u00abEst\u00e1n descontando a los docentes afiliados a los gremios, por lo que denunciamos una persecuci\u00f3n por parte de las autoridades, ya que est\u00e1n pidiendo listas negras a los directores con nombre y apellido de quienes realizaron los paros\u00bb, dijo el dirigente gremial en una conferencia de prensa ofrecida en la ma\u00f1ana del viernes.<\/p>\n<p>&nbsp;<\/p>\n<p>&nbsp;<\/p>\n<p>&nbsp;<\/p>\n<p>&nbsp;<\/p>\n<p>&nbsp;<\/p>\n<p>&nbsp;<\/p>\n<p>&nbsp;<\/p>\n<p>&nbsp;<\/p>\n<p>&nbsp;<\/p>\n<p>&nbsp;<\/p>\n<p>&nbsp;<\/p>\n<p>&nbsp;<\/p>\n<p>&nbsp;<\/p>\n<p>&nbsp;<\/p>\n<p>&nbsp;<\/p>\n<p>&nbsp;<\/p>\n<p>&nbsp;<\/p>\n<p>&nbsp;<\/p>\n<p>&nbsp;<\/p>\n<p>&nbsp;<\/p>\n<p>&nbsp;<\/p>\n","protected":false},"excerpt":{"rendered":"<p>El titular de SUTEBA, Roberto Baradel, afirm\u00f3 que si el gobierno bonaerense no regulariza el pago de salarios de miles de docentes, \u00aben el 2013 no empiezan las clases\u00bb en la provincia de Buenos Aires.<\/p>\n","protected":false},"author":11,"featured_media":0,"comment_status":"open","ping_status":"open","sticky":false,"template":"","format":"standard","meta":{"_jetpack_newsletter_access":"","_jetpack_dont_email_post_to_subs":false,"_jetpack_newsletter_tier_id":0,"_jetpack_memberships_contains_paywalled_content":false,"_jetpack_memberships_contains_paid_content":false,"footnotes":""},"categories":[40],"tags":[],"class_list":["post-7310","post","type-post","status-publish","format-standard","hentry","category-provincia"],"jetpack_featured_media_url":"","jetpack_shortlink":"https:\/\/wp.me\/p2JWE0-1TU","jetpack-related-posts":[{"id":106233,"url":"https:\/\/www.24baires.com\/?p=106233","url_meta":{"origin":7310,"position":0},"title":"Baradel denuncia campa\u00f1a de fake news en su contra elaborada por Macri y Vidal","author":"AF","date":"07\/01\/2019","format":false,"excerpt":"El secretario General de Suteba acus\u00f3 al Presidente y a la Gobernadora de la Provincia de Buenos Aires como responsables del ataque que el docente padece en redes sociales a manos del troll center macrista. Bajo una violenta campa\u00f1a de noticias falsas, propiciadas desde un centenar de cuentas de trolls\u2026","rel":"","context":"En \u00abPol\u00edtica\u00bb","block_context":{"text":"Pol\u00edtica","link":"https:\/\/www.24baires.com\/?cat=51"},"img":{"alt_text":"","src":"https:\/\/i0.wp.com\/www.24baires.com\/wp-content\/uploads\/2018\/10\/baradel.jpg?resize=350%2C200","width":350,"height":200,"srcset":"https:\/\/i0.wp.com\/www.24baires.com\/wp-content\/uploads\/2018\/10\/baradel.jpg?resize=350%2C200 1x, https:\/\/i0.wp.com\/www.24baires.com\/wp-content\/uploads\/2018\/10\/baradel.jpg?resize=525%2C300 1.5x"},"classes":[]},{"id":103018,"url":"https:\/\/www.24baires.com\/?p=103018","url_meta":{"origin":7310,"position":1},"title":"Docentes denunciar\u00e1n al Gobierno por \u00abpersecuci\u00f3n\u00bb contra directivos por los paros","author":"GB","date":"27\/06\/2018","format":false,"excerpt":"Docentes bonaerenses anunciaron que denunciar\u00e1n al Gobierno provincial por \"persecuci\u00f3n\" y \"medidas de disciplinamiento\" contra los directivos de las escuelas que se adhirieron a los paros. Seg\u00fan confirmaron a DIB desde Suteba, el gremio que conduce Roberto Baradel prepara una denuncia en ese sentido, que ser\u00e1 presentada en el transcurso\u2026","rel":"","context":"En \u00abProvincia\u00bb","block_context":{"text":"Provincia","link":"https:\/\/www.24baires.com\/?cat=40"},"img":{"alt_text":"","src":"https:\/\/i0.wp.com\/www.24baires.com\/wp-content\/uploads\/2018\/06\/gob-provincial-300x200.jpg?resize=350%2C200","width":350,"height":200},"classes":[]},{"id":108639,"url":"https:\/\/www.24baires.com\/?p=108639","url_meta":{"origin":7310,"position":2},"title":"Docentes bonaerenses denuncian que Vidal no cumple la paritaria","author":"AF","date":"07\/06\/2019","format":false,"excerpt":"Los docentes bonaerenses agrupados en Suteba y en la FEB denunciaron el incumplimiento del acuerdo paritario por parte del gobierno de Mar\u00eda Eugenia Vidal por un descuento \"indiscriminado\" de los d\u00edas de paro. \"Considerando el car\u00e1cter alimentario que tiene el salario de los docentes, exigimos una urgente devoluci\u00f3n de los\u2026","rel":"","context":"En \u00abSociedad\u00bb","block_context":{"text":"Sociedad","link":"https:\/\/www.24baires.com\/?cat=1"},"img":{"alt_text":"","src":"https:\/\/i0.wp.com\/www.24baires.com\/wp-content\/uploads\/2018\/10\/baradel.jpg?resize=350%2C200","width":350,"height":200,"srcset":"https:\/\/i0.wp.com\/www.24baires.com\/wp-content\/uploads\/2018\/10\/baradel.jpg?resize=350%2C200 1x, https:\/\/i0.wp.com\/www.24baires.com\/wp-content\/uploads\/2018\/10\/baradel.jpg?resize=525%2C300 1.5x"},"classes":[]},{"id":107890,"url":"https:\/\/www.24baires.com\/?p=107890","url_meta":{"origin":7310,"position":3},"title":"Paro nacional: los principales gremios docentes de la provincia se suman a la medida de fuerza ma\u00f1ana. Adem\u00e1s parar\u00e1n ATE, CICOP y AJB.","author":"AF","date":"29\/04\/2019","format":false,"excerpt":"En el marco del paro nacional que realizar\u00e1n algunos sindicatos, los principales gremios docentes de la provincia de Buenos Aires no dictar\u00e1n clases durante el martes, medida a la que se suman adem\u00e1s los estatales de ATE, profesionales de la salud de Cicop y judiciales de la AJB. M\u00e1s all\u00e1\u2026","rel":"","context":"En \u00abSociedad\u00bb","block_context":{"text":"Sociedad","link":"https:\/\/www.24baires.com\/?cat=1"},"img":{"alt_text":"","src":"https:\/\/i0.wp.com\/www.24baires.com\/wp-content\/uploads\/2012\/11\/paro-docente.jpg?resize=350%2C200","width":350,"height":200,"srcset":"https:\/\/i0.wp.com\/www.24baires.com\/wp-content\/uploads\/2012\/11\/paro-docente.jpg?resize=350%2C200 1x, https:\/\/i0.wp.com\/www.24baires.com\/wp-content\/uploads\/2012\/11\/paro-docente.jpg?resize=525%2C300 1.5x"},"classes":[]},{"id":100289,"url":"https:\/\/www.24baires.com\/?p=100289","url_meta":{"origin":7310,"position":4},"title":"Gremios advirtien que sin docentes no hay educaci\u00f3n","author":"AF","date":"31\/01\/2018","format":false,"excerpt":"La gobernadora de Buenos Aires adelant\u00f3 una serie de medidas destinadas al \u00e1rea de Educaci\u00f3n, como la ampliaci\u00f3n del boleto gratuito a todos los niveles, la construcci\u00f3n de nuevas aulas para jard\u00edn de infantes y la extensi\u00f3n de los comedores escolares, pero omiti\u00f3 convocar a los gremios docentes para comenzar\u2026","rel":"","context":"En \u00abPol\u00edtica\u00bb","block_context":{"text":"Pol\u00edtica","link":"https:\/\/www.24baires.com\/?cat=51"},"img":{"alt_text":"","src":"https:\/\/i0.wp.com\/www.24baires.com\/wp-content\/uploads\/2018\/01\/Vidall.jpg?resize=350%2C200","width":350,"height":200,"srcset":"https:\/\/i0.wp.com\/www.24baires.com\/wp-content\/uploads\/2018\/01\/Vidall.jpg?resize=350%2C200 1x, https:\/\/i0.wp.com\/www.24baires.com\/wp-content\/uploads\/2018\/01\/Vidall.jpg?resize=525%2C300 1.5x"},"classes":[]},{"id":100834,"url":"https:\/\/www.24baires.com\/?p=100834","url_meta":{"origin":7310,"position":5},"title":"No arrancan las clases en la Provincia: Suteba confirm\u00f3 paro de 48 horas","author":"GB","date":"02\/03\/2018","format":false,"excerpt":"El Plenario de Secretarixs Generales del SUTEBA confirm\u00f3 el paro de 48 hs para los d\u00edas lunes 5 -con una fuerte movilizaci\u00f3n- y martes 6, por lo que las clases no arrancan en la Provincia. Ahora se espera que la FEB anuncie su decisi\u00f3n. Con la paritaria estancada, y despu\u00e9s\u2026","rel":"","context":"En \u00abProvincia\u00bb","block_context":{"text":"Provincia","link":"https:\/\/www.24baires.com\/?cat=40"},"img":{"alt_text":"","src":"https:\/\/i0.wp.com\/www.24baires.com\/wp-content\/uploads\/2017\/04\/baradel-suteba.jpg?resize=350%2C200","width":350,"height":200,"srcset":"https:\/\/i0.wp.com\/www.24baires.com\/wp-content\/uploads\/2017\/04\/baradel-suteba.jpg?resize=350%2C200 1x, https:\/\/i0.wp.com\/www.24baires.com\/wp-content\/uploads\/2017\/04\/baradel-suteba.jpg?resize=525%2C300 1.5x"},"classes":[]}],"jetpack_sharing_enabled":true,"jetpack_likes_enabled":true,"_links":{"self":[{"href":"https:\/\/www.24baires.com\/index.php?rest_route=\/wp\/v2\/posts\/7310","targetHints":{"allow":["GET"]}}],"collection":[{"href":"https:\/\/www.24baires.com\/index.php?rest_route=\/wp\/v2\/posts"}],"about":[{"href":"https:\/\/www.24baires.com\/index.php?rest_route=\/wp\/v2\/types\/post"}],"author":[{"embeddable":true,"href":"https:\/\/www.24baires.com\/index.php?rest_route=\/wp\/v2\/users\/11"}],"replies":[{"embeddable":true,"href":"https:\/\/www.24baires.com\/index.php?rest_route=%2Fwp%2Fv2%2Fcomments&post=7310"}],"version-history":[{"count":4,"href":"https:\/\/www.24baires.com\/index.php?rest_route=\/wp\/v2\/posts\/7310\/revisions"}],"predecessor-version":[{"id":7315,"href":"https:\/\/www.24baires.com\/index.php?rest_route=\/wp\/v2\/posts\/7310\/revisions\/7315"}],"wp:attachment":[{"href":"https:\/\/www.24baires.com\/index.php?rest_route=%2Fwp%2Fv2%2Fmedia&parent=7310"}],"wp:term":[{"taxonomy":"category","embeddable":true,"href":"https:\/\/www.24baires.com\/index.php?rest_route=%2Fwp%2Fv2%2Fcategories&post=7310"},{"taxonomy":"post_tag","embeddable":true,"href":"https:\/\/www.24baires.com\/index.php?rest_route=%2Fwp%2Fv2%2Ftags&post=7310"}],"curies":[{"name":"wp","href":"https:\/\/api.w.org\/{rel}","templated":true}]}}