{"id":7297,"date":"2012-11-29T22:37:17","date_gmt":"2012-11-30T01:37:17","guid":{"rendered":"http:\/\/www.24baires.com\/?p=7297"},"modified":"2012-11-29T22:37:17","modified_gmt":"2012-11-30T01:37:17","slug":"maravilla-martinez-podria-pelear-en-el-estadio-unico-de-la-plata","status":"publish","type":"post","link":"https:\/\/www.24baires.com\/?p=7297","title":{"rendered":"&#8216;Maravilla&#8217; Mart\u00ednez podr\u00eda pelear en el Estadio \u00danico de La Plata"},"content":{"rendered":"<p><img data-recalc-dims=\"1\" loading=\"lazy\" decoding=\"async\" class=\"aligncenter size-full wp-image-7298\" title=\"martinez maravilla\" src=\"https:\/\/i0.wp.com\/www.24baires.com\/wp-content\/uploads\/2012\/11\/martinez-maravilla.jpg?resize=560%2C335\" alt=\"\" width=\"560\" height=\"335\" srcset=\"https:\/\/i0.wp.com\/www.24baires.com\/wp-content\/uploads\/2012\/11\/martinez-maravilla.jpg?w=560&amp;ssl=1 560w, https:\/\/i0.wp.com\/www.24baires.com\/wp-content\/uploads\/2012\/11\/martinez-maravilla.jpg?resize=300%2C179&amp;ssl=1 300w\" sizes=\"auto, (max-width: 560px) 100vw, 560px\" \/><\/p>\n<p>El boxeador defender\u00e1 el t\u00edtulo mediano del Consejo Mundial de Boxeo (CMB) por primera vez, el 27 de abril, seg\u00fan confirm\u00f3 durante una videoconferencia con la presidenta Cristina Fern\u00e1ndez de Kirchner. \u00a0En octubre pasado, cuando regres\u00f3 a la Argentina luego de vencer al mexicano Julio C\u00e9sar Ch\u00e1vez hijo en Las Vegas, &#8216;Maravilla&#8217; visit\u00f3 el estadio Ciudad de La Plata, un posible escenario para su pr\u00f3ximo combate.<!--more--><br \/>\nLa pelea ser\u00e1 ante el ingl\u00e9s Martin Murray, flamante campe\u00f3n mediano de la AMB, y ser\u00e1 transmitida a todo el pa\u00eds por la Televisi\u00f3n P\u00fablica.<\/p>\n<p>\u00abVamos a poner a disposici\u00f3n la TV P\u00fablica para que tu pelea la puedan ver los 40 millones de argentinos sin la necesidad de pagar, como sucedi\u00f3 con la que obtuviste el t\u00edtulo mundial\u00bb, anunci\u00f3 Cristina desde el Museo del Bicentenario en la Casa de Gobierno.<\/p>\n<p>\u00abVoy a pelear contra un ingl\u00e9s, que acaba de ganar el t\u00edtulo mundial. Ser\u00e1 una pelea de nivel, es lo que quiero ofrecerle a los argentinos\u00bb, devolvi\u00f3 Mart\u00ednez, en Madrid.<\/p>\n<p>En relaci\u00f3n al escenario, la presidenta le sugiri\u00f3 \u00abun lugar grande\u00bb porque \u00abmuchos argentinos querr\u00e1n ir y se van a matar\u00bb por ver la primera defensa en el pa\u00eds.<\/p>\n<p>En octubre pasado, cuando regres\u00f3 a la Argentina luego de vencer al mexicano Julio C\u00e9sar Ch\u00e1vez hijo en Las Vegas, \u00abMaravilla\u00bb visit\u00f3 el estadio Ciudad de La Plata, un posible escenario para su pr\u00f3ximo combate.<\/p>\n<p>\u00abHac\u00eda mucho tiempo que los argentinos no ten\u00edamos un campe\u00f3n en boxeo. Estamos muy orgullosos de vos, todos. Te esperamos pronto por Argentina\u00bb, lo despidi\u00f3 Cristina.<\/p>\n<p>Mart\u00ednez se repone en Madrid de una intervenci\u00f3n quir\u00fargica en los meniscos de la rodilla derecha que le realizaron el 12 de noviembre pasado.<\/p>\n<p>El p\u00fagil oriundo de Quilmes tiene pensado viajar a Argentina el 15 o 18 de diciembre.<\/p>\n<p>El boxeador bonaerense (50-2-2\/ 28 ko.) de 37 a\u00f1os, es el campe\u00f3n mundial del CMB, peso mediano, desde el 15 de setiembre \u00faltimo, cuando se impuso por puntos por unanimidad en 12 asaltos al mexicano Ch\u00e1vez, en el Thomas &amp; Mack Center de Las Vegas.<\/p>\n<p>En tanto, Murray (25-01\/ 11 ko) de 30 a\u00f1os, est\u00e1 invicto como profesional, es el flamante titular mediano de la versi\u00f3n Asociaci\u00f3n Mundial de Boxeo (AMB), corona que obtuvo el s\u00e1bado pasado en Manchester al derrotar por nocaut t\u00e9cnico en 9 rounds al venezolano Jorge Navarro.<\/p>\n<p>&nbsp;<\/p>\n<p>&nbsp;<\/p>\n<p>&nbsp;<\/p>\n<p>&nbsp;<\/p>\n<p>&nbsp;<\/p>\n<p>&nbsp;<\/p>\n<p>&nbsp;<\/p>\n<p>&nbsp;<\/p>\n<p>&nbsp;<\/p>\n<p>&nbsp;<\/p>\n<p>&nbsp;<\/p>\n<p>&nbsp;<\/p>\n<p>&nbsp;<\/p>\n<p>&nbsp;<\/p>\n<p>&nbsp;<\/p>\n<p>&nbsp;<\/p>\n<p>&nbsp;<\/p>\n<p>&nbsp;<\/p>\n","protected":false},"excerpt":{"rendered":"<p>El boxeador defender\u00e1 el t\u00edtulo mediano del Consejo Mundial de Boxeo (CMB) por primera vez, el 27 de abril, seg\u00fan confirm\u00f3 durante una videoconferencia con la presidenta Cristina Fern\u00e1ndez de Kirchner. \u00a0En octubre pasado, cuando regres\u00f3 a la Argentina luego de vencer al mexicano Julio C\u00e9sar Ch\u00e1vez hijo en Las Vegas, &#8216;Maravilla&#8217; visit\u00f3 el estadio Ciudad de La Plata, un [&#8230;]<\/p>\n","protected":false},"author":11,"featured_media":0,"comment_status":"open","ping_status":"open","sticky":false,"template":"","format":"standard","meta":{"_jetpack_newsletter_access":"","_jetpack_dont_email_post_to_subs":false,"_jetpack_newsletter_tier_id":0,"_jetpack_memberships_contains_paywalled_content":false,"_jetpack_memberships_contains_paid_content":false,"footnotes":""},"categories":[12],"tags":[],"class_list":["post-7297","post","type-post","status-publish","format-standard","hentry","category-deportes"],"jetpack_featured_media_url":"","jetpack_shortlink":"https:\/\/wp.me\/p2JWE0-1TH","jetpack-related-posts":[{"id":3295,"url":"https:\/\/www.24baires.com\/?p=3295","url_meta":{"origin":7297,"position":0},"title":"Ahora &#8216;Maravilla&#8217; Mart\u00ednez quiere pelear en el Estadio \u00danico","author":"Grupo Sierra","date":"26\/10\/2012","format":false,"excerpt":"El boxeador Sergio \"Maravilla\" Mart\u00ednez, campe\u00f3n mundial de la categor\u00eda mediano del CMB, se entusiasm\u00f3 con realizar su primera defensa del t\u00edtulo en el estadio Ciudad de La Plata en abril de 2013. Es uno de los buenos sitios donde podr\u00eda competir y hacer mi primera defensa mundialista. El estadio\u2026","rel":"","context":"En \u00abSociedad\u00bb","block_context":{"text":"Sociedad","link":"https:\/\/www.24baires.com\/?cat=1"},"img":{"alt_text":"","src":"https:\/\/i0.wp.com\/www.24baires.com\/wp-content\/uploads\/2012\/10\/maravilla-scioli-300x188.jpg?resize=350%2C200","width":350,"height":200},"classes":[]},{"id":37696,"url":"https:\/\/www.24baires.com\/?p=37696","url_meta":{"origin":7297,"position":1},"title":"\u00abCotto no me dura cinco rounds\u00bb alarde\u00f3 &#8216;Maravilla&#8217; Mart\u00ednez","author":"GB","date":"30\/12\/2013","format":false,"excerpt":"El campe\u00f3n mundial de boxeo dijo que Miguel Angel Cotto \"tiene muchas exigencias\", pero aclar\u00f3, a su llegada a San Luis: \"El campe\u00f3n soy yo, por eso digo que no me dura ni cinco rounds\". \"Maravilla\" Mart\u00ednez, campe\u00f3n mediano CMB, sin embargo no confirm\u00f3 esa posible pelea con el puertorrique\u00f1o\u2026","rel":"","context":"En \u00abDeportes\u00bb","block_context":{"text":"Deportes","link":"https:\/\/www.24baires.com\/?cat=12"},"img":{"alt_text":"maravilla martinez","src":"https:\/\/i0.wp.com\/www.24baires.com\/wp-content\/uploads\/2013\/12\/maravilla-martinez.jpg?resize=350%2C200","width":350,"height":200,"srcset":"https:\/\/i0.wp.com\/www.24baires.com\/wp-content\/uploads\/2013\/12\/maravilla-martinez.jpg?resize=350%2C200 1x, https:\/\/i0.wp.com\/www.24baires.com\/wp-content\/uploads\/2013\/12\/maravilla-martinez.jpg?resize=525%2C300 1.5x"},"classes":[]},{"id":17289,"url":"https:\/\/www.24baires.com\/?p=17289","url_meta":{"origin":7297,"position":2},"title":"Maravilla Mart\u00ednez en V\u00e9lez: Caro pero el mejor","author":"Grupo Sierra","date":"03\/03\/2013","format":false,"excerpt":"Las entradas para la pelea entre Sergio \"Maravilla\" Mart\u00ednez y el ingl\u00e9s Martin Murray, que se desarrollar\u00e1 el 27 de abril en V\u00e9lez, comenzaron a venderse con precios de 100 a 5.000 pesos. Las 40.000 localidades disponibles en el estadio \"Jos\u00e9 Amalfitani\" de Liniers se adquieren a trav\u00e9s del sitio\u2026","rel":"","context":"En \u00abSociedad\u00bb","block_context":{"text":"Sociedad","link":"https:\/\/www.24baires.com\/?cat=1"},"img":{"alt_text":"martinez maravilla","src":"https:\/\/i0.wp.com\/www.24baires.com\/wp-content\/uploads\/2013\/03\/martinez-maravilla.jpg?resize=350%2C200","width":350,"height":200,"srcset":"https:\/\/i0.wp.com\/www.24baires.com\/wp-content\/uploads\/2013\/03\/martinez-maravilla.jpg?resize=350%2C200 1x, https:\/\/i0.wp.com\/www.24baires.com\/wp-content\/uploads\/2013\/03\/martinez-maravilla.jpg?resize=525%2C300 1.5x"},"classes":[]},{"id":122792,"url":"https:\/\/www.24baires.com\/?p=122792","url_meta":{"origin":7297,"position":3},"title":"Mar del Plata: Paredi estim\u00f3 una ocupaci\u00f3n de entre 50 y 60% durante la temporada","author":"GB","date":"06\/01\/2026","format":false,"excerpt":"El senador bonaerense se\u00f1al\u00f3 que predominan estad\u00edas cortas y que las reservas no superan la semana. Tambi\u00e9n destac\u00f3 el trabajo conjunto entre la Provincia y el sector privado en el inicio del verano. Durante la inauguraci\u00f3n oficial del complejo Punta Mogotes, en Mar del Plata, el senador provincial Jorge Paredi\u2026","rel":"","context":"En \u00abMunicipios\u00bb","block_context":{"text":"Municipios","link":"https:\/\/www.24baires.com\/?cat=44"},"img":{"alt_text":"","src":"https:\/\/i0.wp.com\/www.24baires.com\/wp-content\/uploads\/2026\/01\/paredi-ocupacion.webp?resize=350%2C200","width":350,"height":200,"srcset":"https:\/\/i0.wp.com\/www.24baires.com\/wp-content\/uploads\/2026\/01\/paredi-ocupacion.webp?resize=350%2C200 1x, https:\/\/i0.wp.com\/www.24baires.com\/wp-content\/uploads\/2026\/01\/paredi-ocupacion.webp?resize=525%2C300 1.5x, https:\/\/i0.wp.com\/www.24baires.com\/wp-content\/uploads\/2026\/01\/paredi-ocupacion.webp?resize=700%2C400 2x"},"classes":[]},{"id":9486,"url":"https:\/\/www.24baires.com\/?p=9486","url_meta":{"origin":7297,"position":4},"title":"Para el FAP el acto de Scioli fue \u201cpat\u00e9tico\u201d","author":"AF","date":"17\/12\/2012","format":false,"excerpt":"El diputado provincial del Frente Amplio Progresista (FAP), Marcelo D\u00edaz, critic\u00f3 con dureza el acto que encabez\u00f3 el Gobernador Daniel Scioli en el Estadio Ciudad de La Plata. El legislador asegur\u00f3 que el gasto efectuado por la provincia \u201cfue pat\u00e9tico como grave\u201d y acus\u00f3 a Scioli de pensar en su\u2026","rel":"","context":"En \u00abPol\u00edtica\u00bb","block_context":{"text":"Pol\u00edtica","link":"https:\/\/www.24baires.com\/?cat=51"},"img":{"alt_text":"","src":"","width":0,"height":0},"classes":[]},{"id":100523,"url":"https:\/\/www.24baires.com\/?p=100523","url_meta":{"origin":7297,"position":5},"title":"Barrionuevo confirm\u00f3 que se baja de la marcha del 21","author":"AF","date":"14\/02\/2018","format":false,"excerpt":"\"Se mezcl\u00f3 todo\", argument\u00f3 el titular de gremio gastron\u00f3mico, Luis Barrionuevo, para dar un paso al costado de la marcha convocada por Camioneros para el 21 de febrero. El sindicalista se\u00f1al\u00f3 que se trata de \"una pelea personal\" entre Moyano y el presidente Mauricio Macri, aunque esa disputa ya estaba\u2026","rel":"","context":"En \u00abSociedad\u00bb","block_context":{"text":"Sociedad","link":"https:\/\/www.24baires.com\/?cat=1"},"img":{"alt_text":"","src":"https:\/\/i0.wp.com\/www.24baires.com\/wp-content\/uploads\/2014\/08\/barrionuevo-moyano.jpg?resize=350%2C200","width":350,"height":200,"srcset":"https:\/\/i0.wp.com\/www.24baires.com\/wp-content\/uploads\/2014\/08\/barrionuevo-moyano.jpg?resize=350%2C200 1x, https:\/\/i0.wp.com\/www.24baires.com\/wp-content\/uploads\/2014\/08\/barrionuevo-moyano.jpg?resize=525%2C300 1.5x"},"classes":[]}],"jetpack_sharing_enabled":true,"jetpack_likes_enabled":true,"_links":{"self":[{"href":"https:\/\/www.24baires.com\/index.php?rest_route=\/wp\/v2\/posts\/7297","targetHints":{"allow":["GET"]}}],"collection":[{"href":"https:\/\/www.24baires.com\/index.php?rest_route=\/wp\/v2\/posts"}],"about":[{"href":"https:\/\/www.24baires.com\/index.php?rest_route=\/wp\/v2\/types\/post"}],"author":[{"embeddable":true,"href":"https:\/\/www.24baires.com\/index.php?rest_route=\/wp\/v2\/users\/11"}],"replies":[{"embeddable":true,"href":"https:\/\/www.24baires.com\/index.php?rest_route=%2Fwp%2Fv2%2Fcomments&post=7297"}],"version-history":[{"count":3,"href":"https:\/\/www.24baires.com\/index.php?rest_route=\/wp\/v2\/posts\/7297\/revisions"}],"predecessor-version":[{"id":7301,"href":"https:\/\/www.24baires.com\/index.php?rest_route=\/wp\/v2\/posts\/7297\/revisions\/7301"}],"wp:attachment":[{"href":"https:\/\/www.24baires.com\/index.php?rest_route=%2Fwp%2Fv2%2Fmedia&parent=7297"}],"wp:term":[{"taxonomy":"category","embeddable":true,"href":"https:\/\/www.24baires.com\/index.php?rest_route=%2Fwp%2Fv2%2Fcategories&post=7297"},{"taxonomy":"post_tag","embeddable":true,"href":"https:\/\/www.24baires.com\/index.php?rest_route=%2Fwp%2Fv2%2Ftags&post=7297"}],"curies":[{"name":"wp","href":"https:\/\/api.w.org\/{rel}","templated":true}]}}