{"id":7282,"date":"2012-11-29T16:38:44","date_gmt":"2012-11-29T19:38:44","guid":{"rendered":"http:\/\/www.24baires.com\/?p=7282"},"modified":"2012-11-29T21:21:12","modified_gmt":"2012-11-30T00:21:12","slug":"volvieron-a-detener-a-dos-acusados-del-asesinato-de-jose-luis-cabezas","status":"publish","type":"post","link":"https:\/\/www.24baires.com\/?p=7282","title":{"rendered":"Volvieron a detener a dos acusados del asesinato de Jos\u00e9 Luis Cabezas"},"content":{"rendered":"<p style=\"text-align: center;\"><img data-recalc-dims=\"1\" loading=\"lazy\" decoding=\"async\" class=\"aligncenter size-full wp-image-7288\" title=\"cabezas final\" src=\"https:\/\/i0.wp.com\/www.24baires.com\/wp-content\/uploads\/2012\/11\/cabezas-final.jpg?resize=560%2C338\" alt=\"\" width=\"560\" height=\"338\" srcset=\"https:\/\/i0.wp.com\/www.24baires.com\/wp-content\/uploads\/2012\/11\/cabezas-final.jpg?w=560&amp;ssl=1 560w, https:\/\/i0.wp.com\/www.24baires.com\/wp-content\/uploads\/2012\/11\/cabezas-final.jpg?resize=300%2C181&amp;ssl=1 300w\" sizes=\"auto, (max-width: 560px) 100vw, 560px\" \/><\/p>\n<p>Los ex oficiales de la Polic\u00eda bonaerense Sergio Camaratta y An\u00edbal Luna, condenados a reclusi\u00f3n perpetua por el crimen del fot\u00f3grafo Jos\u00e9 Luis Cabezas, cometido en enero de 1997, fueron otra vez detenidos para seguir cumpliendo esa pena.<!--more--><\/p>\n<div><\/div>\n<p>Se debe a que la Justicia les quit\u00f3 el beneficio de la llamada \u00abley del 2&#215;1\u00bb, informaron fuentes judiciales.<\/p>\n<p>Luna fue apresado el mi\u00e9rcoles a la noche por efectivos de la subDDI Villa Gesell cerca de su domicilio de la localidad bonaerense de General Madariaga y luego trasladado al penal de Dolores, mientras que Camaratta no fue encontrado en su casa de Valeria del Mar y se present\u00f3 este jueves a la tarde en la DDI del distrito.<\/p>\n<p>Una fuente judicial explic\u00f3 que los miembros de la C\u00e1mara de Apelaciones de Dolores ordenaron las capturas este mi\u00e9rcoles, al ser notificados de que la Suprema Corte de Justicia bonaerense rechaz\u00f3 d\u00edas atr\u00e1s un recurso federal de los condenados para recurrir al m\u00e1ximo tribunal de la Naci\u00f3n.<\/p>\n<p>La Corte provincial deneg\u00f3 por \u00abinadmisible\u00bb la presentaci\u00f3n de los defensores de Luna y Camaratta, por lo que qued\u00f3 firme un fallo dictado hace tres meses por el alto tribunal.<\/p>\n<p>El 22 de agosto, el m\u00e1ximo tribunal provincial revoc\u00f3 la decisi\u00f3n del Tribunal de Casaci\u00f3n bonaerense de beneficiar a los ex polic\u00edas con la llamada \u00abley del 2&#215;1\u00bb, ya derogada, la cual les permiti\u00f3 recuperar la libertad en 2006, pese a que en 2000 hab\u00edan sido condenados a reclusi\u00f3n perpetua.<\/p>\n<p>La Corte entendi\u00f3 que \u00abno puede extenderse a los condenados a la pena de reclusi\u00f3n el denominado c\u00f3mputo privilegiado que contemplaba para los de prisi\u00f3n y luego de los dos a\u00f1os de encierro en prisi\u00f3n preventiva\u00bb.<\/p>\n<p>\u00abLo resuelto en cuanto a que cada d\u00eda de encierro en cautelar preventiva -sea \u00e9sta prisi\u00f3n o reclusi\u00f3n- equivale a un d\u00eda de privaci\u00f3n legal de la libertad no significa que con ser ello cierto deba aplicarse -casi como consecuencia natural- esa forma de c\u00f3mputo privilegiado\u00bb, destac\u00f3 la resoluci\u00f3n.<\/p>\n<p>El fallo se\u00f1al\u00f3 que \u00abuna cosa es que dos d\u00edas de prisi\u00f3n preventiva con pena de reclusi\u00f3n sean ponderados como un d\u00eda de encierro, y otra muy distinta es que cada d\u00eda de encierro efectivo, luego de transcurridos los dos primeros a\u00f1os en preventiva, deban necesariamente ser contados dobles\u00bb.<\/p>\n<p>Por esos motivos, la Suprema Corte hizo lugar a un recurso extraordinario que hab\u00eda presentado la fiscal ante Casaci\u00f3n Alejandra Moretti y restableci\u00f3 los c\u00f3mputos de pena formalizados por la C\u00e1mara de Dolores.<\/p>\n<p>Cabezas fue asesinado el 25 de enero de 1997 en una cava de las afueras de General Madariaga, luego de ser secuestrado en Pinamar, adonde hab\u00eda sido enviado por la revista Noticias para cubrir la temporada de verano.<\/p>\n<p>Seg\u00fan se estableci\u00f3 en la instrucci\u00f3n de la causa, Cabezas fue asesinado por orden del empresario telepostal Alfredo Yabr\u00e1n, a quien le molestaban las guardias period\u00edsticas frente a su casa de Pinamar y quien se suicid\u00f3 en uno de sus campos de Entre R\u00edos cuando una comisi\u00f3n policial se acerc\u00f3 para detenerlo por el caso.<\/p>\n<p>En el juicio oral realizado en 2000 fueron condenados a prisi\u00f3n perpetua los miembros de la banda de delincuentes de Los Hornos Horacio Braga, Jos\u00e9 Luis Auge, Sergio Gonz\u00e1lez y H\u00e9ctor Retana (muri\u00f3 en la c\u00e1rcel) y a reclusi\u00f3n perpetua el ex jefe de seguridad de Yabr\u00e1n, el ex sargento del Ej\u00e9rcito Gregorio R\u00edos, y los ex polic\u00edas Gustavo Prellezo, Luna y Camaratta.<\/p>\n<p>Un fallo dictado en 2003 por el Tribunal de Casaci\u00f3n bonaerense redujo las penas y a partir de 2004 todos los imputados, que hab\u00edan sido detenidos entre abril y mayo de 1997, comenzaron a ser excarcelados bajo fianza debido a la aplicaci\u00f3n de la ley del 2&#215;1, que computaba doble el tiempo cumplido con prisi\u00f3n preventiva.<\/p>\n<p>En el caso de Luna y Camaratta salieron libres en octubre de 2006, por lo que estuvieron presos tres a\u00f1os sin sentencia firme (se computa doble) y otros seis m\u00e1s a partir de 2000, es decir, un total de 12 a\u00f1os aproximadamente.<\/p>\n<p>El 19 de septiembre de 2007, la Corte bonaerense revoc\u00f3 el fallo del Tribunal de Casaci\u00f3n y confirm\u00f3 las condenas a perpetua dictadas por la C\u00e1mara de Dolores en 2000.<\/p>\n<p>Todos los imputados apelaron a la Corte nacional, pero los recursos fueron rechazados, lo cual deriv\u00f3 en una serie de presentaciones para que se realice un nuevo c\u00f3mputo en la C\u00e1mara de Dolores, ya que la familia Cabezas impulsaba que vuelvan a prisi\u00f3n.<\/p>\n<p>Actualmente s\u00f3lo Braga y Auge est\u00e1n presos por haber violado el r\u00e9gimen de arresto domiciliario, Prellezo -autor material de los mortales disparos- y R\u00edos tienen arresto domiciliario, mientras que el ex comisario de Pinamar, Alberto Pedro G\u00f3mez, condenado a perpetua en un segundo juicio por \u00abliberar la zona\u00bb, tambi\u00e9n tiene ese beneficio.<\/p>\n","protected":false},"excerpt":{"rendered":"<p>Los ex oficiales de la Polic\u00eda bonaerense Sergio Camaratta y An\u00edbal Luna, condenados a reclusi\u00f3n perpetua por el crimen del fot\u00f3grafo Jos\u00e9 Luis Cabezas, cometido en enero de 1997, fueron otra vez detenidos para seguir cumpliendo esa pena.<\/p>\n","protected":false},"author":4,"featured_media":0,"comment_status":"open","ping_status":"open","sticky":false,"template":"","format":"standard","meta":{"_jetpack_newsletter_access":"","_jetpack_dont_email_post_to_subs":false,"_jetpack_newsletter_tier_id":0,"_jetpack_memberships_contains_paywalled_content":false,"_jetpack_memberships_contains_paid_content":false,"footnotes":""},"categories":[1],"tags":[],"class_list":["post-7282","post","type-post","status-publish","format-standard","hentry","category-sociedad"],"jetpack_featured_media_url":"","jetpack_shortlink":"https:\/\/wp.me\/p2JWE0-1Ts","jetpack-related-posts":[{"id":63678,"url":"https:\/\/www.24baires.com\/?p=63678","url_meta":{"origin":7282,"position":0},"title":"Vuelve a prisi\u00f3n uno de los condenados por el crimen de Cabezas","author":"GB","date":"28\/03\/2015","format":false,"excerpt":"Sergio Gustavo Gonz\u00e1lez, quien gozaba del beneficio de libertad condicional por el asesinato ocurrido el 25 de enero de 1997, deber\u00e1 volver a la c\u00e1rcel a cumplir lo que le resta de pena tras ser detenido hace 11 d\u00edas como part\u00edcipe de una banda dedicada a la elaboraci\u00f3n y venta\u2026","rel":"","context":"En \u00abJUDICIALES\u00bb","block_context":{"text":"JUDICIALES","link":"https:\/\/www.24baires.com\/?cat=68"},"img":{"alt_text":"","src":"","width":0,"height":0},"classes":[]},{"id":39214,"url":"https:\/\/www.24baires.com\/?p=39214","url_meta":{"origin":7282,"position":1},"title":"A 17 a\u00f1os del asesinato de Cabezas, los diez momentos para recordar","author":"Grupo Sierra","date":"25\/01\/2014","format":false,"excerpt":"El crimen del fot\u00f3grafo Jos\u00e9 Luis Cabezas, un verano de hace 17 a\u00f1os, quebr\u00f3 algo para siempre en el pa\u00eds: las mafias del poder detr\u00e1s del trono ejecutaban a un periodista para mantener su rostro en las sombras. 1- 25 de enero de 1997. Aparece, dentro de un Ford Fiesta\u2026","rel":"","context":"En \u00abJUDICIALES\u00bb","block_context":{"text":"JUDICIALES","link":"https:\/\/www.24baires.com\/?cat=68"},"img":{"alt_text":"Cabezas2R","src":"https:\/\/i0.wp.com\/www.24baires.com\/wp-content\/uploads\/2014\/01\/Cabezas2R.jpg?resize=350%2C200","width":350,"height":200,"srcset":"https:\/\/i0.wp.com\/www.24baires.com\/wp-content\/uploads\/2014\/01\/Cabezas2R.jpg?resize=350%2C200 1x, https:\/\/i0.wp.com\/www.24baires.com\/wp-content\/uploads\/2014\/01\/Cabezas2R.jpg?resize=525%2C300 1.5x"},"classes":[]},{"id":13505,"url":"https:\/\/www.24baires.com\/?p=13505","url_meta":{"origin":7282,"position":2},"title":"Homenaje a Jos\u00e9 Luis Cabezas a diecis\u00e9is a\u00f1os de su asesinato","author":"AF","date":"25\/01\/2013","format":false,"excerpt":"PINAMAR - Familiares y colegas de Jos\u00e9 Luis Cabezas realizaron un homenaje al cumplirse 16 a\u00f1os de su asesinato en la ciudad balnearia de Pinamar. Bajo el grito de \"\u00a1Jos\u00e9 Luis Cabezas, presente!\" sus allegados se concentraron en el monolito que fue construido en su honor, donde se plant\u00f3 un\u2026","rel":"","context":"En \u00abMemoria\u00bb","block_context":{"text":"Memoria","link":"https:\/\/www.24baires.com\/?cat=50"},"img":{"alt_text":"cabezas presente","src":"https:\/\/i0.wp.com\/www.24baires.com\/wp-content\/uploads\/2013\/01\/cabezas-presente.png?resize=350%2C200","width":350,"height":200},"classes":[]},{"id":120834,"url":"https:\/\/www.24baires.com\/?p=120834","url_meta":{"origin":7282,"position":3},"title":"Prisi\u00f3n preventiva para los dos adolescentes detenidos por el crimen de Tom\u00e1s","author":"AF","date":"04\/01\/2024","format":false,"excerpt":"Uno de ellos pidi\u00f3 declarar y, adem\u00e1s de dar una versi\u00f3n exculpatoria, reconoci\u00f3 en las im\u00e1genes del ataque al principal acusado, Dami\u00e1n \"el Kope\" Kopeli\u00e1n, y a su padre. El lunes se realizar\u00e1 una rueda de reconocimiento de presos. La Justicia de Dolores dict\u00f3 la prisi\u00f3n preventiva por 45 d\u00edas\u2026","rel":"","context":"En \u00abJUDICIALES\u00bb","block_context":{"text":"JUDICIALES","link":"https:\/\/www.24baires.com\/?cat=68"},"img":{"alt_text":"","src":"https:\/\/i0.wp.com\/www.24baires.com\/wp-content\/uploads\/2024\/01\/tello.jpg?resize=350%2C200","width":350,"height":200,"srcset":"https:\/\/i0.wp.com\/www.24baires.com\/wp-content\/uploads\/2024\/01\/tello.jpg?resize=350%2C200 1x, https:\/\/i0.wp.com\/www.24baires.com\/wp-content\/uploads\/2024\/01\/tello.jpg?resize=525%2C300 1.5x, https:\/\/i0.wp.com\/www.24baires.com\/wp-content\/uploads\/2024\/01\/tello.jpg?resize=700%2C400 2x"},"classes":[]},{"id":113360,"url":"https:\/\/www.24baires.com\/?p=113360","url_meta":{"origin":7282,"position":4},"title":"El fiscal acept\u00f3 como arrepentido a D&#8217;Alessio","author":"AF","date":"11\/12\/2019","format":false,"excerpt":"Juan Pablo Curi acept\u00f3 el acuerdo de colaboraci\u00f3n. El juez de Dolores Alejo Ramos Padilla decidir\u00e1 si lo homologa. El falso abogado Marcelo Sebasti\u00e1n D'Alessio fue aceptado por el fiscal federal de Dolores, Juan Pablo Curi, para ser considerado \"arrepentido\" en la causa por espionaje y extorsi\u00f3n en la que\u2026","rel":"","context":"En \u00abJUDICIALES\u00bb","block_context":{"text":"JUDICIALES","link":"https:\/\/www.24baires.com\/?cat=68"},"img":{"alt_text":"","src":"https:\/\/i0.wp.com\/www.24baires.com\/wp-content\/uploads\/2019\/04\/dalessio.jpg?resize=350%2C200","width":350,"height":200,"srcset":"https:\/\/i0.wp.com\/www.24baires.com\/wp-content\/uploads\/2019\/04\/dalessio.jpg?resize=350%2C200 1x, https:\/\/i0.wp.com\/www.24baires.com\/wp-content\/uploads\/2019\/04\/dalessio.jpg?resize=525%2C300 1.5x"},"classes":[]},{"id":106677,"url":"https:\/\/www.24baires.com\/?p=106677","url_meta":{"origin":7282,"position":5},"title":"Asesin\u00f3 a su esposa mientras estaba internada en un sanatorio bonaerense","author":"AF","date":"04\/02\/2019","format":false,"excerpt":"Ocurri\u00f3 en un sanatorio de la localidad bonaerense de Maquinista Savio. La mujer muri\u00f3 a los pocos minutos de ser atacada a golpes por su esposo. Una mujer de 64 a\u00f1os fue asesinada este lunes a golpes tras forcejear y discutir con su esposo dentro de una cl\u00ednica de la\u2026","rel":"","context":"En \u00abPoliciales\u00bb","block_context":{"text":"Policiales","link":"https:\/\/www.24baires.com\/?cat=49"},"img":{"alt_text":"","src":"https:\/\/i0.wp.com\/www.24baires.com\/wp-content\/uploads\/2019\/02\/sanatorio-san-carlos.jpg?resize=350%2C200","width":350,"height":200,"srcset":"https:\/\/i0.wp.com\/www.24baires.com\/wp-content\/uploads\/2019\/02\/sanatorio-san-carlos.jpg?resize=350%2C200 1x, https:\/\/i0.wp.com\/www.24baires.com\/wp-content\/uploads\/2019\/02\/sanatorio-san-carlos.jpg?resize=525%2C300 1.5x"},"classes":[]}],"jetpack_sharing_enabled":true,"jetpack_likes_enabled":true,"_links":{"self":[{"href":"https:\/\/www.24baires.com\/index.php?rest_route=\/wp\/v2\/posts\/7282","targetHints":{"allow":["GET"]}}],"collection":[{"href":"https:\/\/www.24baires.com\/index.php?rest_route=\/wp\/v2\/posts"}],"about":[{"href":"https:\/\/www.24baires.com\/index.php?rest_route=\/wp\/v2\/types\/post"}],"author":[{"embeddable":true,"href":"https:\/\/www.24baires.com\/index.php?rest_route=\/wp\/v2\/users\/4"}],"replies":[{"embeddable":true,"href":"https:\/\/www.24baires.com\/index.php?rest_route=%2Fwp%2Fv2%2Fcomments&post=7282"}],"version-history":[{"count":3,"href":"https:\/\/www.24baires.com\/index.php?rest_route=\/wp\/v2\/posts\/7282\/revisions"}],"predecessor-version":[{"id":7291,"href":"https:\/\/www.24baires.com\/index.php?rest_route=\/wp\/v2\/posts\/7282\/revisions\/7291"}],"wp:attachment":[{"href":"https:\/\/www.24baires.com\/index.php?rest_route=%2Fwp%2Fv2%2Fmedia&parent=7282"}],"wp:term":[{"taxonomy":"category","embeddable":true,"href":"https:\/\/www.24baires.com\/index.php?rest_route=%2Fwp%2Fv2%2Fcategories&post=7282"},{"taxonomy":"post_tag","embeddable":true,"href":"https:\/\/www.24baires.com\/index.php?rest_route=%2Fwp%2Fv2%2Ftags&post=7282"}],"curies":[{"name":"wp","href":"https:\/\/api.w.org\/{rel}","templated":true}]}}