{"id":7278,"date":"2012-11-29T20:00:41","date_gmt":"2012-11-29T23:00:41","guid":{"rendered":"http:\/\/www.24baires.com\/?p=7278"},"modified":"2012-11-30T13:42:12","modified_gmt":"2012-11-30T16:42:12","slug":"se-postergo-el-voto-joven-para-la-proxima-sesion-del-senado-bonaerense","status":"publish","type":"post","link":"https:\/\/www.24baires.com\/?p=7278","title":{"rendered":"Se posterg\u00f3 el Voto Joven para la pr\u00f3xima sesi\u00f3n del Senado bonaerense"},"content":{"rendered":"<p>La C\u00e1mara de Senadores bonaerense posterg\u00f3 el tratamiento del proyecto de ley que habilita a votar a los j\u00f3venes a partir de los 16 a\u00f1os en el \u00e1mbito de la provincia de Buenos Aires, en sinton\u00eda con la ley sancionada por el Congreso Nacional.<!--more--><br \/>\nLa iniciativa, de los diputados del Frente para la Victoria, Juan de Jes\u00fas y Graciela Rego, fue aprobada la semana pasada en la C\u00e1mara de Diputados y ser\u00eda tratada en la sesi\u00f3n que tiene previsto realizar el Senado el pr\u00f3ximo 13 de diciembre, inform\u00f3 una fuente legislativa.<br \/>\nLa iniciativa modifica dos art\u00edculos de la Ley Electoral de la Provincia permitiendo que los j\u00f3venes de entre 16 y 18 a\u00f1os tengan el derecho a votar, aunque no est\u00e1n obligados como ocurre con los mayores de 70.<br \/>\n\u201cLos desaf\u00edos pol\u00edticos que nos propone la Presidenta de la Naci\u00f3n nos obligan a redoblar los esfuerzos para seguir trabajando en una provincia que siga el camino de ampliaci\u00f3n de derechos que lleva adelante el Gobierno Nacional\u201d, sostuvo Juan De Jes\u00fas en los fundamentos.<\/p>\n","protected":false},"excerpt":{"rendered":"<p>La C\u00e1mara de Senadores bonaerense posterg\u00f3 el tratamiento del proyecto de ley que habilita a votar a los j\u00f3venes a partir de los 16 a\u00f1os en el \u00e1mbito de la provincia de Buenos Aires, en sinton\u00eda con la ley sancionada por el Congreso Nacional.<\/p>\n","protected":false},"author":4,"featured_media":0,"comment_status":"open","ping_status":"open","sticky":false,"template":"","format":"standard","meta":{"_jetpack_newsletter_access":"","_jetpack_dont_email_post_to_subs":false,"_jetpack_newsletter_tier_id":0,"_jetpack_memberships_contains_paywalled_content":false,"_jetpack_memberships_contains_paid_content":false,"footnotes":""},"categories":[1],"tags":[],"class_list":["post-7278","post","type-post","status-publish","format-standard","hentry","category-sociedad"],"jetpack_featured_media_url":"","jetpack_shortlink":"https:\/\/wp.me\/p2JWE0-1To","jetpack-related-posts":[{"id":116717,"url":"https:\/\/www.24baires.com\/?p=116717","url_meta":{"origin":7278,"position":0},"title":"Diputados aprob\u00f3 el Presupuesto 2021 y lo convirti\u00f3 en ley","author":"AF","date":"17\/11\/2020","format":false,"excerpt":"El plan de gastos y recursos del Estado para el pr\u00f3ximo a\u00f1o fue sancionado por 139 votos, pero hubo 83 abstenciones. La C\u00e1mara de Diputados convirti\u00f3 en ley el proyecto de Presupuesto 2021 durante la sesi\u00f3n de este martes con 139 votos a favor, 20 en contra y 83 abstenciones.\u2026","rel":"","context":"En \u00abSociedad\u00bb","block_context":{"text":"Sociedad","link":"https:\/\/www.24baires.com\/?cat=1"},"img":{"alt_text":"","src":"https:\/\/i0.wp.com\/www.24baires.com\/wp-content\/uploads\/2020\/08\/congreso.jpg?resize=350%2C200","width":350,"height":200,"srcset":"https:\/\/i0.wp.com\/www.24baires.com\/wp-content\/uploads\/2020\/08\/congreso.jpg?resize=350%2C200 1x, https:\/\/i0.wp.com\/www.24baires.com\/wp-content\/uploads\/2020\/08\/congreso.jpg?resize=525%2C300 1.5x"},"classes":[]},{"id":119638,"url":"https:\/\/www.24baires.com\/?p=119638","url_meta":{"origin":7278,"position":1},"title":"La Legislatura Bonaerense aprob\u00f3 el Presupuesto 2023","author":"GB","date":"16\/12\/2022","format":false,"excerpt":"Ambas iniciativas fueron aprobadas por la Legislatura Bonaerense luego de un d\u00eda conflictivo. Tambi\u00e9n avanzaron otros proyectos. Finalmente, el gobierno de Axel Kicillof tiene Presupuesto 2023 y Ley Impositiva. Ambas normas fueron aprobadas en la madrugada de este viernes por ambas c\u00e1maras de la Legislatura Bonaerense. La jornada, que promet\u00eda\u2026","rel":"","context":"En \u00abProvincia\u00bb","block_context":{"text":"Provincia","link":"https:\/\/www.24baires.com\/?cat=40"},"img":{"alt_text":"","src":"https:\/\/i0.wp.com\/www.24baires.com\/wp-content\/uploads\/2022\/12\/camara-diputados-bonaerensejpg.jpg?resize=350%2C200","width":350,"height":200,"srcset":"https:\/\/i0.wp.com\/www.24baires.com\/wp-content\/uploads\/2022\/12\/camara-diputados-bonaerensejpg.jpg?resize=350%2C200 1x, https:\/\/i0.wp.com\/www.24baires.com\/wp-content\/uploads\/2022\/12\/camara-diputados-bonaerensejpg.jpg?resize=525%2C300 1.5x, https:\/\/i0.wp.com\/www.24baires.com\/wp-content\/uploads\/2022\/12\/camara-diputados-bonaerensejpg.jpg?resize=700%2C400 2x"},"classes":[]},{"id":8986,"url":"https:\/\/www.24baires.com\/?p=8986","url_meta":{"origin":7278,"position":2},"title":"En la Provincia, cerca de 500 mil j\u00f3venes de entre 16 y 18 a\u00f1os ya podr\u00e1n votar","author":"AF","date":"13\/12\/2012","format":false,"excerpt":"El Senado bonaerense sancion\u00f3 este jueves el proyecto que dispone la adhesi\u00f3n de la Provincia a la ley nacional por la cual se habilit\u00f3 el voto optativo para los j\u00f3venes de entre 16 y 18 a\u00f1os. La iniciativa, que en la C\u00e1mara de Diputados hab\u00eda contado con el acompa\u00f1amiento de\u2026","rel":"","context":"En \u00abSociedad\u00bb","block_context":{"text":"Sociedad","link":"https:\/\/www.24baires.com\/?cat=1"},"img":{"alt_text":"","src":"","width":0,"height":0},"classes":[]},{"id":120510,"url":"https:\/\/www.24baires.com\/?p=120510","url_meta":{"origin":7278,"position":3},"title":"El Congreso cre\u00f3 tres universidades nacionales en la Provincia del Buenos Aires","author":"GB","date":"29\/09\/2023","format":false,"excerpt":"La C\u00e1mara de Senadores de la Naci\u00f3n le dio sanci\u00f3n definitiva a la creaci\u00f3n de tres universidades en la provincia de Buenos Aires. Tras casi un a\u00f1o de tr\u00e1mite legislativo, el Congreso de la Naci\u00f3n aprob\u00f3 la creaci\u00f3n de tres universidades emplazadas en la provincia de Buenos Aires. El gobernador\u2026","rel":"","context":"En \u00abSociedad\u00bb","block_context":{"text":"Sociedad","link":"https:\/\/www.24baires.com\/?cat=1"},"img":{"alt_text":"","src":"https:\/\/i0.wp.com\/www.24baires.com\/wp-content\/uploads\/2023\/09\/voto-congreso.webp?resize=350%2C200","width":350,"height":200,"srcset":"https:\/\/i0.wp.com\/www.24baires.com\/wp-content\/uploads\/2023\/09\/voto-congreso.webp?resize=350%2C200 1x, https:\/\/i0.wp.com\/www.24baires.com\/wp-content\/uploads\/2023\/09\/voto-congreso.webp?resize=525%2C300 1.5x, https:\/\/i0.wp.com\/www.24baires.com\/wp-content\/uploads\/2023\/09\/voto-congreso.webp?resize=700%2C400 2x"},"classes":[]},{"id":122214,"url":"https:\/\/www.24baires.com\/?p=122214","url_meta":{"origin":7278,"position":4},"title":"Confirmado: no habr\u00e1 elecciones primarias en la Provincia durante 2025","author":"GB","date":"29\/04\/2025","format":false,"excerpt":"Con mas de dos tercios de los votos, la C\u00e1mara de Diputados le dio la media sanci\u00f3n que le falta al proyecto de la suspensi\u00f3n por el a\u00f1o 2025 PASO. Ma\u00f1ana sesionara la comisi\u00f3n de Reforma Pol\u00edtica para definir los plazos del cronograma electoral. La interna oficialista presente en los\u2026","rel":"","context":"En \u00abProvincia\u00bb","block_context":{"text":"Provincia","link":"https:\/\/www.24baires.com\/?cat=40"},"img":{"alt_text":"","src":"https:\/\/i0.wp.com\/www.24baires.com\/wp-content\/uploads\/2020\/09\/diputados-bonaerense.jpg?resize=350%2C200","width":350,"height":200,"srcset":"https:\/\/i0.wp.com\/www.24baires.com\/wp-content\/uploads\/2020\/09\/diputados-bonaerense.jpg?resize=350%2C200 1x, https:\/\/i0.wp.com\/www.24baires.com\/wp-content\/uploads\/2020\/09\/diputados-bonaerense.jpg?resize=525%2C300 1.5x, https:\/\/i0.wp.com\/www.24baires.com\/wp-content\/uploads\/2020\/09\/diputados-bonaerense.jpg?resize=700%2C400 2x"},"classes":[]},{"id":113723,"url":"https:\/\/www.24baires.com\/?p=113723","url_meta":{"origin":7278,"position":5},"title":"Con cambios, el Senado tambi\u00e9n aprob\u00f3 la Ley Impositiva","author":"AF","date":"08\/01\/2020","format":false,"excerpt":"Por las modificaciones que le introdujo la oposici\u00f3n, la C\u00e1mara alta gir\u00f3 la iniciativa a Diputados que por la ma\u00f1ana ya la hab\u00eda aprobado. Con 45 votos a favor y ninguno en contra, el Senado bonaerense aprob\u00f3 la Ley Impositiva 2020. Juntos por el Cambio propuso cambios en el Impuesto\u2026","rel":"","context":"En \u00abProvincia\u00bb","block_context":{"text":"Provincia","link":"https:\/\/www.24baires.com\/?cat=40"},"img":{"alt_text":"","src":"https:\/\/i0.wp.com\/www.24baires.com\/wp-content\/uploads\/2020\/01\/magario-senado.jpg?resize=350%2C200","width":350,"height":200,"srcset":"https:\/\/i0.wp.com\/www.24baires.com\/wp-content\/uploads\/2020\/01\/magario-senado.jpg?resize=350%2C200 1x, https:\/\/i0.wp.com\/www.24baires.com\/wp-content\/uploads\/2020\/01\/magario-senado.jpg?resize=525%2C300 1.5x"},"classes":[]}],"jetpack_sharing_enabled":true,"jetpack_likes_enabled":true,"_links":{"self":[{"href":"https:\/\/www.24baires.com\/index.php?rest_route=\/wp\/v2\/posts\/7278","targetHints":{"allow":["GET"]}}],"collection":[{"href":"https:\/\/www.24baires.com\/index.php?rest_route=\/wp\/v2\/posts"}],"about":[{"href":"https:\/\/www.24baires.com\/index.php?rest_route=\/wp\/v2\/types\/post"}],"author":[{"embeddable":true,"href":"https:\/\/www.24baires.com\/index.php?rest_route=\/wp\/v2\/users\/4"}],"replies":[{"embeddable":true,"href":"https:\/\/www.24baires.com\/index.php?rest_route=%2Fwp%2Fv2%2Fcomments&post=7278"}],"version-history":[{"count":3,"href":"https:\/\/www.24baires.com\/index.php?rest_route=\/wp\/v2\/posts\/7278\/revisions"}],"predecessor-version":[{"id":7281,"href":"https:\/\/www.24baires.com\/index.php?rest_route=\/wp\/v2\/posts\/7278\/revisions\/7281"}],"wp:attachment":[{"href":"https:\/\/www.24baires.com\/index.php?rest_route=%2Fwp%2Fv2%2Fmedia&parent=7278"}],"wp:term":[{"taxonomy":"category","embeddable":true,"href":"https:\/\/www.24baires.com\/index.php?rest_route=%2Fwp%2Fv2%2Fcategories&post=7278"},{"taxonomy":"post_tag","embeddable":true,"href":"https:\/\/www.24baires.com\/index.php?rest_route=%2Fwp%2Fv2%2Ftags&post=7278"}],"curies":[{"name":"wp","href":"https:\/\/api.w.org\/{rel}","templated":true}]}}