{"id":7264,"date":"2012-11-29T20:23:23","date_gmt":"2012-11-29T23:23:23","guid":{"rendered":"http:\/\/www.24baires.com\/?p=7264"},"modified":"2012-11-29T20:23:23","modified_gmt":"2012-11-29T23:23:23","slug":"denuncian-carencia-de-politicas-publicas-sobre-violencia-de-genero-en-la-provincia","status":"publish","type":"post","link":"https:\/\/www.24baires.com\/?p=7264","title":{"rendered":"Denuncian carencia de pol\u00edticas p\u00fablicas sobre violencia de g\u00e9nero en la Provincia"},"content":{"rendered":"<p><img data-recalc-dims=\"1\" loading=\"lazy\" decoding=\"async\" class=\"alignleft size-medium wp-image-7266\" title=\"violencia genero\" src=\"https:\/\/i0.wp.com\/www.24baires.com\/wp-content\/uploads\/2012\/11\/violencia-genero.png?resize=300%2C185\" alt=\"\" width=\"300\" height=\"185\" srcset=\"https:\/\/i0.wp.com\/www.24baires.com\/wp-content\/uploads\/2012\/11\/violencia-genero.png?resize=300%2C185&amp;ssl=1 300w, https:\/\/i0.wp.com\/www.24baires.com\/wp-content\/uploads\/2012\/11\/violencia-genero.png?w=509&amp;ssl=1 509w\" sizes=\"auto, (max-width: 300px) 100vw, 300px\" \/>La Central de los Trabajadores de la Argentina (CTA) present\u00f3 un informe sobre las pol\u00edticas p\u00fablicas de violencia de g\u00e9nero en la provincia de Buenos, mediante el que denunci\u00f3 que las medidas de prevenci\u00f3n y acci\u00f3n frente a esta problem\u00e1tica son escasas y desarticuladas.<!--more--><\/p>\n<p>El informe fue redactado por la mesa de la CTA contra la violencia de g\u00e9nero de la cual tambi\u00e9n participan organizaciones sociales, las diputadas provinciales Alicia S\u00e1nchez, Natalia Gradaschi, el equipo de la Red de Monitoreo de Pol\u00edticas P\u00fablicas, el Instituto de Cultura Jur\u00eddica de la UNLP y la Defensor\u00eda del Pueblo de la provincia de Buenos Aires y el Observatorio Social de la Legislatura, con un rol de articuladores.<\/p>\n<p>Al respecto, Estela D\u00edaz, secretaria de Genero de la CTA Naci\u00f3n, indic\u00f3 que \u201csi bien existe una legislaci\u00f3n que alerta sobre la violencia de g\u00e9nero a\u00fan no vemos pol\u00edticas p\u00fablicas activas emanadas del Estado provincial que protejan y cobijen a las mujeres v\u00edctimas de violencia\u201d.<\/p>\n<p>Seg\u00fan el informe, la violencia contra las mujeres ha aumentado en todos los sectores sociales y, \u201cse asienta en la hist\u00f3rica relaci\u00f3n asim\u00e9trica de g\u00e9nero, en la cultura machista que aun perdura\u201d.<\/p>\n<p>\u201cEsta problem\u00e1tica -asever\u00f3 D\u00edaz- requiere de cambios culturales y educativos pero tambi\u00e9n de cambios de asistencia y atenci\u00f3n de los organismos del Estado que deber\u00edan destinar m\u00e1s presupuesto para atacar con fortaleza la violencia contra las mujeres\u201d.<\/p>\n<p>En este sentido, entre otras propuestas, la conducci\u00f3n de la CTA se\u00f1al\u00f3 que deber\u00eda implementarse un Sistema Integrado Provincial a trav\u00e9s de la Mesa Intersectorial de la provincia de Buenos Aires, adecuar el procedimiento judicial de la ley 12.569 a lo establecido en la ley nacional 26485 y anular la mediaci\u00f3n como forma de intervenci\u00f3n en los casos de violencia familiar.<\/p>\n<p>Para favorecer la asistencia integral a las v\u00edctimas de violencia de g\u00e9nero, solicitan una mayor articulaci\u00f3n entre los organismos del Poder Ejecutivo y del Poder Judicial, con instancias de consulta y di\u00e1logo con las organizaciones de la sociedad civil.<\/p>\n<p>En esta l\u00ednea, conciben que el gobierno provincial y las comunas deben \u201cgarantizar un abordaje local de esta problem\u00e1tica\u201d, lo que supone coordinar en las distintas localidades centros especializados de atenci\u00f3n de la violencia.<\/p>\n<p>Finalmente, el documento aprobado hace hincapi\u00e9 en que el programa, en coordinaci\u00f3n con la Secretar\u00eda de Ni\u00f1ez, deber\u00e1 otorgar prioridad en la asistencia directa a las mujeres, ni\u00f1as y ni\u00f1os a su cargo que se encuentren en emergencia por violencia de g\u00e9nero.<\/p>\n<p>&nbsp;<\/p>\n<p>&nbsp;<\/p>\n<p>&nbsp;<\/p>\n<p>&nbsp;<\/p>\n<p>&nbsp;<\/p>\n<p>&nbsp;<\/p>\n<p>&nbsp;<\/p>\n<p>&nbsp;<\/p>\n<p>&nbsp;<\/p>\n<p>&nbsp;<\/p>\n<p>&nbsp;<\/p>\n<p>&nbsp;<\/p>\n<p>&nbsp;<\/p>\n<p>&nbsp;<\/p>\n<p>&nbsp;<\/p>\n<p>&nbsp;<\/p>\n<p>&nbsp;<\/p>\n","protected":false},"excerpt":{"rendered":"<p>La Central de los Trabajadores de la Argentina (CTA) present\u00f3 un informe sobre las pol\u00edticas p\u00fablicas de violencia de g\u00e9nero en la provincia de Buenos, mediante el que denunci\u00f3 que las medidas de prevenci\u00f3n y acci\u00f3n frente a esta problem\u00e1tica son escasas y desarticuladas.<\/p>\n","protected":false},"author":11,"featured_media":0,"comment_status":"open","ping_status":"open","sticky":false,"template":"","format":"standard","meta":{"_jetpack_newsletter_access":"","_jetpack_dont_email_post_to_subs":false,"_jetpack_newsletter_tier_id":0,"_jetpack_memberships_contains_paywalled_content":false,"_jetpack_memberships_contains_paid_content":false,"footnotes":""},"categories":[40],"tags":[],"class_list":["post-7264","post","type-post","status-publish","format-standard","hentry","category-provincia"],"jetpack_featured_media_url":"","jetpack_shortlink":"https:\/\/wp.me\/p2JWE0-1Ta","jetpack-related-posts":[{"id":121665,"url":"https:\/\/www.24baires.com\/?p=121665","url_meta":{"origin":7264,"position":0},"title":"Baradel confirm\u00f3 que preparan \u201cuna intersindical que defienda a los bonaerenses\u201d","author":"GB","date":"19\/09\/2024","format":false,"excerpt":"Tras el encuentro de las CTA, Baradel analiz\u00f3 el contexto social y la necesidad de \u201cdejar de lado los personalismos\u201d. Los nuevos trabajos en la agenda sindical. Luego de la reuni\u00f3n que mantuvieron los Secretarios Generales de las dos CTA de la Provincia, el l\u00edder sindical, Roberto Baradel, asegur\u00f3 que\u2026","rel":"","context":"En \u00abProvincia\u00bb","block_context":{"text":"Provincia","link":"https:\/\/www.24baires.com\/?cat=40"},"img":{"alt_text":"","src":"https:\/\/i0.wp.com\/www.24baires.com\/wp-content\/uploads\/2018\/09\/baradel.jpg?resize=350%2C200","width":350,"height":200,"srcset":"https:\/\/i0.wp.com\/www.24baires.com\/wp-content\/uploads\/2018\/09\/baradel.jpg?resize=350%2C200 1x, https:\/\/i0.wp.com\/www.24baires.com\/wp-content\/uploads\/2018\/09\/baradel.jpg?resize=525%2C300 1.5x, https:\/\/i0.wp.com\/www.24baires.com\/wp-content\/uploads\/2018\/09\/baradel.jpg?resize=700%2C400 2x"},"classes":[]},{"id":102300,"url":"https:\/\/www.24baires.com\/?p=102300","url_meta":{"origin":7264,"position":1},"title":"Denuncian que la Provincia ech\u00f3 a cinco trabajadoras por adherir a un paro","author":"GB","date":"23\/05\/2018","format":false,"excerpt":"Se trata de cinco empleadas del equipo de seguimiento de casos de violencia de g\u00e9nero que funciona en el Instituto de G\u00e9nero de la Provincia. El organismo depende de la Secretar\u00eda de Derechos Humanos Trabajadores del Instituto de G\u00e9nero y Diversidad Sexual de la provincia de Buenos Aires denunciaron que\u2026","rel":"","context":"En \u00abProvincia\u00bb","block_context":{"text":"Provincia","link":"https:\/\/www.24baires.com\/?cat=40"},"img":{"alt_text":"","src":"https:\/\/i0.wp.com\/www.24baires.com\/wp-content\/uploads\/2018\/01\/ate-300x200.jpg?resize=350%2C200","width":350,"height":200},"classes":[]},{"id":104614,"url":"https:\/\/www.24baires.com\/?p=104614","url_meta":{"origin":7264,"position":2},"title":"Las CTA comienzan el paro nacional con distintos actos","author":"GB","date":"24\/09\/2018","format":false,"excerpt":"En una semana que se prev\u00e9 conflictiva por el llamado a huelga de las centrales sindicales y la participaci\u00f3n de movimientos sociales, los sectores opositores empiezan una medida por 36 horas. Desde las 10 habr\u00e1 un acto en Puente Pueyrred\u00f3n y a las 15 se realizar\u00e1 otro en Plaza de\u2026","rel":"","context":"En \u00abPol\u00edtica\u00bb","block_context":{"text":"Pol\u00edtica","link":"https:\/\/www.24baires.com\/?cat=51"},"img":{"alt_text":"","src":"https:\/\/i0.wp.com\/www.24baires.com\/wp-content\/uploads\/2017\/12\/marcha-mar-del-plata.png?resize=350%2C200","width":350,"height":200,"srcset":"https:\/\/i0.wp.com\/www.24baires.com\/wp-content\/uploads\/2017\/12\/marcha-mar-del-plata.png?resize=350%2C200 1x, https:\/\/i0.wp.com\/www.24baires.com\/wp-content\/uploads\/2017\/12\/marcha-mar-del-plata.png?resize=525%2C300 1.5x"},"classes":[]},{"id":102866,"url":"https:\/\/www.24baires.com\/?p=102866","url_meta":{"origin":7264,"position":3},"title":"Un proyecto busca fomentar la inclusi\u00f3n laboral de v\u00edctimas de violencia de g\u00e9nero","author":"GB","date":"20\/06\/2018","format":false,"excerpt":"La iniciativa propone conceder un beneficio impositivo a las empresas que contraten a las mujeres que hayan sido v\u00edctimas de violencia de g\u00e9nero y puedan acreditar la constancia de su denuncia. La diputada provincial de Cambiemos Maricel Etchecoin present\u00f3 un proyecto de ley que busca \"fomentar la inclusi\u00f3n\" en el\u2026","rel":"","context":"En \u00abSociedad\u00bb","block_context":{"text":"Sociedad","link":"https:\/\/www.24baires.com\/?cat=1"},"img":{"alt_text":"","src":"https:\/\/i0.wp.com\/www.24baires.com\/wp-content\/uploads\/2018\/06\/ni-una-menos.jpg?resize=350%2C200","width":350,"height":200,"srcset":"https:\/\/i0.wp.com\/www.24baires.com\/wp-content\/uploads\/2018\/06\/ni-una-menos.jpg?resize=350%2C200 1x, https:\/\/i0.wp.com\/www.24baires.com\/wp-content\/uploads\/2018\/06\/ni-una-menos.jpg?resize=525%2C300 1.5x"},"classes":[]},{"id":100932,"url":"https:\/\/www.24baires.com\/?p=100932","url_meta":{"origin":7264,"position":4},"title":"Con huelgas y marchas, las mujeres salen a \u201cparar el mundo\u201d para hacer valer sus derechos","author":"GB","date":"08\/03\/2018","format":false,"excerpt":"En 40 pa\u00edses convocan a un \u201cParo internacional\u201d que incluye manifestaciones en espacios p\u00fablicos. El epicentro en nuestro pa\u00eds es Plaza de Mayo. Las consignas van desde el aborto libre, seguro y gratuito, hasta el repudio al \u201cajuste, despidos y precarizaci\u00f3n\u201d. Ni flores, ni bombones: huelga y marchas a lo\u2026","rel":"","context":"En \u00abPol\u00edtica\u00bb","block_context":{"text":"Pol\u00edtica","link":"https:\/\/www.24baires.com\/?cat=51"},"img":{"alt_text":"","src":"https:\/\/i0.wp.com\/www.24baires.com\/wp-content\/uploads\/2018\/03\/paro-de-mujeres.jpg?resize=350%2C200","width":350,"height":200,"srcset":"https:\/\/i0.wp.com\/www.24baires.com\/wp-content\/uploads\/2018\/03\/paro-de-mujeres.jpg?resize=350%2C200 1x, https:\/\/i0.wp.com\/www.24baires.com\/wp-content\/uploads\/2018\/03\/paro-de-mujeres.jpg?resize=525%2C300 1.5x"},"classes":[]},{"id":20943,"url":"https:\/\/www.24baires.com\/?p=20943","url_meta":{"origin":7264,"position":5},"title":"Denuncian a Desarrollo Social de la Provincia por \u201cabandono de pol\u00edticas sociales\u201d","author":"Grupo Sierra","date":"14\/04\/2013","format":false,"excerpt":"Los trabajadores del Ministerio de Desarrollo Social bonaerense, denunciaron que la dependencia no abri\u00f3 sus puertas para brindar la ayuda necesaria a los damnificados por las inundaciones que dej\u00f3 el temporal y que de esta manera \u201cabandon\u00f3 por completo las pol\u00edticas sociales que son, en definitiva, su raz\u00f3n de ser\u201d.\u2026","rel":"","context":"En \u00abPol\u00edtica\u00bb","block_context":{"text":"Pol\u00edtica","link":"https:\/\/www.24baires.com\/?cat=51"},"img":{"alt_text":"","src":"","width":0,"height":0},"classes":[]}],"jetpack_sharing_enabled":true,"jetpack_likes_enabled":true,"_links":{"self":[{"href":"https:\/\/www.24baires.com\/index.php?rest_route=\/wp\/v2\/posts\/7264","targetHints":{"allow":["GET"]}}],"collection":[{"href":"https:\/\/www.24baires.com\/index.php?rest_route=\/wp\/v2\/posts"}],"about":[{"href":"https:\/\/www.24baires.com\/index.php?rest_route=\/wp\/v2\/types\/post"}],"author":[{"embeddable":true,"href":"https:\/\/www.24baires.com\/index.php?rest_route=\/wp\/v2\/users\/11"}],"replies":[{"embeddable":true,"href":"https:\/\/www.24baires.com\/index.php?rest_route=%2Fwp%2Fv2%2Fcomments&post=7264"}],"version-history":[{"count":3,"href":"https:\/\/www.24baires.com\/index.php?rest_route=\/wp\/v2\/posts\/7264\/revisions"}],"predecessor-version":[{"id":7268,"href":"https:\/\/www.24baires.com\/index.php?rest_route=\/wp\/v2\/posts\/7264\/revisions\/7268"}],"wp:attachment":[{"href":"https:\/\/www.24baires.com\/index.php?rest_route=%2Fwp%2Fv2%2Fmedia&parent=7264"}],"wp:term":[{"taxonomy":"category","embeddable":true,"href":"https:\/\/www.24baires.com\/index.php?rest_route=%2Fwp%2Fv2%2Fcategories&post=7264"},{"taxonomy":"post_tag","embeddable":true,"href":"https:\/\/www.24baires.com\/index.php?rest_route=%2Fwp%2Fv2%2Ftags&post=7264"}],"curies":[{"name":"wp","href":"https:\/\/api.w.org\/{rel}","templated":true}]}}