{"id":7260,"date":"2012-11-29T20:02:43","date_gmt":"2012-11-29T23:02:43","guid":{"rendered":"http:\/\/www.24baires.com\/?p=7260"},"modified":"2012-11-29T20:02:43","modified_gmt":"2012-11-29T23:02:43","slug":"la-defensoria-bonaerense-presento-una-accion-judicial-para-adecuar-las-tarifas-de-cablevision","status":"publish","type":"post","link":"https:\/\/www.24baires.com\/?p=7260","title":{"rendered":"La Defensor\u00eda Bonaerense present\u00f3 una acci\u00f3n judicial para adecuar las tarifas de Cablevisi\u00f3n"},"content":{"rendered":"<p>La Defensor\u00eda del Pueblo de la Provincia de Buenos Aires present\u00f3 un amparo para exigir la nulidad del aumento del servicio que aplic\u00f3 Cablevisi\u00f3n en enero de 2011 y la devoluci\u00f3n de los montos cobrados en exceso desde entonces.<!--more--><\/p>\n<p>En el marco de una conferencia de prensa, el onmbusman bonaerense, Carlos Bonicatto, explic\u00f3 que la empresa de televisi\u00f3n por cable cobra \u201cilegalmente\u201d dichas tarifas, lo que duplica el precio autorizado por la secretar\u00eda de Comercio Interior de la Naci\u00f3n, que ha fijado en 123 pesos el valor del abono b\u00e1sico.<\/p>\n<p>Asimismo, el recurso legal tambi\u00e9n requiri\u00f3 que Cablevisi\u00f3n se abstenga a efectuar cortes del servicio a los usuarios que se nieguen a pagar la tarifa que la empresa estableci\u00f3 unilateralmente.<\/p>\n<p>\u201cHemos recibido reclamos por el aumento de la tarifa por la prestaci\u00f3n de servicios en los distintos distritos de la provincia. Hemos trabajado con las Oficinas Municipales de Informaci\u00f3n al Consumidor en defensa de los derechos de usuarios y no hemos tenido resultado positivo. Por eso, tomamos la acci\u00f3n judicial como \u00faltimo extremo\u201d, dijo el Defensor.<\/p>\n<p>Adem\u00e1s de estos reclamos particulares, los legisladores bonaerenses Fernanda Raverta, Graciela Rego, Miguel Funes, C\u00e9sar Valicenti y Luc\u00eda Portos sumaron sus presentaciones al mismo tiempo que advirtieron desigualdades en el cobro, ya que en las localidades de Lobos, Roque P\u00e9rez y Junin se presentaron medidas cautelares por las cuales no se est\u00e1 cobrando el aumento.<\/p>\n<p>As\u00ed, la intervenci\u00f3n de la Defensor\u00eda, realizada ante el Juzgado Federal N\u00b02 de La Plata, a cargo de Adolfo Ziulu, busca aunar estas acciones aisladas para que la empresa facture el servicio en todos los distritos de la Provincia tal como est\u00e1 establecido por la secretar\u00eda de Comercio Interior.<\/p>\n<p>\u201cEntendemos a la televisi\u00f3n por cable como un servicio p\u00fablico, y cuando se advierte que existe una vulneraci\u00f3n de derechos de los usuarios, al no aplicar Cablevisi\u00f3n la tarifa regulada, debemos intervenir para que no se siga perjudicando a la gente\u201d, concluy\u00f3 Bonicatto.<\/p>\n<p>&nbsp;<\/p>\n<p>&nbsp;<\/p>\n<p>&nbsp;<\/p>\n<p>&nbsp;<\/p>\n<p>&nbsp;<\/p>\n<p>&nbsp;<\/p>\n<p>&nbsp;<\/p>\n<p>&nbsp;<\/p>\n<p>&nbsp;<\/p>\n<p>&nbsp;<\/p>\n<p>&nbsp;<\/p>\n<p>&nbsp;<\/p>\n","protected":false},"excerpt":{"rendered":"<p>La Defensor\u00eda del Pueblo de la Provincia de Buenos Aires present\u00f3 un amparo para exigir la nulidad del aumento del servicio que aplic\u00f3 Cablevisi\u00f3n en enero de 2011 y la devoluci\u00f3n de los montos cobrados en exceso desde entonces.<\/p>\n","protected":false},"author":11,"featured_media":0,"comment_status":"open","ping_status":"open","sticky":false,"template":"","format":"standard","meta":{"_jetpack_newsletter_access":"","_jetpack_dont_email_post_to_subs":false,"_jetpack_newsletter_tier_id":0,"_jetpack_memberships_contains_paywalled_content":false,"_jetpack_memberships_contains_paid_content":false,"footnotes":""},"categories":[45],"tags":[],"class_list":["post-7260","post","type-post","status-publish","format-standard","hentry","category-economia"],"jetpack_featured_media_url":"","jetpack_shortlink":"https:\/\/wp.me\/p2JWE0-1T6","jetpack-related-posts":[{"id":13638,"url":"https:\/\/www.24baires.com\/?p=13638","url_meta":{"origin":7260,"position":0},"title":"Cablevisi\u00f3n deber\u00e1 bajar la tarifa b\u00e1sica por una medida cautelar","author":"AF","date":"26\/01\/2013","format":false,"excerpt":"La justicia convalid\u00f3 la medida cautelar contra Cablevisi\u00f3n que present\u00f3 la Defensor\u00eda del Pueblo bonaerense y confirm\u00f3 que la empresa debe cobrar su abono de TV por cable a 130 pesos. El tratamiento de este caso en feria judicial surge del pedido del Defensor del Pueblo, Carlos Bonicatto, quien solicit\u00f3\u2026","rel":"","context":"En \u00abMedios\u00bb","block_context":{"text":"Medios","link":"https:\/\/www.24baires.com\/?cat=54"},"img":{"alt_text":"cablevisi\u00f3n","src":"https:\/\/i0.wp.com\/www.24baires.com\/wp-content\/uploads\/2013\/01\/cablevisi%C3%B3n-300x199.jpg?resize=350%2C200","width":350,"height":200},"classes":[]},{"id":32435,"url":"https:\/\/www.24baires.com\/?p=32435","url_meta":{"origin":7260,"position":1},"title":"Avanza causa penal contra Cablevisi\u00f3n iniciada por la Defensor\u00eda del Pueblo","author":"AF","date":"25\/09\/2013","format":false,"excerpt":"La C\u00e1mara Federal de Apelaciones de la capital de la provincia de Buenos Aires orden\u00f3 desarchivar y dar curso a la causa penal iniciada por la Defensoria del Pueblo. Carlos Bonicatto, que ser\u00e1 querellante, dispuso que el expediente siga delante para determinar el incumplimiento de la empresa. La C\u00e1mara Federal\u2026","rel":"","context":"En \u00abMedios\u00bb","block_context":{"text":"Medios","link":"https:\/\/www.24baires.com\/?cat=54"},"img":{"alt_text":"cablevision","src":"https:\/\/i0.wp.com\/www.24baires.com\/wp-content\/uploads\/2012\/12\/cablevision.jpg?resize=350%2C200","width":350,"height":200,"srcset":"https:\/\/i0.wp.com\/www.24baires.com\/wp-content\/uploads\/2012\/12\/cablevision.jpg?resize=350%2C200 1x, https:\/\/i0.wp.com\/www.24baires.com\/wp-content\/uploads\/2012\/12\/cablevision.jpg?resize=525%2C300 1.5x"},"classes":[]},{"id":15087,"url":"https:\/\/www.24baires.com\/?p=15087","url_meta":{"origin":7260,"position":2},"title":"Juez de La Plata intim\u00f3 a Cablevisi\u00f3n a acreditar si ajust\u00f3 la tarifa a lo ordenado","author":"Grupo Sierra","date":"08\/02\/2013","format":false,"excerpt":"El juez federal de La Plata, Adolfo Gabino Ziulu, intim\u00f3 a la empresa a que acredite si se encuentra cumpliendo con una medida cautelar anterior por la cual se le orden\u00f3 ajustar su tarifa por abono a la suma autorizada por la Secretar\u00eda de Comercio Interior. El caso podr\u00eda terminar\u2026","rel":"","context":"En \u00abMedios\u00bb","block_context":{"text":"Medios","link":"https:\/\/www.24baires.com\/?cat=54"},"img":{"alt_text":"cablevision","src":"https:\/\/i0.wp.com\/www.24baires.com\/wp-content\/uploads\/2012\/12\/cablevision.jpg?resize=350%2C200","width":350,"height":200,"srcset":"https:\/\/i0.wp.com\/www.24baires.com\/wp-content\/uploads\/2012\/12\/cablevision.jpg?resize=350%2C200 1x, https:\/\/i0.wp.com\/www.24baires.com\/wp-content\/uploads\/2012\/12\/cablevision.jpg?resize=525%2C300 1.5x"},"classes":[]},{"id":24419,"url":"https:\/\/www.24baires.com\/?p=24419","url_meta":{"origin":7260,"position":3},"title":"El Senado bonaerense apoy\u00f3 el reclamo contra Cablevisi\u00f3n por el precio del abono","author":"Grupo Sierra","date":"26\/05\/2013","format":false,"excerpt":"La C\u00e1mara de Senadores bonaerense respald\u00f3 la presentaci\u00f3n judicial de la Defensor\u00eda del Pueblo provincial contra la empresa Cablevisi\u00f3n S.A., por el valor del servicio, y solicit\u00f3 que la firma adecue el costo del abono b\u00e1sico del cable. La C\u00e1mara Alta acompa\u00f1\u00f3 el proyecto elevado por el senador del Frente\u2026","rel":"","context":"En \u00abMedios\u00bb","block_context":{"text":"Medios","link":"https:\/\/www.24baires.com\/?cat=54"},"img":{"alt_text":"senadobonaerense2-679x350","src":"https:\/\/i0.wp.com\/www.24baires.com\/wp-content\/uploads\/2013\/05\/senadobonaerense2-679x350.jpg?resize=350%2C200","width":350,"height":200,"srcset":"https:\/\/i0.wp.com\/www.24baires.com\/wp-content\/uploads\/2013\/05\/senadobonaerense2-679x350.jpg?resize=350%2C200 1x, https:\/\/i0.wp.com\/www.24baires.com\/wp-content\/uploads\/2013\/05\/senadobonaerense2-679x350.jpg?resize=525%2C300 1.5x"},"classes":[]},{"id":18766,"url":"https:\/\/www.24baires.com\/?p=18766","url_meta":{"origin":7260,"position":4},"title":"Senadores bonaerenses apoyan las acciones judiciales contra Cablevisi\u00f3n","author":"AF","date":"18\/03\/2013","format":false,"excerpt":"Un proyecto impulsado en la C\u00e1mara alta respalda la presentaci\u00f3n judicial de la Defensor\u00eda del Pueblo provincial contra la empresa del Grupo Clar\u00edn por el cobro indebido de su servicio y solicita que la firma adecue el costo del abono b\u00e1sico del cable. \u201cEsta acci\u00f3n judicial logr\u00f3 ponerle un l\u00edmite\u2026","rel":"","context":"En \u00abMedios\u00bb","block_context":{"text":"Medios","link":"https:\/\/www.24baires.com\/?cat=54"},"img":{"alt_text":"","src":"","width":0,"height":0},"classes":[]},{"id":20756,"url":"https:\/\/www.24baires.com\/?p=20756","url_meta":{"origin":7260,"position":5},"title":"Rechazan la presentaci\u00f3n de Cablevisi\u00f3n y fijan el abono en $130","author":"AF","date":"11\/04\/2013","format":false,"excerpt":"La C\u00e1mara Federal de Apelaciones de La Plata rechaz\u00f3 el planteo realizado por la empresa Cablevisi\u00f3n S.A. y aval\u00f3 la presentaci\u00f3n realizada por la Defensor\u00eda del Pueblo de la provincia de Buenos Aires que fija en 130 pesos el abono b\u00e1sico de cable. La C\u00e1mara Federal rechaz\u00f3 un recurso extraordinario\u2026","rel":"","context":"En \u00abMedios\u00bb","block_context":{"text":"Medios","link":"https:\/\/www.24baires.com\/?cat=54"},"img":{"alt_text":"","src":"","width":0,"height":0},"classes":[]}],"jetpack_sharing_enabled":true,"jetpack_likes_enabled":true,"_links":{"self":[{"href":"https:\/\/www.24baires.com\/index.php?rest_route=\/wp\/v2\/posts\/7260","targetHints":{"allow":["GET"]}}],"collection":[{"href":"https:\/\/www.24baires.com\/index.php?rest_route=\/wp\/v2\/posts"}],"about":[{"href":"https:\/\/www.24baires.com\/index.php?rest_route=\/wp\/v2\/types\/post"}],"author":[{"embeddable":true,"href":"https:\/\/www.24baires.com\/index.php?rest_route=\/wp\/v2\/users\/11"}],"replies":[{"embeddable":true,"href":"https:\/\/www.24baires.com\/index.php?rest_route=%2Fwp%2Fv2%2Fcomments&post=7260"}],"version-history":[{"count":3,"href":"https:\/\/www.24baires.com\/index.php?rest_route=\/wp\/v2\/posts\/7260\/revisions"}],"predecessor-version":[{"id":7263,"href":"https:\/\/www.24baires.com\/index.php?rest_route=\/wp\/v2\/posts\/7260\/revisions\/7263"}],"wp:attachment":[{"href":"https:\/\/www.24baires.com\/index.php?rest_route=%2Fwp%2Fv2%2Fmedia&parent=7260"}],"wp:term":[{"taxonomy":"category","embeddable":true,"href":"https:\/\/www.24baires.com\/index.php?rest_route=%2Fwp%2Fv2%2Fcategories&post=7260"},{"taxonomy":"post_tag","embeddable":true,"href":"https:\/\/www.24baires.com\/index.php?rest_route=%2Fwp%2Fv2%2Ftags&post=7260"}],"curies":[{"name":"wp","href":"https:\/\/api.w.org\/{rel}","templated":true}]}}