{"id":7230,"date":"2012-11-29T21:09:53","date_gmt":"2012-11-30T00:09:53","guid":{"rendered":"http:\/\/www.24baires.com\/?p=7230"},"modified":"2012-11-29T21:21:01","modified_gmt":"2012-11-30T00:21:01","slug":"ate-se-movilizo-a-la-legislatura-en-contra-del-ajuste-de-scioli-y-por-paritarias-municipales","status":"publish","type":"post","link":"https:\/\/www.24baires.com\/?p=7230","title":{"rendered":"ATE se moviliz\u00f3 a la Legislatura \u201cen contra del ajuste de Scioli\u201d y por paritarias municipales"},"content":{"rendered":"<p><img data-recalc-dims=\"1\" loading=\"lazy\" decoding=\"async\" class=\"aligncenter size-full wp-image-7232\" title=\"isasi colo 1\" src=\"https:\/\/i0.wp.com\/www.24baires.com\/wp-content\/uploads\/2012\/11\/isasi-colo-1.jpg?resize=560%2C420\" alt=\"\" width=\"560\" height=\"420\" srcset=\"https:\/\/i0.wp.com\/www.24baires.com\/wp-content\/uploads\/2012\/11\/isasi-colo-1.jpg?w=560&amp;ssl=1 560w, https:\/\/i0.wp.com\/www.24baires.com\/wp-content\/uploads\/2012\/11\/isasi-colo-1.jpg?resize=300%2C225&amp;ssl=1 300w\" sizes=\"auto, (max-width: 560px) 100vw, 560px\" \/><\/p>\n<p><strong>LA PLATA-<\/strong>\u00a0El secretario general de la Asociaci\u00f3n de Trabajadores Estatales de la Provincia (ATE), Oscar \u2018Colo\u2019 de Isasi, encabez\u00f3 una marcha en la puerta del parlamento bonaerense para entregar un proyecto de ley para que los trabajadores municipales puedan discutir paritarias con los intendentes y para rechazar <strong>\u201cla pol\u00edtica de ajuste encabezada por el Gobernador Daniel Scioli\u201d.<\/strong><!--more--><\/p>\n<p>En ese marco, y ante la proximidad del pago del segundo medio aguinaldo que la provincia debe efectuar en diciembre, <strong>24 baires<\/strong> entrevist\u00f3 al gremialista, quien asegur\u00f3 que \u201cnosotros sabemos lo que vamos a hacer. Si el aguinaldo se paga, desgraciadamente vamos a pagarle (a Scioli) gran parte de las deudas, porque los salarios son muy magros\u201d.<\/p>\n<p>Si el aguinaldo no se paga, ganaremos las calles como lo hicimos en julio\u201d, advirti\u00f3.<\/p>\n<p>\u201cAdem\u00e1s, entendemos que el mejor conflicto es el que se resuelve r\u00e1pidamente, est\u00e1 en el gobierno garantizar los compromisos m\u00e1s elementales para gestionar desde el estado provincial. Esperamos que no suceda la irresponsabilidad que hubo en su momento, a mediados de junio y que se garantice. Sino, ganaremos las calles\u201d, reiter\u00f3 el titular bonaerense de ATE.<\/p>\n<p><img data-recalc-dims=\"1\" loading=\"lazy\" decoding=\"async\" class=\"aligncenter size-full wp-image-7234\" title=\"isasi colo 2\" src=\"https:\/\/i0.wp.com\/www.24baires.com\/wp-content\/uploads\/2012\/11\/isasi-colo-2.jpg?resize=560%2C420\" alt=\"\" width=\"560\" height=\"420\" srcset=\"https:\/\/i0.wp.com\/www.24baires.com\/wp-content\/uploads\/2012\/11\/isasi-colo-2.jpg?w=560&amp;ssl=1 560w, https:\/\/i0.wp.com\/www.24baires.com\/wp-content\/uploads\/2012\/11\/isasi-colo-2.jpg?resize=300%2C225&amp;ssl=1 300w\" sizes=\"auto, (max-width: 560px) 100vw, 560px\" \/><\/p>\n<p>Finalmente, De Isasi analiz\u00f3 el a\u00f1o 2012, que se vio marcado por varios conflictos salariales que incluyeron importantes movilizaciones a la Gobernaci\u00f3n, la Legislatura y distintos ministerios. Al respecto, el gremialista se\u00f1al\u00f3 que \u201ceste a\u00f1o nos hizo acordar en parte a la d\u00e9cada del \u201990. Hac\u00eda mucho tiempo que no ten\u00edamos un intento de nivel de intento de precarizar nuestras relaciones laborales y de sumir en m\u00e1s padecimiento a los sectores m\u00e1s vulnerables de la sociedad bonaerense\u201d.<\/p>\n<p>\u201cEl gobernador (Daniel) Scioli en el 2012 defini\u00f3 un ajuste claro. Se expres\u00f3 en el presupuesto y lo consolid\u00f3 en el del 2013.<br \/>\nEs el presupuesto m\u00e1s parecido a la d\u00e9cada de 1990, que hemos tenido desde 2001 a esta parte, donde se precarizan las relaciones laborales, se reducen las partidas en ese sentido y tambi\u00e9n en pol\u00edticas sociales. Por eso la relaci\u00f3n con los trabajadores es la m\u00e1s dif\u00edcil que ha tenido el gobierno provincial\u201d, dispar\u00f3.<\/p>\n<p>Por \u00faltimo, el m\u00e1ximo representante de los trabajadores a nivel provincial, manifest\u00f3 su expectativa para el a\u00f1o pr\u00f3ximo \u201csi volvemos a probar que si nos juntamos y\u00a0priorizamos\u00a0los verdaderos problemas, podemos torcerle el brazo a la pol\u00edtica de ajuste. El a\u00f1o que viene tenemos plena confianza en nuestra fuerza, si derribamos el ajuste y reabrimos la paritaria, conseguiremos salarios m\u00e1s cercanos a la realidad que los que nos plantean hoy., concluy\u00f3 de Isasi.<\/p>\n","protected":false},"excerpt":{"rendered":"<p>LA PLATA-\u00a0El secretario general de la Asociaci\u00f3n de Trabajadores Estatales de la Provincia (ATE), Oscar \u2018Colo\u2019 de Isasi, encabez\u00f3 una marcha en la puerta del parlamento bonaerense para entregar un proyecto de ley para que los trabajadores municipales puedan discutir paritarias con los intendentes y para rechazar \u201cla pol\u00edtica de ajuste encabezada por el Gobernador Daniel Scioli\u201d.<\/p>\n","protected":false},"author":11,"featured_media":0,"comment_status":"open","ping_status":"open","sticky":false,"template":"","format":"standard","meta":{"_jetpack_newsletter_access":"","_jetpack_dont_email_post_to_subs":false,"_jetpack_newsletter_tier_id":0,"_jetpack_memberships_contains_paywalled_content":false,"_jetpack_memberships_contains_paid_content":false,"footnotes":""},"categories":[40],"tags":[],"class_list":["post-7230","post","type-post","status-publish","format-standard","hentry","category-provincia"],"jetpack_featured_media_url":"","jetpack_shortlink":"https:\/\/wp.me\/p2JWE0-1SC","jetpack-related-posts":[{"id":490,"url":"https:\/\/www.24baires.com\/?p=490","url_meta":{"origin":7230,"position":0},"title":"Desde ATE anunciaron paro y movilizaci\u00f3n en reclamo de un aumento salarial","author":"Grupo Sierra","date":"26\/09\/2012","format":false,"excerpt":"Marchar\u00e1n a Casa de Gobierno como parte del plan de acci\u00f3n que llevan adelante contra el ajuste en la provincia de Buenos Aires y por la reapertura de paritarias. Se sumar\u00edan los trabajadores judiciales de la AJB y los profesionales de salud de la CICOP. La Asociaci\u00f3n Trabajadores del Estado\u2026","rel":"","context":"En \u00abProvincia\u00bb","block_context":{"text":"Provincia","link":"https:\/\/www.24baires.com\/?cat=40"},"img":{"alt_text":"","src":"https:\/\/i0.wp.com\/www.24baires.com\/wp-content\/uploads\/2012\/09\/movilizaci%C3%B3n-de-ATE.jpg?resize=350%2C200","width":350,"height":200,"srcset":"https:\/\/i0.wp.com\/www.24baires.com\/wp-content\/uploads\/2012\/09\/movilizaci%C3%B3n-de-ATE.jpg?resize=350%2C200 1x, https:\/\/i0.wp.com\/www.24baires.com\/wp-content\/uploads\/2012\/09\/movilizaci%C3%B3n-de-ATE.jpg?resize=525%2C300 1.5x"},"classes":[]},{"id":121218,"url":"https:\/\/www.24baires.com\/?p=121218","url_meta":{"origin":7230,"position":1},"title":"Estatales apuraron a Kicillof para reabrir paritarias","author":"GB","date":"10\/04\/2024","format":false,"excerpt":"La Asociaci\u00f3n Trabajadores del Estado (ATE) de la provincia de Buenos Aires solicit\u00f3 este martes al gobierno de Axel Kicillof la reapertura de paritarias, ante el \"brutal ajuste\" impulsado a nivel nacional por Javier Milei. El gremio de estatales de ATE en la provincia de Buenos Aires formaliz\u00f3 ante el\u2026","rel":"","context":"En \u00abProvincia\u00bb","block_context":{"text":"Provincia","link":"https:\/\/www.24baires.com\/?cat=40"},"img":{"alt_text":"","src":"https:\/\/i0.wp.com\/www.24baires.com\/wp-content\/uploads\/2024\/03\/paritarias-estatales.webp?resize=350%2C200","width":350,"height":200,"srcset":"https:\/\/i0.wp.com\/www.24baires.com\/wp-content\/uploads\/2024\/03\/paritarias-estatales.webp?resize=350%2C200 1x, https:\/\/i0.wp.com\/www.24baires.com\/wp-content\/uploads\/2024\/03\/paritarias-estatales.webp?resize=525%2C300 1.5x, https:\/\/i0.wp.com\/www.24baires.com\/wp-content\/uploads\/2024\/03\/paritarias-estatales.webp?resize=700%2C400 2x"},"classes":[]},{"id":104,"url":"https:\/\/www.24baires.com\/?p=104","url_meta":{"origin":7230,"position":2},"title":"ATE y la CTA se movilizan este mi\u00e9rcoles contra el ajuste provincial","author":"Grupo Sierra","date":"18\/09\/2012","format":false,"excerpt":"Junto con De Isasi, el director de Organizaci\u00f3n de la CTA, Julio Ortellado, y los miembros de la CICOP bonaerense,\u00a0Hugo Amor\u00a0y\u00a0Viviana Garc\u00eda, confirmaron m\u00e1s de\u00a010 cortes de rutas para ma\u00f1ana y 50 actividades en toda la Provincia de Buenos Aires. \u201cDe esta jornada, tambi\u00e9n participa la Central de Trabajadores de\u2026","rel":"","context":"En \u00abProvincia\u00bb","block_context":{"text":"Provincia","link":"https:\/\/www.24baires.com\/?cat=40"},"img":{"alt_text":"","src":"https:\/\/i0.wp.com\/www.24baires.com\/wp-content\/uploads\/2012\/09\/ate-cta1.jpg?resize=350%2C200","width":350,"height":200,"srcset":"https:\/\/i0.wp.com\/www.24baires.com\/wp-content\/uploads\/2012\/09\/ate-cta1.jpg?resize=350%2C200 1x, https:\/\/i0.wp.com\/www.24baires.com\/wp-content\/uploads\/2012\/09\/ate-cta1.jpg?resize=525%2C300 1.5x"},"classes":[]},{"id":102926,"url":"https:\/\/www.24baires.com\/?p=102926","url_meta":{"origin":7230,"position":3},"title":"El gobierno bonaerense adelantar\u00e1 el pago del medio aguinaldo para los trabajadores estatales","author":"GB","date":"22\/06\/2018","format":false,"excerpt":"Desde el Poder Ejecutivo de la provincia de Buenos Aires realizan las tareas administrativas para garantizar el desembolso en los primeros d\u00edas de julio. La medida va en sinton\u00eda con varios intendentes que lo anticiparon en el marco de la compleja situaci\u00f3n econ\u00f3mica. Seg\u00fan pudo saber INFOCIELO, desde el gobierno\u2026","rel":"","context":"En \u00abProvincia\u00bb","block_context":{"text":"Provincia","link":"https:\/\/www.24baires.com\/?cat=40"},"img":{"alt_text":"","src":"","width":0,"height":0},"classes":[]},{"id":9727,"url":"https:\/\/www.24baires.com\/?p=9727","url_meta":{"origin":7230,"position":4},"title":"Otro gremio en conflicto con Scioli: ahora los trabajadores de la salud","author":"Grupo Sierra","date":"19\/12\/2012","format":false,"excerpt":"Sostienen que a diferencia de los docentes, no se comunicaron con ellos para discutir las paritarias. \u201cCuando Scioli tuvo que darnos la mala noticia del pago escalonado del aguinaldo, nos mand\u00f3 a llamar y nos recibi\u00f3 en su despacho pero en las buenas no nos tuvo en cuenta\u201d, sostuvo el\u2026","rel":"","context":"En \u00abProvincia\u00bb","block_context":{"text":"Provincia","link":"https:\/\/www.24baires.com\/?cat=40"},"img":{"alt_text":"","src":"","width":0,"height":0},"classes":[]},{"id":103012,"url":"https:\/\/www.24baires.com\/?p=103012","url_meta":{"origin":7230,"position":5},"title":"Vidal anunciar\u00e1 medidas para jubilaciones y asignaciones","author":"GB","date":"27\/06\/2018","format":false,"excerpt":"La gobernadora bonaerense encabezar\u00e1 un acto en Casa de Gobierno donde dar\u00e1 a conocer un paquete de acciones destinadas a trabajadores estatales y el sector pasivo. El objetivo del gobierno es descomprimir el descontento ante la inflaci\u00f3n y tarifazos. La gobernadora de la provincia de Buenos Aires, Mar\u00eda Eugenia Vidal,\u2026","rel":"","context":"En \u00abProvincia\u00bb","block_context":{"text":"Provincia","link":"https:\/\/www.24baires.com\/?cat=40"},"img":{"alt_text":"","src":"https:\/\/i0.wp.com\/www.24baires.com\/wp-content\/uploads\/2018\/03\/vidal-1.jpg?resize=350%2C200","width":350,"height":200,"srcset":"https:\/\/i0.wp.com\/www.24baires.com\/wp-content\/uploads\/2018\/03\/vidal-1.jpg?resize=350%2C200 1x, https:\/\/i0.wp.com\/www.24baires.com\/wp-content\/uploads\/2018\/03\/vidal-1.jpg?resize=525%2C300 1.5x"},"classes":[]}],"jetpack_sharing_enabled":true,"jetpack_likes_enabled":true,"_links":{"self":[{"href":"https:\/\/www.24baires.com\/index.php?rest_route=\/wp\/v2\/posts\/7230","targetHints":{"allow":["GET"]}}],"collection":[{"href":"https:\/\/www.24baires.com\/index.php?rest_route=\/wp\/v2\/posts"}],"about":[{"href":"https:\/\/www.24baires.com\/index.php?rest_route=\/wp\/v2\/types\/post"}],"author":[{"embeddable":true,"href":"https:\/\/www.24baires.com\/index.php?rest_route=\/wp\/v2\/users\/11"}],"replies":[{"embeddable":true,"href":"https:\/\/www.24baires.com\/index.php?rest_route=%2Fwp%2Fv2%2Fcomments&post=7230"}],"version-history":[{"count":3,"href":"https:\/\/www.24baires.com\/index.php?rest_route=\/wp\/v2\/posts\/7230\/revisions"}],"predecessor-version":[{"id":7238,"href":"https:\/\/www.24baires.com\/index.php?rest_route=\/wp\/v2\/posts\/7230\/revisions\/7238"}],"wp:attachment":[{"href":"https:\/\/www.24baires.com\/index.php?rest_route=%2Fwp%2Fv2%2Fmedia&parent=7230"}],"wp:term":[{"taxonomy":"category","embeddable":true,"href":"https:\/\/www.24baires.com\/index.php?rest_route=%2Fwp%2Fv2%2Fcategories&post=7230"},{"taxonomy":"post_tag","embeddable":true,"href":"https:\/\/www.24baires.com\/index.php?rest_route=%2Fwp%2Fv2%2Ftags&post=7230"}],"curies":[{"name":"wp","href":"https:\/\/api.w.org\/{rel}","templated":true}]}}