{"id":7227,"date":"2012-11-29T17:40:50","date_gmt":"2012-11-29T20:40:50","guid":{"rendered":"http:\/\/www.24baires.com\/?p=7227"},"modified":"2012-11-29T16:53:45","modified_gmt":"2012-11-29T19:53:45","slug":"no-podran-embargarse-viviendas-de-ocupacion-permanente","status":"publish","type":"post","link":"https:\/\/www.24baires.com\/?p=7227","title":{"rendered":"No podr\u00e1n embargarse viviendas de ocupaci\u00f3n permanente"},"content":{"rendered":"<p>El Senado provincial sancion\u00f3 en ley la iniciativa del diputado Marcelo Feli\u00fa (FpV-PJ) que declara \u201cinembargables e inejecutables\u201d en todo el \u00e1mbito bonaerense a todas aquellas propiedades familiares habitadas en forma permanente.<!--more--><\/p>\n<p>La norma tiene como objetivo la protecci\u00f3n de aquellas viviendas denominadas \u201c\u00fanicas y de ocupaci\u00f3n permanente\u201d y declara su condici\u00f3n de \u201cinembargables e inejecutables\u201d, salvo casos de expresa renuncia de los propietarios a este derecho.<\/p>\n<p>\u201cEs una forma de brindar tranquilidad y seguridad a las familias de la provincia, disponer por ley que la casa que en la que se vive, siempre estar\u00e1 a salvo de cualquier posibilidad de remate o ejecuci\u00f3n. Esta salvaguarda ya existe en otras provincias que han avanzado en leyes similares y corresponde que se implemente en Buenos Aires\u201d, consider\u00f3 el legislador.<\/p>\n<p>La iniciativa establece que, a fin de gozar de este beneficio, los inmuebles comprendidos por esta normativa, deber\u00e1n constituir la \u00fanica propiedad del titular destinada a vivienda, ser de ocupaci\u00f3n permanente y guardar una relativa y razonable proporci\u00f3n entre la capacidad habitacional y el grupo familiar.<\/p>\n<p>\u201cDe esta manera nos aseguramos que el esp\u00edritu de la ley no beneficie a quienes, por ejemplo, puedan disponer de muchas casas o departamentos para vivir de rentas. Ellos, como todos, tendr\u00e1n la posibilidad de proteger al amparo de esta ley a una sola de sus propiedades\u201d, aclar\u00f3.<\/p>\n<p>Lo de \u201crelativa y razonable proporci\u00f3n\u201d entre la capacidad habitacional tiene que ver con la imposibilidad de que un grupo familiar reducido o incluso una sola persona, ante una situaci\u00f3n determinada, pueda optar por proteger una propiedad de un tama\u00f1o desmesurado o suntuoso, algo que atentar\u00eda por completo contra el \u201cesp\u00edritu\u201d de la ley.<\/p>\n<p>\u201cNo pretendemos brindar resquicios a especuladores sino todo lo contrario. Esto apunta a ayudar a familias ante situaciones complicadas o angustiantes. La vivienda \u00fanica no puede ser moneda de cambio ni estar a merced de la voracidad de nadie\u201d, concluy\u00f3 Feli\u00fa.<\/p>\n","protected":false},"excerpt":{"rendered":"<p>El Senado provincial sancion\u00f3 en ley la iniciativa del diputado Marcelo Feli\u00fa (FpV-PJ) que declara \u201cinembargables e inejecutables\u201d en todo el \u00e1mbito bonaerense a todas aquellas propiedades familiares habitadas en forma permanente.<\/p>\n","protected":false},"author":4,"featured_media":0,"comment_status":"open","ping_status":"open","sticky":false,"template":"","format":"standard","meta":{"_jetpack_newsletter_access":"","_jetpack_dont_email_post_to_subs":false,"_jetpack_newsletter_tier_id":0,"_jetpack_memberships_contains_paywalled_content":false,"_jetpack_memberships_contains_paid_content":false,"footnotes":""},"categories":[1],"tags":[],"class_list":["post-7227","post","type-post","status-publish","format-standard","hentry","category-sociedad"],"jetpack_featured_media_url":"","jetpack_shortlink":"https:\/\/wp.me\/p2JWE0-1Sz","jetpack-related-posts":[{"id":10703,"url":"https:\/\/www.24baires.com\/?p=10703","url_meta":{"origin":7227,"position":0},"title":"La vivienda \u00fanica y de ocupaci\u00f3n permanente ya es inembargable e inejecutable","author":"Grupo Sierra","date":"28\/12\/2012","format":false,"excerpt":"El gobernador Daniel Scioli promulg\u00f3 hoy la ley 14.432, por el que todo inmueble ubicado en la Provincia destinado a vivienda \u00fanica y de ocupaci\u00f3n permanente, pasa a ser inembargable e inejecutable. Scioli promulg\u00f3 la Ley en el marco de una reuni\u00f3n de trabajo que mantuvo con la ministra de\u2026","rel":"","context":"En \u00abProvincia\u00bb","block_context":{"text":"Provincia","link":"https:\/\/www.24baires.com\/?cat=40"},"img":{"alt_text":"scioli alvarez rodriguez","src":"https:\/\/i0.wp.com\/www.24baires.com\/wp-content\/uploads\/2012\/12\/scioli-alvarez-rodriguez.jpg?resize=350%2C200","width":350,"height":200,"srcset":"https:\/\/i0.wp.com\/www.24baires.com\/wp-content\/uploads\/2012\/12\/scioli-alvarez-rodriguez.jpg?resize=350%2C200 1x, https:\/\/i0.wp.com\/www.24baires.com\/wp-content\/uploads\/2012\/12\/scioli-alvarez-rodriguez.jpg?resize=525%2C300 1.5x"},"classes":[]},{"id":90539,"url":"https:\/\/www.24baires.com\/?p=90539","url_meta":{"origin":7227,"position":1},"title":"El Frente para la Victoria present\u00f3 un proyecto de financiamiento de clubes de barrio","author":"GB","date":"05\/12\/2016","format":false,"excerpt":"La iniciativa corresponde al diputado C\u00e9sar Valicenti. Busca que las entidades reciban una contribuci\u00f3n por parte del Estado provincial. Tambi\u00e9n apunta a fomentar la inclusi\u00f3n juvenil. El bloque de diputados bonaerenses del Frente para la Victoria present\u00f3 un proyecto de ley de Financiamiento de Clubes e Inclusi\u00f3n Juvenil, iniciativa que\u2026","rel":"","context":"En \u00abPol\u00edtica\u00bb","block_context":{"text":"Pol\u00edtica","link":"https:\/\/www.24baires.com\/?cat=51"},"img":{"alt_text":"","src":"","width":0,"height":0},"classes":[]},{"id":44725,"url":"https:\/\/www.24baires.com\/?p=44725","url_meta":{"origin":7227,"position":2},"title":"Desde Lan\u00fas impulsaron el proyecto de Ley de Fomento para los Clubes de Barrio","author":"Grupo Sierra","date":"26\/04\/2014","format":false,"excerpt":"La iniciativa busca que se reconozca el derecho a la formaci\u00f3n de los deportistas iniciados en las entidades barriales, propone una tarifa diferencial en los servicios de luz, gas y agua, declarar inembargables los bienes de los clubes y fomentar el acceso a cr\u00e9ditos blandos, entre otros temas. El intendente\u2026","rel":"","context":"En \u00abMunicipios\u00bb","block_context":{"text":"Municipios","link":"https:\/\/www.24baires.com\/?cat=44"},"img":{"alt_text":"DSC_1088 copia","src":"https:\/\/i0.wp.com\/www.24baires.com\/wp-content\/uploads\/2014\/04\/DSC_1088-copia.jpg?resize=350%2C200","width":350,"height":200,"srcset":"https:\/\/i0.wp.com\/www.24baires.com\/wp-content\/uploads\/2014\/04\/DSC_1088-copia.jpg?resize=350%2C200 1x, https:\/\/i0.wp.com\/www.24baires.com\/wp-content\/uploads\/2014\/04\/DSC_1088-copia.jpg?resize=525%2C300 1.5x"},"classes":[]},{"id":65871,"url":"https:\/\/www.24baires.com\/?p=65871","url_meta":{"origin":7227,"position":3},"title":"La Plata: expropian terrenos para construir un complejo de viviendas","author":"AF","date":"13\/05\/2015","format":false,"excerpt":"La norma, promovida por el senador platense (FpV) Emilio L\u00f3pez Muntaner y respaldada por el vicegobernador bonaerense Gabriel Mariotto, fue aprobada por unanimidad en la C\u00e1mara de Senadores y luego sancionada en la sesi\u00f3n que se realiz\u00f3 en Diputados. La Legislatura de la provincia de Buenos Aires expropi\u00f3 hoy un\u2026","rel":"","context":"En \u00abLocales\u00bb","block_context":{"text":"Locales","link":"https:\/\/www.24baires.com\/?cat=38"},"img":{"alt_text":"","src":"","width":0,"height":0},"classes":[]},{"id":61341,"url":"https:\/\/www.24baires.com\/?p=61341","url_meta":{"origin":7227,"position":4},"title":"Se realiza hoy desde Mar del Plata un nuevo sorteo del ProCreAr","author":"AF","date":"06\/02\/2015","format":false,"excerpt":"Un total de 398.392 familias participar\u00e1n este viernes del 11\u00ba sorteo del programa Procrear que se realizar\u00e1 en Mar del Plata, de los cuales 114.066 corresponden a la provincia de Buenos Aires. El sorteo se llevar\u00e1 a cabo en el NH Provincial de la ciudad balnearia y ser\u00e1 transmitido por\u2026","rel":"","context":"En \u00abSociedad\u00bb","block_context":{"text":"Sociedad","link":"https:\/\/www.24baires.com\/?cat=1"},"img":{"alt_text":"procrear anses","src":"https:\/\/i0.wp.com\/www.24baires.com\/wp-content\/uploads\/2015\/01\/procrear-anses.jpg?resize=350%2C200","width":350,"height":200,"srcset":"https:\/\/i0.wp.com\/www.24baires.com\/wp-content\/uploads\/2015\/01\/procrear-anses.jpg?resize=350%2C200 1x, https:\/\/i0.wp.com\/www.24baires.com\/wp-content\/uploads\/2015\/01\/procrear-anses.jpg?resize=525%2C300 1.5x"},"classes":[]},{"id":46147,"url":"https:\/\/www.24baires.com\/?p=46147","url_meta":{"origin":7227,"position":5},"title":"Beneficiarios del Procrear tendr\u00e1n acceso a terrenos provinciales","author":"Grupo Sierra","date":"16\/05\/2014","format":false,"excerpt":"MAR DEL PLATA- De acuerdo a la Ley de Acceso Justo al H\u00e1bitat, se firm\u00f3 hoy un convenio para facilitar la construcci\u00f3n de viviendas \u00fanicas, familiares y de ocupaci\u00f3n permanente, financiada con pr\u00e9stamos otorgados por el programa PRO.CRE.AR, en lotes de terrenos ubicados en la jurisdicci\u00f3n de la Provincia. La\u2026","rel":"","context":"En \u00abProvincia\u00bb","block_context":{"text":"Provincia","link":"https:\/\/www.24baires.com\/?cat=40"},"img":{"alt_text":"procrear","src":"https:\/\/i0.wp.com\/www.24baires.com\/wp-content\/uploads\/2013\/10\/procrear.jpg?resize=350%2C200","width":350,"height":200,"srcset":"https:\/\/i0.wp.com\/www.24baires.com\/wp-content\/uploads\/2013\/10\/procrear.jpg?resize=350%2C200 1x, https:\/\/i0.wp.com\/www.24baires.com\/wp-content\/uploads\/2013\/10\/procrear.jpg?resize=525%2C300 1.5x"},"classes":[]}],"jetpack_sharing_enabled":true,"jetpack_likes_enabled":true,"_links":{"self":[{"href":"https:\/\/www.24baires.com\/index.php?rest_route=\/wp\/v2\/posts\/7227","targetHints":{"allow":["GET"]}}],"collection":[{"href":"https:\/\/www.24baires.com\/index.php?rest_route=\/wp\/v2\/posts"}],"about":[{"href":"https:\/\/www.24baires.com\/index.php?rest_route=\/wp\/v2\/types\/post"}],"author":[{"embeddable":true,"href":"https:\/\/www.24baires.com\/index.php?rest_route=\/wp\/v2\/users\/4"}],"replies":[{"embeddable":true,"href":"https:\/\/www.24baires.com\/index.php?rest_route=%2Fwp%2Fv2%2Fcomments&post=7227"}],"version-history":[{"count":3,"href":"https:\/\/www.24baires.com\/index.php?rest_route=\/wp\/v2\/posts\/7227\/revisions"}],"predecessor-version":[{"id":7241,"href":"https:\/\/www.24baires.com\/index.php?rest_route=\/wp\/v2\/posts\/7227\/revisions\/7241"}],"wp:attachment":[{"href":"https:\/\/www.24baires.com\/index.php?rest_route=%2Fwp%2Fv2%2Fmedia&parent=7227"}],"wp:term":[{"taxonomy":"category","embeddable":true,"href":"https:\/\/www.24baires.com\/index.php?rest_route=%2Fwp%2Fv2%2Fcategories&post=7227"},{"taxonomy":"post_tag","embeddable":true,"href":"https:\/\/www.24baires.com\/index.php?rest_route=%2Fwp%2Fv2%2Ftags&post=7227"}],"curies":[{"name":"wp","href":"https:\/\/api.w.org\/{rel}","templated":true}]}}