{"id":72259,"date":"2015-09-17T14:00:13","date_gmt":"2015-09-17T17:00:13","guid":{"rendered":"http:\/\/www.24baires.com\/?p=72259"},"modified":"2015-09-17T12:59:28","modified_gmt":"2015-09-17T15:59:28","slug":"cachetazo-a-la-democracia-en-tucuman","status":"publish","type":"post","link":"https:\/\/www.24baires.com\/?p=72259","title":{"rendered":"Cachetazo a la democracia en Tucum\u00e1n"},"content":{"rendered":"<p><img data-recalc-dims=\"1\" loading=\"lazy\" decoding=\"async\" class=\"aligncenter size-full wp-image-72260\" src=\"https:\/\/i0.wp.com\/www.24baires.com\/wp-content\/uploads\/2015\/09\/escrutinio3.jpg?resize=560%2C314\" alt=\"escrutinio3\" width=\"560\" height=\"314\" srcset=\"https:\/\/i0.wp.com\/www.24baires.com\/wp-content\/uploads\/2015\/09\/escrutinio3.jpg?w=560&amp;ssl=1 560w, https:\/\/i0.wp.com\/www.24baires.com\/wp-content\/uploads\/2015\/09\/escrutinio3.jpg?resize=300%2C168&amp;ssl=1 300w\" sizes=\"auto, (max-width: 560px) 100vw, 560px\" \/>Estamos leyendo las novedades del terremoto en Chile. En las redes sociales esos temas explotan. Adem\u00e1s parece que se sinti\u00f3 en varios puntos de Argentina, como en Tucum\u00e1n, Mendoza, C\u00f3rdoba, Buenos Aires e incluso dicen, aunque no me consta, que en Mar del Plata tambi\u00e9n.<!--more--><br \/>\nY en eso estamos cuando nos enteramos que en una provincia la justicia acaba de anular las elecciones que dieron como ganador a Juan Luis Manzur, del Frente para la Victoria, por m\u00e1s del 11% de los votos. Contaron cada uno de los sufragios, luego de que se generara una operaci\u00f3n pol\u00edtica y medi\u00e1tica que intent\u00f3 instalar la idea de un fraude que, luego del escrutinio fino, se comprob\u00f3 que no hab\u00eda existido.<br \/>\nY se me ocurre que si en Tucum\u00e1n sintieron el sismo, no debe haber estado necesariamente relacionado con el temblor que tuvo epicentro en las costas chilenas, sino m\u00e1s bien deben haber sido el efecto del fuerte pu\u00f1etazo que la Corpo Judicial acaba de propinarle a la Democracia. En la boca. De lleno.<br \/>\nPorque si con los votos no se puede, vendr\u00e1n primero los rumores de irregularidades, despu\u00e9s los gritos aturdidores de aquellos que declaman un fraude pero que ni siquiera se toman la molestia de denunciarlo formalmente, total, \u00bfpara qu\u00e9?, si con las tapas de los diarios les alcanza.<br \/>\n\u00bfPara qu\u00e9 molestarse en demostrar que algo puede haberse hecho mal en una elecci\u00f3n? Si con la cadena medi\u00e1tica opositora logran movilizar a miles de los sillones de sus casas, hacerles creer que alguien malvers\u00f3 su voto, que est\u00e1n ocultando una verdad, que les mienten en la cara. Y, de hecho, hay quienes est\u00e1n faltando a la verdad con descaro, y son los mismos que aguijonean insertando dudas, los mismos que con una irresponsabilidad anclada en la desesperaci\u00f3n, instigan un golpe institucional. Y lo logran. La Justicia anula las elecciones, el voto de los tucumanos, la elecci\u00f3n soberana, queda sin efecto en el escritorio corporativo al que s\u00f3lo se sientan un pu\u00f1ado de personas que no fueron electos por nadie. Adem\u00e1s, estos jueces que emitieron este vergonzoso fallo, no est\u00e1n legitimados para hacerlo, ya que la Junta Electoral, \u00f3rgano competente, hab\u00eda dado por ganador a Manzur, luego de, repetimos, contar hasta el \u00faltimo voto.<br \/>\nEs la Junta Electoral quien efectu\u00f3 el escrutinio definitivo, que fue convalidado por todos los fiscales de los partidos participantes, quienes suscribieron las actas, dando como v\u00e1lido ese resultado.<br \/>\nPero no es un tema de legalidad, no pasa por explicar los pasos que se dieron durante todo el acto eleccionario y despu\u00e9s, no pasa por demostrar que todo sucedi\u00f3 en el marco de la ley. Porque eso no les interesa a quienes buscaban instalar la realidad paralela del fraude, que resultaron ser los mismos que quemaron urnas en d\u00eda del comicio.<br \/>\nY estos jueces a quienes no les interesa proteger algo tan valioso como la voluntad popular, se basaron en un informe de Jorge Lanata para redactar esta resoluci\u00f3n que escupe en el ojo de la Democracia. S\u00ed. El informe sensacionalista de un programa de televisi\u00f3n que se dedica pura y exclusivamente a perge\u00f1ar y montar operaciones contra el gobierno nacional. Operaciones que no son informaci\u00f3n, que nunca se comprueban, que quedan en la nada, pero que da\u00f1an, como toda mentira.<br \/>\nQuiz\u00e1 se revierta esta decisi\u00f3n judicial en otra instancia, o se deber\u00e1 votar de nuevo. Pero quienes no s\u00f3lo desconocen la elecci\u00f3n de las mayor\u00edas, sino que tambi\u00e9n desprecian lo \u00e9stas elijen, porque no los elijen a ellos, seguir\u00e1n intentando obturar los procesos democr\u00e1ticos que consolidan candidatos que no les son propios, porque si no pueden ganar en las urnas, buscar\u00e1n ganar en los escritorios judiciales. Y, mientras tanto, vulneran el derecho se elegir y ser elegidos de los tucumanos. Y aunque despu\u00e9s se revierta el fallo, hubo quienes festejaron esas decisiones repudiables, quienes se pararon en algo que saben malo, pero que les sirve a sus fines cuentapropistas. Pase lo que pase no olvidemos eso, porque de eso no se vuelve.<\/p>\n","protected":false},"excerpt":{"rendered":"<p>Estamos leyendo las novedades del terremoto en Chile. En las redes sociales esos temas explotan. Adem\u00e1s parece que se sinti\u00f3 en varios puntos de Argentina, como en Tucum\u00e1n, Mendoza, C\u00f3rdoba, Buenos Aires e incluso dicen, aunque no me consta, que en Mar del Plata tambi\u00e9n.<\/p>\n","protected":false},"author":4,"featured_media":0,"comment_status":"open","ping_status":"open","sticky":false,"template":"","format":"standard","meta":{"_jetpack_newsletter_access":"","_jetpack_dont_email_post_to_subs":false,"_jetpack_newsletter_tier_id":0,"_jetpack_memberships_contains_paywalled_content":false,"_jetpack_memberships_contains_paid_content":false,"footnotes":""},"categories":[64],"tags":[],"class_list":["post-72259","post","type-post","status-publish","format-standard","hentry","category-opinion"],"jetpack_featured_media_url":"","jetpack_shortlink":"https:\/\/wp.me\/p2JWE0-iNt","jetpack-related-posts":[{"id":113221,"url":"https:\/\/www.24baires.com\/?p=113221","url_meta":{"origin":72259,"position":0},"title":"La sobrina de Alperovich ratific\u00f3 su denuncia en Buenos Aires","author":"AF","date":"02\/12\/2019","format":false,"excerpt":"En Tucum\u00e1n, la causa qued\u00f3 caratulada como \"abuso sexual con acceso carnal\". La joven que denunci\u00f3 por abusos sexuales al senador y ex gobernador de Tucum\u00e1n Jos\u00e9 Alperovich, se present\u00f3 ante la justicia porte\u00f1a \u201cpara ratificar su relato sobre los hechos ocurridos en la Ciudad de Buenos Aires y volvi\u00f3\u2026","rel":"","context":"En \u00abSociedad\u00bb","block_context":{"text":"Sociedad","link":"https:\/\/www.24baires.com\/?cat=1"},"img":{"alt_text":"","src":"https:\/\/i0.wp.com\/www.24baires.com\/wp-content\/uploads\/2019\/11\/alperovich.jpg?resize=350%2C200","width":350,"height":200,"srcset":"https:\/\/i0.wp.com\/www.24baires.com\/wp-content\/uploads\/2019\/11\/alperovich.jpg?resize=350%2C200 1x, https:\/\/i0.wp.com\/www.24baires.com\/wp-content\/uploads\/2019\/11\/alperovich.jpg?resize=525%2C300 1.5x"},"classes":[]},{"id":122398,"url":"https:\/\/www.24baires.com\/?p=122398","url_meta":{"origin":72259,"position":1},"title":"Se rompi\u00f3 el pacto de Milei con los gobernadores: El libertario se baj\u00f3 del acto del 9 de julio","author":"GB","date":"09\/07\/2025","format":false,"excerpt":"El vocero presidencial atribuy\u00f3 la decisi\u00f3n a razones clim\u00e1ticas, pero la cancelaci\u00f3n se conoci\u00f3 luego de que varios mandatarios provinciales confirmaran su ausencia en protesta por el recorte de fondos nacionales y el armado de listas en sus distritos. Para evitar el vac\u00edo que le preparaban los gobernadores, el presidente\u2026","rel":"","context":"En \u00abPol\u00edtica\u00bb","block_context":{"text":"Pol\u00edtica","link":"https:\/\/www.24baires.com\/?cat=51"},"img":{"alt_text":"","src":"https:\/\/i0.wp.com\/www.24baires.com\/wp-content\/uploads\/2025\/07\/miei.webp?resize=350%2C200","width":350,"height":200,"srcset":"https:\/\/i0.wp.com\/www.24baires.com\/wp-content\/uploads\/2025\/07\/miei.webp?resize=350%2C200 1x, https:\/\/i0.wp.com\/www.24baires.com\/wp-content\/uploads\/2025\/07\/miei.webp?resize=525%2C300 1.5x, https:\/\/i0.wp.com\/www.24baires.com\/wp-content\/uploads\/2025\/07\/miei.webp?resize=700%2C400 2x"},"classes":[]},{"id":106781,"url":"https:\/\/www.24baires.com\/?p=106781","url_meta":{"origin":72259,"position":2},"title":"En enero, Aerol\u00edneas Argentinas transport\u00f3 un 9% m\u00e1s de pasajeros a Mar del Plata","author":"GB","date":"11\/02\/2019","format":false,"excerpt":"En total, volaron 50.605 personas desde y hacia Buenos Aires, C\u00f3rdoba, Tucum\u00e1n, Mendoza, Rosario y Bah\u00eda Blanca. Aerol\u00edneas Argentinas transport\u00f3 en enero de 2019 un 9% m\u00e1s de pasajeros que el enero anterior. En total, volaron 50.605 personas desde y hacia Buenos Aires, C\u00f3rdoba, Tucum\u00e1n, Mendoza, Rosario y Bah\u00eda Blanca.\u2026","rel":"","context":"En \u00abTurismo\u00bb","block_context":{"text":"Turismo","link":"https:\/\/www.24baires.com\/?cat=69"},"img":{"alt_text":"","src":"https:\/\/i0.wp.com\/www.24baires.com\/wp-content\/uploads\/2017\/04\/aerolineas-argentinas.jpg?resize=350%2C200","width":350,"height":200,"srcset":"https:\/\/i0.wp.com\/www.24baires.com\/wp-content\/uploads\/2017\/04\/aerolineas-argentinas.jpg?resize=350%2C200 1x, https:\/\/i0.wp.com\/www.24baires.com\/wp-content\/uploads\/2017\/04\/aerolineas-argentinas.jpg?resize=525%2C300 1.5x"},"classes":[]},{"id":112051,"url":"https:\/\/www.24baires.com\/?p=112051","url_meta":{"origin":72259,"position":3},"title":"Alberto Fern\u00e1ndez se reuni\u00f3 con la UIA y la CGT","author":"GB","date":"12\/09\/2019","format":false,"excerpt":"El candidato presidencial del Frente de Todos se junt\u00f3 con Miguel Acevedo, de la Uni\u00f3n Industrial Argentina; H\u00e9ctor Daer y el candidato a diputado nacional Sergio Massa. El m\u00e1s votado en las PASO apuesta a un acuerdo para recomponer el salario en lo que ser\u00eda el primer semestre de su\u2026","rel":"","context":"En \u00abPol\u00edtica\u00bb","block_context":{"text":"Pol\u00edtica","link":"https:\/\/www.24baires.com\/?cat=51"},"img":{"alt_text":"","src":"https:\/\/i0.wp.com\/www.24baires.com\/wp-content\/uploads\/2019\/09\/alberto-cgt.jpg?resize=350%2C200","width":350,"height":200,"srcset":"https:\/\/i0.wp.com\/www.24baires.com\/wp-content\/uploads\/2019\/09\/alberto-cgt.jpg?resize=350%2C200 1x, https:\/\/i0.wp.com\/www.24baires.com\/wp-content\/uploads\/2019\/09\/alberto-cgt.jpg?resize=525%2C300 1.5x"},"classes":[]},{"id":107136,"url":"https:\/\/www.24baires.com\/?p=107136","url_meta":{"origin":72259,"position":4},"title":"Muri\u00f3 la beb\u00e9 de la ni\u00f1a violada en Tucum\u00e1n","author":"AF","date":"08\/03\/2019","format":false,"excerpt":"La beb\u00e9 nacida de la ces\u00e1rea practicada a la ni\u00f1a tucumana de 11 a\u00f1os, que hab\u00eda sido violada por la pareja de su abuela muri\u00f3 hoy. As\u00ed lo inform\u00f3 el Hospital Eva Per\u00f3n, cuyas directoras fueron denunciadas penalmente junto a ministra de Salud de Tucum\u00e1n, Rossana Chahla, por incumplir con\u2026","rel":"","context":"En \u00abSociedad\u00bb","block_context":{"text":"Sociedad","link":"https:\/\/www.24baires.com\/?cat=1"},"img":{"alt_text":"","src":"https:\/\/i0.wp.com\/www.24baires.com\/wp-content\/uploads\/2019\/03\/hospital-eva-per%C3%B3n.jpg?resize=350%2C200","width":350,"height":200,"srcset":"https:\/\/i0.wp.com\/www.24baires.com\/wp-content\/uploads\/2019\/03\/hospital-eva-per%C3%B3n.jpg?resize=350%2C200 1x, https:\/\/i0.wp.com\/www.24baires.com\/wp-content\/uploads\/2019\/03\/hospital-eva-per%C3%B3n.jpg?resize=525%2C300 1.5x"},"classes":[]},{"id":113106,"url":"https:\/\/www.24baires.com\/?p=113106","url_meta":{"origin":72259,"position":5},"title":"Alperovich habl\u00f3 sobre la denuncia por violaci\u00f3n y expuso a la v\u00edctima","author":"AF","date":"22\/11\/2019","format":false,"excerpt":"La mujer, que tiene 29 a\u00f1os, denunci\u00f3 en la justicia al senador tucumano y ex gobernador por ataques ocurridos entre 2017 y 2019, mientras fue su colaboradora. La sobrina segunda del senador tucumano Jos\u00e9 Alperovich, que lo denunci\u00f3 por violaci\u00f3n, tendr\u00e1 custodia policial mientras se da inicio a las investigaciones\u2026","rel":"","context":"En \u00abPol\u00edtica\u00bb","block_context":{"text":"Pol\u00edtica","link":"https:\/\/www.24baires.com\/?cat=51"},"img":{"alt_text":"","src":"https:\/\/i0.wp.com\/www.24baires.com\/wp-content\/uploads\/2019\/11\/alperovich.jpg?resize=350%2C200","width":350,"height":200,"srcset":"https:\/\/i0.wp.com\/www.24baires.com\/wp-content\/uploads\/2019\/11\/alperovich.jpg?resize=350%2C200 1x, https:\/\/i0.wp.com\/www.24baires.com\/wp-content\/uploads\/2019\/11\/alperovich.jpg?resize=525%2C300 1.5x"},"classes":[]}],"jetpack_sharing_enabled":true,"jetpack_likes_enabled":true,"_links":{"self":[{"href":"https:\/\/www.24baires.com\/index.php?rest_route=\/wp\/v2\/posts\/72259","targetHints":{"allow":["GET"]}}],"collection":[{"href":"https:\/\/www.24baires.com\/index.php?rest_route=\/wp\/v2\/posts"}],"about":[{"href":"https:\/\/www.24baires.com\/index.php?rest_route=\/wp\/v2\/types\/post"}],"author":[{"embeddable":true,"href":"https:\/\/www.24baires.com\/index.php?rest_route=\/wp\/v2\/users\/4"}],"replies":[{"embeddable":true,"href":"https:\/\/www.24baires.com\/index.php?rest_route=%2Fwp%2Fv2%2Fcomments&post=72259"}],"version-history":[{"count":1,"href":"https:\/\/www.24baires.com\/index.php?rest_route=\/wp\/v2\/posts\/72259\/revisions"}],"predecessor-version":[{"id":72261,"href":"https:\/\/www.24baires.com\/index.php?rest_route=\/wp\/v2\/posts\/72259\/revisions\/72261"}],"wp:attachment":[{"href":"https:\/\/www.24baires.com\/index.php?rest_route=%2Fwp%2Fv2%2Fmedia&parent=72259"}],"wp:term":[{"taxonomy":"category","embeddable":true,"href":"https:\/\/www.24baires.com\/index.php?rest_route=%2Fwp%2Fv2%2Fcategories&post=72259"},{"taxonomy":"post_tag","embeddable":true,"href":"https:\/\/www.24baires.com\/index.php?rest_route=%2Fwp%2Fv2%2Ftags&post=72259"}],"curies":[{"name":"wp","href":"https:\/\/api.w.org\/{rel}","templated":true}]}}