{"id":7213,"date":"2012-11-29T13:30:34","date_gmt":"2012-11-29T16:30:34","guid":{"rendered":"http:\/\/www.24baires.com\/?p=7213"},"modified":"2012-11-29T13:30:34","modified_gmt":"2012-11-29T16:30:34","slug":"calificaron-de-inadmisible-y-repudiable-haber-dado-por-muerto-a-un-bebe-en-pilar","status":"publish","type":"post","link":"https:\/\/www.24baires.com\/?p=7213","title":{"rendered":"Calificaron de \u00abinadmisible y repudiable\u00bb haber dado por muerto a un beb\u00e9 en Pilar"},"content":{"rendered":"<p>El director del hospital \u00abJuan Sanguinetti\u00bb, del partido de Pilar, Gustavo Niotti, consider\u00f3 \u00abinadmisible\u00bb y \u00abrepudiable\u00bb que se haya dado por muerto a un beb\u00e9 prematuro que naci\u00f3 en ese centro de salud.<!--more--><br \/>\n\u00abEs un hecho inadmisible y repudiable\u00bb, manifest\u00f3 este jueves Niotti, al tiempo que indic\u00f3 que el beb\u00e9 naci\u00f3 el 18 de noviembre y \u00abse encuentra en grave estado, con pron\u00f3stico reservado\u00bb.<br \/>\nEn di\u00e1logo con C5N, la m\u00e1xima autoridad del hospital sostuvo que a la \u00abginec\u00f3loga que asisti\u00f3 el parto se le inici\u00f3 un sumario\u00bb, porque \u00abdebi\u00f3 seguir un protocolo\u00bb indicado para estos casos.<br \/>\nNiotti explic\u00f3 que el beb\u00e9 \u00abse encuentra en grave estado con un pron\u00f3stico reservado\u00bb, pero dijo que la maternidad municipal donde lo est\u00e1n atendiendo \u00abest\u00e1 altamente calificada para llevar a buen t\u00e9rmino el desarrollo, seguimiento y crecimiento de la criatura\u00bb.<br \/>\nCalific\u00f3 al hecho como \u00abinadmisible y altamente repudiable\u00bb y dijo que ya se le inici\u00f3 un sumario administrativo a la profesional que intervino en el caso, a quien preventivamente se la apart\u00f3 del cargo.<br \/>\nAl ser consultado sobre el descargo que realiz\u00f3 la profesional dijo que \u00abno hay nada que pueda rescatarse\u00bb del escrito, aunque se\u00f1al\u00f3 que ya fue analizado por \u00e9l y ahora est\u00e1 siendo analizado por el Departamento Legal de la Municipalidad de Pilar.<br \/>\nAsegur\u00f3 que en el caso \u00abno se cumplieron los procedimientos que indican los manuales\u00bb y dijo que el beb\u00e9 \u00abdebe recepcionarse con una pediatra al lado\u00bb.<br \/>\n\u00abEran elementos que la profesional ten\u00eda a mano porque la guardia del hospital tiene un equipo compuesto por un especialista en ginecolog\u00eda, 2 cirujanos, 2 traumat\u00f3logos y 2 pediatras, una de ellas neonat\u00f3loga\u00bb, indic\u00f3.<br \/>\nApunt\u00f3 que el hospital cuenta adem\u00e1s con un Comit\u00e9 de Crisis \u00abal que tambi\u00e9n se pudo haber comprometido porque est\u00e1 las 24 horas de guardia activa y pasiva\u00bb.<br \/>\n\u00abAqu\u00ed lo que no priv\u00f3 es el sentido com\u00fan y la utilizaci\u00f3n del protocolo\u00bb, indic\u00f3.<br \/>\nNo obstante, Niotti afirm\u00f3 que la profesional \u00abpodr\u00e1 ejercer su derecho a descargo y defensa\u00bb, aunque insisti\u00f3 en que \u00abno podemos permitir que esto ocurra en el partido de Pilar\u00bb.<\/p>\n","protected":false},"excerpt":{"rendered":"<p>El director del hospital \u00abJuan Sanguinetti\u00bb, del partido de Pilar, Gustavo Niotti, consider\u00f3 \u00abinadmisible\u00bb y \u00abrepudiable\u00bb que se haya dado por muerto a un beb\u00e9 prematuro que naci\u00f3 en ese centro de salud.<\/p>\n","protected":false},"author":4,"featured_media":0,"comment_status":"open","ping_status":"open","sticky":false,"template":"","format":"standard","meta":{"_jetpack_newsletter_access":"","_jetpack_dont_email_post_to_subs":false,"_jetpack_newsletter_tier_id":0,"_jetpack_memberships_contains_paywalled_content":false,"_jetpack_memberships_contains_paid_content":false,"footnotes":""},"categories":[1],"tags":[],"class_list":["post-7213","post","type-post","status-publish","format-standard","hentry","category-sociedad"],"jetpack_featured_media_url":"","jetpack_shortlink":"https:\/\/wp.me\/p2JWE0-1Sl","jetpack-related-posts":[{"id":8558,"url":"https:\/\/www.24baires.com\/?p=8558","url_meta":{"origin":7213,"position":0},"title":"La madre del beb\u00e9 que fue dado por muerto al nacer quiere que sea atendido en el Garraham","author":"AF","date":"10\/12\/2012","format":false,"excerpt":"Santino Franco, el beb\u00e9 que hace tres semanas naci\u00f3 prematuro y fue inicialmente dado por muerto, contin\u00faa en estado cr\u00edtico en un hospital de Pilar, y su mam\u00e1, Gisele, quiere que sea trasladado al hospital nacional de pediatr\u00eda Garraham, en la Capital Federal. \"Quiero llevarlo a un lugar que est\u00e9\u2026","rel":"","context":"En \u00abSociedad\u00bb","block_context":{"text":"Sociedad","link":"https:\/\/www.24baires.com\/?cat=1"},"img":{"alt_text":"","src":"https:\/\/i0.wp.com\/www.24baires.com\/wp-content\/uploads\/2012\/12\/mam%C3%A1-santino-300x128.jpg?resize=350%2C200","width":350,"height":200},"classes":[]},{"id":33428,"url":"https:\/\/www.24baires.com\/?p=33428","url_meta":{"origin":7213,"position":1},"title":"Gioja contin\u00faa grave, pero estable","author":"AF","date":"12\/10\/2013","format":false,"excerpt":"Jos\u00e9 Luis Gioja sigue \"grave con pron\u00f3stico reservado\", seg\u00fan el parte m\u00e9dico dado a las 10.50 por el director del Hospital Rawson, Armando Rosales, donde est\u00e1 internado en terapia intensiva. El m\u00e9dico indic\u00f3 que \"despu\u00e9s de la segunda operaci\u00f3n por continuidad del sangrado interno, el gobernador no tuvo cambios y\u2026","rel":"","context":"En \u00abPol\u00edtica\u00bb","block_context":{"text":"Pol\u00edtica","link":"https:\/\/www.24baires.com\/?cat=51"},"img":{"alt_text":"","src":"","width":0,"height":0},"classes":[]},{"id":29593,"url":"https:\/\/www.24baires.com\/?p=29593","url_meta":{"origin":7213,"position":2},"title":"Aseguran que \u00abreacciona muy bien\u00bb la mujer embarazada baleada en Berisso","author":"AF","date":"06\/08\/2013","format":false,"excerpt":"Mery Vidal Borda, de 31 a\u00f1os, ingres\u00f3 con graves heridas y los m\u00e9dicos del Hospital Larra\u00edn debieron practicarle una ces\u00e1rea, pero el beb\u00e9 muri\u00f3. \"Est\u00e1 reaccionando muy bien\u201d la mujer a la que anoche le dispararon estando embarazada de seis meses, lo que oblig\u00f3 a practicarle una ces\u00e1rea con el\u2026","rel":"","context":"En \u00abPoliciales\u00bb","block_context":{"text":"Policiales","link":"https:\/\/www.24baires.com\/?cat=49"},"img":{"alt_text":"polic\u00eda","src":"https:\/\/i0.wp.com\/www.24baires.com\/wp-content\/uploads\/2013\/08\/polic%C3%ADa.jpg?resize=350%2C200","width":350,"height":200},"classes":[]},{"id":46577,"url":"https:\/\/www.24baires.com\/?p=46577","url_meta":{"origin":7213,"position":3},"title":"Ensenada: detuvieron a una pareja acusada de golpear a sus hijos de tres meses","author":"GB","date":"23\/05\/2014","format":false,"excerpt":"Los beb\u00e9s gemelos, un nene y una nena, llegaron al hospital de Ni\u00f1os de La Plata derivados del hospital Cestino de Ensenada, por las m\u00faltiples quebraduras que presentaban en distintas partes del cuerpo. La nena presentaba una \"hemorragia subaracnoidea en el cerebro y fracturas de f\u00e9mur derecho, costales, tibia, peron\u00e9,\u2026","rel":"","context":"En \u00abPoliciales\u00bb","block_context":{"text":"Policiales","link":"https:\/\/www.24baires.com\/?cat=49"},"img":{"alt_text":"","src":"","width":0,"height":0},"classes":[]},{"id":116210,"url":"https:\/\/www.24baires.com\/?p=116210","url_meta":{"origin":7213,"position":4},"title":"Profesionales de la Salud exigen paritarias","author":"GB","date":"14\/09\/2020","format":false,"excerpt":"Desde la CICOP calificaron como \"extorsiva\" la protesta policial y reclamaron un tratamiento salarial en igualdad de condiciones para el resto de los sectores estatales Tras calificar la protesta de la polic\u00eda como \"extorsiva\", desde CICOP advirtieron que \"se hace inadmisible la falta de convocatoria paritaria a los profesionales de\u2026","rel":"","context":"En \u00abProvincia\u00bb","block_context":{"text":"Provincia","link":"https:\/\/www.24baires.com\/?cat=40"},"img":{"alt_text":"","src":"https:\/\/i0.wp.com\/www.24baires.com\/wp-content\/uploads\/2020\/06\/cicop.jpg?resize=350%2C200","width":350,"height":200,"srcset":"https:\/\/i0.wp.com\/www.24baires.com\/wp-content\/uploads\/2020\/06\/cicop.jpg?resize=350%2C200 1x, https:\/\/i0.wp.com\/www.24baires.com\/wp-content\/uploads\/2020\/06\/cicop.jpg?resize=525%2C300 1.5x"},"classes":[]},{"id":26148,"url":"https:\/\/www.24baires.com\/?p=26148","url_meta":{"origin":7213,"position":5},"title":"Operaron en La Plata exitosamente a un beb\u00e9 gemelo con malformaci\u00f3n en el coraz\u00f3n","author":"Grupo Sierra","date":"16\/06\/2013","format":false,"excerpt":"En el hospital Sor Mar\u00eda Ludovica de La Plata, el equipo de cardiocirug\u00eda oper\u00f3 con \u00e9xito a un beb\u00e9 gemelo prematuro que naci\u00f3 con mil 750 gramos de peso y una cardiopat\u00eda que pod\u00eda causarle la muerte. Luego de la operaci\u00f3n, que dur\u00f3 m\u00e1s de ocho horas, el beb\u00e9 continua\u2026","rel":"","context":"En \u00abLocales\u00bb","block_context":{"text":"Locales","link":"https:\/\/www.24baires.com\/?cat=38"},"img":{"alt_text":"hospital sor maria ludovica","src":"https:\/\/i0.wp.com\/www.24baires.com\/wp-content\/uploads\/2013\/06\/hospital-sor-maria-ludovica-300x190.jpg?resize=350%2C200","width":350,"height":200},"classes":[]}],"jetpack_sharing_enabled":true,"jetpack_likes_enabled":true,"_links":{"self":[{"href":"https:\/\/www.24baires.com\/index.php?rest_route=\/wp\/v2\/posts\/7213","targetHints":{"allow":["GET"]}}],"collection":[{"href":"https:\/\/www.24baires.com\/index.php?rest_route=\/wp\/v2\/posts"}],"about":[{"href":"https:\/\/www.24baires.com\/index.php?rest_route=\/wp\/v2\/types\/post"}],"author":[{"embeddable":true,"href":"https:\/\/www.24baires.com\/index.php?rest_route=\/wp\/v2\/users\/4"}],"replies":[{"embeddable":true,"href":"https:\/\/www.24baires.com\/index.php?rest_route=%2Fwp%2Fv2%2Fcomments&post=7213"}],"version-history":[{"count":3,"href":"https:\/\/www.24baires.com\/index.php?rest_route=\/wp\/v2\/posts\/7213\/revisions"}],"predecessor-version":[{"id":7216,"href":"https:\/\/www.24baires.com\/index.php?rest_route=\/wp\/v2\/posts\/7213\/revisions\/7216"}],"wp:attachment":[{"href":"https:\/\/www.24baires.com\/index.php?rest_route=%2Fwp%2Fv2%2Fmedia&parent=7213"}],"wp:term":[{"taxonomy":"category","embeddable":true,"href":"https:\/\/www.24baires.com\/index.php?rest_route=%2Fwp%2Fv2%2Fcategories&post=7213"},{"taxonomy":"post_tag","embeddable":true,"href":"https:\/\/www.24baires.com\/index.php?rest_route=%2Fwp%2Fv2%2Ftags&post=7213"}],"curies":[{"name":"wp","href":"https:\/\/api.w.org\/{rel}","templated":true}]}}