{"id":721,"date":"2012-09-30T18:37:43","date_gmt":"2012-09-30T21:37:43","guid":{"rendered":"http:\/\/www.24baires.com\/?p=721"},"modified":"2012-09-30T18:37:43","modified_gmt":"2012-09-30T21:37:43","slug":"plenario-de-la-coalicion-por-una-radiodifusion-democratica-de-cara-a-la-plena-vigencia-de-la-ley-de-medios","status":"publish","type":"post","link":"https:\/\/www.24baires.com\/?p=721","title":{"rendered":"Plenario de la Coalici\u00f3n por una Radiodifusi\u00f3n Democr\u00e1tica de cara a la plena vigencia de la Ley de Medios"},"content":{"rendered":"<p>La Coalici\u00f3n por una Radiodifusi\u00f3n Democr\u00e1tica debatir\u00e1 el pr\u00f3ximo martes, en un plenario federal, las medidas en respaldo a la plena aplicaci\u00f3n de la Ley de Servicios de Comunicaci\u00f3n Audiovisual.<!--more--><br \/>\nEl plenario tendr\u00e1 lugar a las 14 en la sede de la Asociaci\u00f3n Argentina de Actores, Alsina 1762 de la Capital Federal.<br \/>\nUno de los objetivos ser\u00e1 discutir las medidas de acci\u00f3n y esclarecimiento sobre lo que implica la definitiva aplicaci\u00f3n de la Ley de Servicios de Comunicaci\u00f3n Audiovisual y la fecha del 7 de diciembre, plazo dado por la Corte Suprema de Justicia para que los medios concentrados cumplan con la cl\u00e1usula de desinversi\u00f3n.<br \/>\n\u00abDurante el plenario, la Coalici\u00f3n tambi\u00e9n analizar\u00e1 la mejor forma de participar de las tareas que se impulsar\u00e1n en el AFSCA a partir de la designaci\u00f3n de Mart\u00edn Sabatella al frente del organismo\u00bb, se\u00f1alaron los organizadores en un comunicado.<br \/>\nAgregaron que \u00abla postulaci\u00f3n se considera positiva para las acciones que deben desarrollarse tanto para la desmonopolizaci\u00f3n como para la incorporaci\u00f3n de nuevos actores, en vista de la creaci\u00f3n de un nuevo mapa de medios. Para ello se estudiar\u00e1n los posicionamientos que vayan llegando de las provincias\u00bb.<br \/>\nIntegran la Coalici\u00f3n organizaciones como la Asociaci\u00f3n Argentina de Actores, Cositmecos, Sindicato Unico de Publicidad, Fecooptv, Asociaci\u00f3n de Radiodifusoras bonaerenses y del interior, Uni\u00f3n de M\u00fasicos Independientes y Foro Argentino de Radios Comunitarias, entre otros.<\/p>\n","protected":false},"excerpt":{"rendered":"<p>La Coalici\u00f3n por una Radiodifusi\u00f3n Democr\u00e1tica debatir\u00e1 el pr\u00f3ximo martes, en un plenario federal, las medidas en respaldo a la plena aplicaci\u00f3n de la Ley de Servicios de Comunicaci\u00f3n Audiovisual.<\/p>\n","protected":false},"author":11,"featured_media":0,"comment_status":"open","ping_status":"open","sticky":false,"template":"","format":"standard","meta":{"_jetpack_newsletter_access":"","_jetpack_dont_email_post_to_subs":false,"_jetpack_newsletter_tier_id":0,"_jetpack_memberships_contains_paywalled_content":false,"_jetpack_memberships_contains_paid_content":false,"footnotes":""},"categories":[54],"tags":[],"class_list":["post-721","post","type-post","status-publish","format-standard","hentry","category-medios"],"jetpack_featured_media_url":"","jetpack_shortlink":"https:\/\/wp.me\/p2JWE0-bD","jetpack-related-posts":[{"id":1621,"url":"https:\/\/www.24baires.com\/?p=1621","url_meta":{"origin":721,"position":0},"title":"Ley de Medios: \u00abHay sectores que quieren desconocer decisiones democr\u00e1ticas\u00bb","author":"AF","date":"10\/10\/2012","format":false,"excerpt":"Al cumplirse tres a\u00f1os de la ley, el titular del Consejo Federal de Comunicaci\u00f3n Audiovisual, Pedro B\u00e1ez, critic\u00f3 a los sectores que las desconocen . La Presidenta encabezar\u00e1 el acto por el aniversario. El flamante titular del Consejo Federal de Comunicaci\u00f3n Audiovisual (COFECA), Pedro B\u00e1ez, critic\u00f3 a los sectores que\u2026","rel":"","context":"En \u00abMedios\u00bb","block_context":{"text":"Medios","link":"https:\/\/www.24baires.com\/?cat=54"},"img":{"alt_text":"","src":"","width":0,"height":0},"classes":[]},{"id":121270,"url":"https:\/\/www.24baires.com\/?p=121270","url_meta":{"origin":721,"position":1},"title":"Milei consigui\u00f3 dictamen para la reforma fiscal","author":"GB","date":"26\/04\/2024","format":false,"excerpt":"Con el respaldo del PRO y otros bloques minoritarios, el oficialismo consigui\u00f3 27 firmas para el proyecto que se tratar\u00e1 desde el lunes pr\u00f3ximo junto a la Ley \u00d3mnibus. Como se inform\u00f3, el oficialismo logr\u00f3 este jueves emitir dictamen de mayor\u00eda para el proyecto de Ley \u00d3mnibus y la iniciativa\u2026","rel":"","context":"En \u00abPol\u00edtica\u00bb","block_context":{"text":"Pol\u00edtica","link":"https:\/\/www.24baires.com\/?cat=51"},"img":{"alt_text":"","src":"https:\/\/i0.wp.com\/www.24baires.com\/wp-content\/uploads\/2024\/04\/dip.webp?resize=350%2C200","width":350,"height":200,"srcset":"https:\/\/i0.wp.com\/www.24baires.com\/wp-content\/uploads\/2024\/04\/dip.webp?resize=350%2C200 1x, https:\/\/i0.wp.com\/www.24baires.com\/wp-content\/uploads\/2024\/04\/dip.webp?resize=525%2C300 1.5x, https:\/\/i0.wp.com\/www.24baires.com\/wp-content\/uploads\/2024\/04\/dip.webp?resize=700%2C400 2x"},"classes":[]},{"id":1024,"url":"https:\/\/www.24baires.com\/?p=1024","url_meta":{"origin":721,"position":2},"title":"Sabbatella se reuni\u00f3 con la Coalici\u00f3n por una Comunicaci\u00f3n Democr\u00e1tica","author":"Grupo Sierra","date":"04\/10\/2012","format":false,"excerpt":"El titular de la Autoridad Federal de Servicios de Comunicaci\u00f3n Audiovisual (AFSCA), Mart\u00edn Sabbatella, se reuni\u00f3 hoy con integrantes de la Coalici\u00f3n por una Comunicaci\u00f3n Democr\u00e1tica quienes ratificaron su \u201ccompromiso con el cumplimiento de la Ley de Servicios de Comunicaci\u00f3n Audiovisual\u201d. Luego de la reuni\u00f3n, Sabbatella afirm\u00f3 que con la\u2026","rel":"","context":"En \u00abMedios\u00bb","block_context":{"text":"Medios","link":"https:\/\/www.24baires.com\/?cat=54"},"img":{"alt_text":"","src":"","width":0,"height":0},"classes":[]},{"id":120897,"url":"https:\/\/www.24baires.com\/?p=120897","url_meta":{"origin":721,"position":3},"title":"El gobierno logr\u00f3 dictamen de Mayor\u00eda y la Ley Omnibus llegar\u00e1 al recinto","author":"GB","date":"24\/01\/2024","format":false,"excerpt":"El oficialismo tuvo el apoyo del PRO, la UCR y Hacemos Coalici\u00f3n Federal, que de todas maneras manifestaron algunas disidencias \"parciales\" al proyecto. Esta madrugada, el oficialismo de la C\u00e1mara de Diputados logr\u00f3 un dictamen de mayor\u00eda respaldado por bloques opositores dialoguistas para la Ley \u00d3mnibus. La iniciativa, que aborda\u2026","rel":"","context":"En \u00abPol\u00edtica\u00bb","block_context":{"text":"Pol\u00edtica","link":"https:\/\/www.24baires.com\/?cat=51"},"img":{"alt_text":"","src":"https:\/\/i0.wp.com\/www.24baires.com\/wp-content\/uploads\/2024\/01\/menem-recinto.jpeg?resize=350%2C200","width":350,"height":200,"srcset":"https:\/\/i0.wp.com\/www.24baires.com\/wp-content\/uploads\/2024\/01\/menem-recinto.jpeg?resize=350%2C200 1x, https:\/\/i0.wp.com\/www.24baires.com\/wp-content\/uploads\/2024\/01\/menem-recinto.jpeg?resize=525%2C300 1.5x, https:\/\/i0.wp.com\/www.24baires.com\/wp-content\/uploads\/2024\/01\/menem-recinto.jpeg?resize=700%2C400 2x"},"classes":[]},{"id":24110,"url":"https:\/\/www.24baires.com\/?p=24110","url_meta":{"origin":721,"position":4},"title":"Ottaviano en Los \u00c1ngeles: \u00abLa Ley de Medios no tiene que quedar en letras de molde\u00bb","author":"Grupo Sierra","date":"22\/05\/2013","format":false,"excerpt":"La Defensora del P\u00fablico, en Los \u00c1ngeles, EEUU, form\u00f3 parte por primera vez de la asamblea anual de la Organization of News Ombudsmen (ONO) junto a defensores de medios audiovisuales y escritos de 25 pa\u00edses. Muchos elogios para el trabajo de la Defensor\u00eda en la Argentina. Jeffrey Dvorkin, director ejecutivo\u2026","rel":"","context":"En \u00abMedios\u00bb","block_context":{"text":"Medios","link":"https:\/\/www.24baires.com\/?cat=54"},"img":{"alt_text":"Ottaviano Cynthia","src":"https:\/\/i0.wp.com\/www.24baires.com\/wp-content\/uploads\/2012\/12\/Ottaviano-Cynthia-300x225.jpg?resize=350%2C200","width":350,"height":200},"classes":[]},{"id":90207,"url":"https:\/\/www.24baires.com\/?p=90207","url_meta":{"origin":721,"position":5},"title":"Ley de Medios: el Gobierno lanza el Consejo Federal de Comunicaciones","author":"GB","date":"24\/11\/2016","format":false,"excerpt":"Seg\u00fan informan desde el ministerio de Comunicaciones, tendr\u00e1 entre sus funciones colaborar y asesorar en el dise\u00f1o de las pol\u00edticas p\u00fablicas para las tecnolog\u00edas de la informaci\u00f3n y las comunicaciones y de radiodifusi\u00f3n. El Gobierno anunci\u00f3 el lanzamiento el lanzamiento del Consejo Federal de Comunicaciones, que tendr\u00e1 como como objetivo,\u2026","rel":"","context":"En \u00abMedios\u00bb","block_context":{"text":"Medios","link":"https:\/\/www.24baires.com\/?cat=54"},"img":{"alt_text":"aguad intervenci\u00f3n afsca","src":"https:\/\/i0.wp.com\/www.24baires.com\/wp-content\/uploads\/2015\/12\/aguad-intervenci%C3%B3n-afsca-300x169.png?resize=350%2C200","width":350,"height":200},"classes":[]}],"jetpack_sharing_enabled":true,"jetpack_likes_enabled":true,"_links":{"self":[{"href":"https:\/\/www.24baires.com\/index.php?rest_route=\/wp\/v2\/posts\/721","targetHints":{"allow":["GET"]}}],"collection":[{"href":"https:\/\/www.24baires.com\/index.php?rest_route=\/wp\/v2\/posts"}],"about":[{"href":"https:\/\/www.24baires.com\/index.php?rest_route=\/wp\/v2\/types\/post"}],"author":[{"embeddable":true,"href":"https:\/\/www.24baires.com\/index.php?rest_route=\/wp\/v2\/users\/11"}],"replies":[{"embeddable":true,"href":"https:\/\/www.24baires.com\/index.php?rest_route=%2Fwp%2Fv2%2Fcomments&post=721"}],"version-history":[{"count":0,"href":"https:\/\/www.24baires.com\/index.php?rest_route=\/wp\/v2\/posts\/721\/revisions"}],"wp:attachment":[{"href":"https:\/\/www.24baires.com\/index.php?rest_route=%2Fwp%2Fv2%2Fmedia&parent=721"}],"wp:term":[{"taxonomy":"category","embeddable":true,"href":"https:\/\/www.24baires.com\/index.php?rest_route=%2Fwp%2Fv2%2Fcategories&post=721"},{"taxonomy":"post_tag","embeddable":true,"href":"https:\/\/www.24baires.com\/index.php?rest_route=%2Fwp%2Fv2%2Ftags&post=721"}],"curies":[{"name":"wp","href":"https:\/\/api.w.org\/{rel}","templated":true}]}}