{"id":7208,"date":"2012-11-29T19:00:27","date_gmt":"2012-11-29T22:00:27","guid":{"rendered":"http:\/\/www.24baires.com\/?p=7208"},"modified":"2012-11-29T16:57:13","modified_gmt":"2012-11-29T19:57:13","slug":"foro-de-medios-en-azul","status":"publish","type":"post","link":"https:\/\/www.24baires.com\/?p=7208","title":{"rendered":"Foro de Medios en Azul"},"content":{"rendered":"<p>Este viernes 30 se realizar\u00e1 en Azul un Foro Popular y Abierto por la plena aplicaci\u00f3n de la Ley de Medios, bajo el lema \u201cEl 7D todos dentro de la Ley\u201d. <!--more--><br \/>\nOrganizado por ARBIA, IMFC, Red PAR, AraMdP y FecoopTV, el foro se desarrollar\u00e1 en el recinto del Honorable Concejo Deliberante de Azul, Yrigoyen 424, a partir de las 19.<br \/>\nCon entrada libre y gratuita, se debatir\u00e1 acerca de la aplicaci\u00f3n plena de la Ley de Servicios de Comunicaci\u00f3n Audiovisual<\/p>\n","protected":false},"excerpt":{"rendered":"<p>Este viernes 30 se realizar\u00e1 en Azul un Foro Popular y Abierto por la plena aplicaci\u00f3n de la Ley de Medios, bajo el lema \u201cEl 7D todos dentro de la Ley\u201d.<\/p>\n","protected":false},"author":4,"featured_media":0,"comment_status":"open","ping_status":"open","sticky":false,"template":"","format":"standard","meta":{"_jetpack_newsletter_access":"","_jetpack_dont_email_post_to_subs":false,"_jetpack_newsletter_tier_id":0,"_jetpack_memberships_contains_paywalled_content":false,"_jetpack_memberships_contains_paid_content":false,"footnotes":""},"categories":[54],"tags":[],"class_list":["post-7208","post","type-post","status-publish","format-standard","hentry","category-medios"],"jetpack_featured_media_url":"","jetpack_shortlink":"https:\/\/wp.me\/p2JWE0-1Sg","jetpack-related-posts":[{"id":6315,"url":"https:\/\/www.24baires.com\/?p=6315","url_meta":{"origin":7208,"position":0},"title":"Foro de Medios en Mar del Plata dentro del marco del Festival de Cine","author":"AF","date":"21\/11\/2012","format":false,"excerpt":"Este jueves 22 se realizar\u00e1 en Mar del Plata un Foro Popular y Abierto por la plena aplicaci\u00f3n de la Ley de Medios, bajo el lema \"El 7D todos dentro de la Ley\".\u00a0 Organizado por ARBIA, IMFC, Red PAR, AraMdP y FecoopTV, el foro se desarrollar\u00e1 en las instalaciones del\u2026","rel":"","context":"En \u00abMedios\u00bb","block_context":{"text":"Medios","link":"https:\/\/www.24baires.com\/?cat=54"},"img":{"alt_text":"","src":"","width":0,"height":0},"classes":[]},{"id":5340,"url":"https:\/\/www.24baires.com\/?p=5340","url_meta":{"origin":7208,"position":1},"title":"Foro Popular sobre la Ley de Medios en Mar del Plata","author":"Grupo Sierra","date":"13\/11\/2012","format":false,"excerpt":"Tal como se vienen realizando en todos los rincones del pa\u00eds, este mi\u00e9rcoles en la ciudad balnearia se realizar\u00e1 otro Foro de cara al denominado 7D. \u00a0 El Foro Popular sobre la Ley de Medios en Mar del Plata por la aplicaci\u00f3n de la ley se realizar\u00e1 este Mi\u00e9rcoles 14,\u2026","rel":"","context":"En \u00abMedios\u00bb","block_context":{"text":"Medios","link":"https:\/\/www.24baires.com\/?cat=54"},"img":{"alt_text":"","src":"","width":0,"height":0},"classes":[]},{"id":721,"url":"https:\/\/www.24baires.com\/?p=721","url_meta":{"origin":7208,"position":2},"title":"Plenario de la Coalici\u00f3n por una Radiodifusi\u00f3n Democr\u00e1tica de cara a la plena vigencia de la Ley de Medios","author":"Grupo Sierra","date":"30\/09\/2012","format":false,"excerpt":"La Coalici\u00f3n por una Radiodifusi\u00f3n Democr\u00e1tica debatir\u00e1 el pr\u00f3ximo martes, en un plenario federal, las medidas en respaldo a la plena aplicaci\u00f3n de la Ley de Servicios de Comunicaci\u00f3n Audiovisual. El plenario tendr\u00e1 lugar a las 14 en la sede de la Asociaci\u00f3n Argentina de Actores, Alsina 1762 de la\u2026","rel":"","context":"En \u00abMedios\u00bb","block_context":{"text":"Medios","link":"https:\/\/www.24baires.com\/?cat=54"},"img":{"alt_text":"","src":"","width":0,"height":0},"classes":[]},{"id":56644,"url":"https:\/\/www.24baires.com\/?p=56644","url_meta":{"origin":7208,"position":3},"title":"La nueva herramienta de WhatsApp que te delata","author":"Grupo Sierra","date":"05\/11\/2014","format":false,"excerpt":"La nueva actualizaci\u00f3n de la aplicaci\u00f3n permite saber si los mensajes son o no le\u00eddos mediante la utilizaci\u00f3n del color azul en las dos tildes. Hasta ahora el WhatsApp informaba el \u00faltimo horario en que una persona lo hab\u00eda revisado y eso generaba algunas problemas de comunicaci\u00f3n puesto que algunos\u2026","rel":"","context":"En \u00abTecnolog\u00eda\u00bb","block_context":{"text":"Tecnolog\u00eda","link":"https:\/\/www.24baires.com\/?cat=46"},"img":{"alt_text":"whatsapp","src":"https:\/\/i0.wp.com\/www.24baires.com\/wp-content\/uploads\/2014\/04\/whatsapp1.jpg?resize=350%2C200","width":350,"height":200,"srcset":"https:\/\/i0.wp.com\/www.24baires.com\/wp-content\/uploads\/2014\/04\/whatsapp1.jpg?resize=350%2C200 1x, https:\/\/i0.wp.com\/www.24baires.com\/wp-content\/uploads\/2014\/04\/whatsapp1.jpg?resize=525%2C300 1.5x"},"classes":[]},{"id":7638,"url":"https:\/\/www.24baires.com\/?p=7638","url_meta":{"origin":7208,"position":4},"title":"El Foro de Medios en Azul se transmiti\u00f3 por primera vez por la Antena de TV Municipal","author":"Grupo Sierra","date":"02\/12\/2012","format":false,"excerpt":"Con la presencia del Consejero, del Consejo Federal de Comunicaci\u00f3n Audiovisual, Osvaldo Franc\u00e9s, presidente de Asociaci\u00f3n de Radiodifusoras Bonaerenses y del Interior de la Rep\u00fablica Argentina (ARBIA) y de la Confederaci\u00f3n de Radios y Medios de Comunicaci\u00f3n CoRaMeCO, se realiz\u00f3 en la ciudad de Azul un nuevo foro para esclarecer\u2026","rel":"","context":"En \u00abMedios\u00bb","block_context":{"text":"Medios","link":"https:\/\/www.24baires.com\/?cat=54"},"img":{"alt_text":"","src":"https:\/\/i0.wp.com\/www.24baires.com\/wp-content\/uploads\/2012\/12\/foro-azul-7D-300x225.jpg?resize=350%2C200","width":350,"height":200},"classes":[]},{"id":34461,"url":"https:\/\/www.24baires.com\/?p=34461","url_meta":{"origin":7208,"position":5},"title":"\u00abEl fallo de la Corte demuestra que fuimos escuchados\u00bb, asegur\u00f3 Ottaviano","author":"AF","date":"01\/11\/2013","format":false,"excerpt":"La Defensora del P\u00fablico de Servicios de Comunicaci\u00f3n Audiovisual manifest\u00f3 hoy en Bariloche su alegr\u00eda por la declaraci\u00f3n de constitucionalidad de la Corte Suprema de la Ley de Medios. \"El punto saliente del fallo apunta a que esto se trata de una mera cuesti\u00f3n patrimonial, y que la ley y\u2026","rel":"","context":"En \u00abMedios\u00bb","block_context":{"text":"Medios","link":"https:\/\/www.24baires.com\/?cat=54"},"img":{"alt_text":"Ottaviano Cynthia","src":"https:\/\/i0.wp.com\/www.24baires.com\/wp-content\/uploads\/2012\/12\/Ottaviano-Cynthia.jpg?resize=350%2C200","width":350,"height":200,"srcset":"https:\/\/i0.wp.com\/www.24baires.com\/wp-content\/uploads\/2012\/12\/Ottaviano-Cynthia.jpg?resize=350%2C200 1x, https:\/\/i0.wp.com\/www.24baires.com\/wp-content\/uploads\/2012\/12\/Ottaviano-Cynthia.jpg?resize=525%2C300 1.5x"},"classes":[]}],"jetpack_sharing_enabled":true,"jetpack_likes_enabled":true,"_links":{"self":[{"href":"https:\/\/www.24baires.com\/index.php?rest_route=\/wp\/v2\/posts\/7208","targetHints":{"allow":["GET"]}}],"collection":[{"href":"https:\/\/www.24baires.com\/index.php?rest_route=\/wp\/v2\/posts"}],"about":[{"href":"https:\/\/www.24baires.com\/index.php?rest_route=\/wp\/v2\/types\/post"}],"author":[{"embeddable":true,"href":"https:\/\/www.24baires.com\/index.php?rest_route=\/wp\/v2\/users\/4"}],"replies":[{"embeddable":true,"href":"https:\/\/www.24baires.com\/index.php?rest_route=%2Fwp%2Fv2%2Fcomments&post=7208"}],"version-history":[{"count":3,"href":"https:\/\/www.24baires.com\/index.php?rest_route=\/wp\/v2\/posts\/7208\/revisions"}],"predecessor-version":[{"id":7244,"href":"https:\/\/www.24baires.com\/index.php?rest_route=\/wp\/v2\/posts\/7208\/revisions\/7244"}],"wp:attachment":[{"href":"https:\/\/www.24baires.com\/index.php?rest_route=%2Fwp%2Fv2%2Fmedia&parent=7208"}],"wp:term":[{"taxonomy":"category","embeddable":true,"href":"https:\/\/www.24baires.com\/index.php?rest_route=%2Fwp%2Fv2%2Fcategories&post=7208"},{"taxonomy":"post_tag","embeddable":true,"href":"https:\/\/www.24baires.com\/index.php?rest_route=%2Fwp%2Fv2%2Ftags&post=7208"}],"curies":[{"name":"wp","href":"https:\/\/api.w.org\/{rel}","templated":true}]}}