{"id":7197,"date":"2012-11-29T18:15:47","date_gmt":"2012-11-29T21:15:47","guid":{"rendered":"http:\/\/www.24baires.com\/?p=7197"},"modified":"2012-11-29T16:54:29","modified_gmt":"2012-11-29T19:54:29","slug":"osvaldo-bayer-se-integra-al-instituto-dorrego","status":"publish","type":"post","link":"https:\/\/www.24baires.com\/?p=7197","title":{"rendered":"Osvaldo Bayer se integra al Instituto Dorrego"},"content":{"rendered":"<p><img data-recalc-dims=\"1\" loading=\"lazy\" decoding=\"async\" class=\"alignleft size-medium wp-image-7198\" title=\"bayer\" src=\"https:\/\/i0.wp.com\/www.24baires.com\/wp-content\/uploads\/2012\/11\/bayer.jpg?resize=300%2C205\" alt=\"\" width=\"300\" height=\"205\" srcset=\"https:\/\/i0.wp.com\/www.24baires.com\/wp-content\/uploads\/2012\/11\/bayer.jpg?resize=300%2C205&amp;ssl=1 300w, https:\/\/i0.wp.com\/www.24baires.com\/wp-content\/uploads\/2012\/11\/bayer.jpg?w=456&amp;ssl=1 456w\" sizes=\"auto, (max-width: 300px) 100vw, 300px\" \/>Este jueves 29 de noviembre a las 19, el destacado historiador e intelectual, Osvaldo Bayer, ser\u00e1 nombrado Miembro de Honor del Instituto Nacional de Revisionismo Hist\u00f3rico Argentino e Iberoamericano Manuel Dorrego.<!--more--> Tambi\u00e9n brindar\u00e1 un di\u00e1logo abierto con los participantes del encuentro.<\/p>\n<p>El evento contar\u00e1 con la presencia del Presidente del Instituto Pacho O\u00b4Donnell, quien brindar\u00e1 la menci\u00f3n al homenajeado. Con entrada libre y gratuita, quienes quieran participar podr\u00e1n acercarse a Rodr\u00edguez Pe\u00f1a 356, Capital Federal.<\/p>\n","protected":false},"excerpt":{"rendered":"<p>Este jueves 29 de noviembre a las 19, el destacado historiador e intelectual, Osvaldo Bayer, ser\u00e1 nombrado Miembro de Honor del Instituto Nacional de Revisionismo Hist\u00f3rico Argentino e Iberoamericano Manuel Dorrego.<\/p>\n","protected":false},"author":4,"featured_media":0,"comment_status":"open","ping_status":"open","sticky":false,"template":"","format":"standard","meta":{"_jetpack_newsletter_access":"","_jetpack_dont_email_post_to_subs":false,"_jetpack_newsletter_tier_id":0,"_jetpack_memberships_contains_paywalled_content":false,"_jetpack_memberships_contains_paid_content":false,"footnotes":""},"categories":[1],"tags":[],"class_list":["post-7197","post","type-post","status-publish","format-standard","hentry","category-sociedad"],"jetpack_featured_media_url":"","jetpack_shortlink":"https:\/\/wp.me\/p2JWE0-1S5","jetpack-related-posts":[{"id":57006,"url":"https:\/\/www.24baires.com\/?p=57006","url_meta":{"origin":7197,"position":0},"title":"Comenz\u00f3 la octava feria del libro de Florencio Varela","author":"GB","date":"12\/11\/2014","format":false,"excerpt":"El evento tendr\u00e1 la entrada libre y gratuita y habr\u00e1 diversas actividades, como debates, conferencias, talleres participativos, presentaciones de libros, capacitaciones, caf\u00e9 literario y actividades educativas-recreativas. Adem\u00e1s, se estar\u00e1n presentando Osvaldo Bayer, Dar\u00edo Sztajnszrajber y Rocambole. La octava Feria del Libro de Florencio Varela comenz\u00f3 ayer y se llevar\u00e1 a\u2026","rel":"","context":"En \u00abSociedad\u00bb","block_context":{"text":"Sociedad","link":"https:\/\/www.24baires.com\/?cat=1"},"img":{"alt_text":"feria del libro fv","src":"https:\/\/i0.wp.com\/www.24baires.com\/wp-content\/uploads\/2014\/11\/feria-del-libro-fv.jpg?resize=350%2C200","width":350,"height":200,"srcset":"https:\/\/i0.wp.com\/www.24baires.com\/wp-content\/uploads\/2014\/11\/feria-del-libro-fv.jpg?resize=350%2C200 1x, https:\/\/i0.wp.com\/www.24baires.com\/wp-content\/uploads\/2014\/11\/feria-del-libro-fv.jpg?resize=525%2C300 1.5x"},"classes":[]},{"id":6261,"url":"https:\/\/www.24baires.com\/?p=6261","url_meta":{"origin":7197,"position":1},"title":"El historiador Osvaldo Bayer disertar\u00e1 en Jun\u00edn","author":"AF","date":"21\/11\/2012","format":false,"excerpt":"Ser\u00e1 el viernes 23 a las 20, como parte de las actividades de la C\u00e1tedra Libre \"Periodismo y participaci\u00f3n gremial\" de la Asociaci\u00f3n de Periodistas del Noroeste Bonaerense (APENOBA), que se dicta en la Universidad Nacional del Noroeste Bonaerense (UNNOBA). Como parte de las actividades programadas por la C\u00e1tedra Libre\u2026","rel":"","context":"En \u00abLocales\u00bb","block_context":{"text":"Locales","link":"https:\/\/www.24baires.com\/?cat=38"},"img":{"alt_text":"","src":"","width":0,"height":0},"classes":[]},{"id":6338,"url":"https:\/\/www.24baires.com\/?p=6338","url_meta":{"origin":7197,"position":2},"title":"Osvaldo Bayer y el nombre de Rauch","author":"AF","date":"22\/11\/2012","format":false,"excerpt":"La c\u00e1lida tarde del mi\u00e9rcoles no fue impedimento para que una gran y variada audiencia se diera cita a las 14 en el SUM del Club Botafogo de Rauch para presenciar el lanzamiento nacional de la Campa\u00f1a \"Ni Genocidas, ni explotadores, ni represores\" de CTA. Y cuando nos referimos a\u2026","rel":"","context":"En \u00abLocales\u00bb","block_context":{"text":"Locales","link":"https:\/\/www.24baires.com\/?cat=38"},"img":{"alt_text":"","src":"","width":0,"height":0},"classes":[]},{"id":97472,"url":"https:\/\/www.24baires.com\/?p=97472","url_meta":{"origin":7197,"position":3},"title":"Cristina se reuni\u00f3 con Bayer y hablaron sobre la desaparici\u00f3n de Santiago Maldonado","author":"AF","date":"15\/09\/2017","format":false,"excerpt":"La ex presidenta y candidata a senadora por Unidad Ciudadana, Cristina Fern\u00e1ndez, se reuni\u00f3 hoy con el escritor e historiador Osvaldo Bayer, en su casa del barrio porte\u00f1o de Belgrano, donde abordaron temas de actualidad, como la situaci\u00f3n econ\u00f3mica del pa\u00eds y la desaparici\u00f3n del joven Santiago Maldonado. Fern\u00e1ndez de\u2026","rel":"","context":"En \u00abPol\u00edtica\u00bb","block_context":{"text":"Pol\u00edtica","link":"https:\/\/www.24baires.com\/?cat=51"},"img":{"alt_text":"","src":"https:\/\/i0.wp.com\/www.24baires.com\/wp-content\/uploads\/2017\/09\/cristina-bayer.jpg?resize=350%2C200","width":350,"height":200,"srcset":"https:\/\/i0.wp.com\/www.24baires.com\/wp-content\/uploads\/2017\/09\/cristina-bayer.jpg?resize=350%2C200 1x, https:\/\/i0.wp.com\/www.24baires.com\/wp-content\/uploads\/2017\/09\/cristina-bayer.jpg?resize=525%2C300 1.5x"},"classes":[]},{"id":7478,"url":"https:\/\/www.24baires.com\/?p=7478","url_meta":{"origin":7197,"position":4},"title":"Realizan marcha para quitar la figura de Roca de monumentos y paseos p\u00fablicos","author":"AF","date":"01\/12\/2012","format":false,"excerpt":"Integrantes de pueblos originarios iniciaron en el partido bonaerense de Quilmes una movilizaci\u00f3n que busca quitar la figura del ex presidente Roca de monumentos y paseos p\u00fablicos. De la movilizaci\u00f3n participan tambi\u00e9n integrantes de la Central de Trabajadores Argentinos (CTA), del Suteba y el historiador y periodista Osvaldo Bayer. La\u2026","rel":"","context":"En \u00abSociedad\u00bb","block_context":{"text":"Sociedad","link":"https:\/\/www.24baires.com\/?cat=1"},"img":{"alt_text":"","src":"","width":0,"height":0},"classes":[]},{"id":23407,"url":"https:\/\/www.24baires.com\/?p=23407","url_meta":{"origin":7197,"position":5},"title":"Se acerca la primera feria del libro platense","author":"AF","date":"13\/05\/2013","format":false,"excerpt":"Tendr\u00e1 lugar en el Pasaje Dardo Rocha. La entrada ser\u00e1 libre y gratuita. Participar\u00e1n m\u00e1s de 90 editoriales, escritores locales y disertantes de renombre. Desde el 24 de mayo hasta el 2 de junio se realizar\u00e1 la primera edici\u00f3n de la Feria del Libro de La Plata en el Pasaje\u2026","rel":"","context":"En \u00abLocales\u00bb","block_context":{"text":"Locales","link":"https:\/\/www.24baires.com\/?cat=38"},"img":{"alt_text":"","src":"","width":0,"height":0},"classes":[]}],"jetpack_sharing_enabled":true,"jetpack_likes_enabled":true,"_links":{"self":[{"href":"https:\/\/www.24baires.com\/index.php?rest_route=\/wp\/v2\/posts\/7197","targetHints":{"allow":["GET"]}}],"collection":[{"href":"https:\/\/www.24baires.com\/index.php?rest_route=\/wp\/v2\/posts"}],"about":[{"href":"https:\/\/www.24baires.com\/index.php?rest_route=\/wp\/v2\/types\/post"}],"author":[{"embeddable":true,"href":"https:\/\/www.24baires.com\/index.php?rest_route=\/wp\/v2\/users\/4"}],"replies":[{"embeddable":true,"href":"https:\/\/www.24baires.com\/index.php?rest_route=%2Fwp%2Fv2%2Fcomments&post=7197"}],"version-history":[{"count":3,"href":"https:\/\/www.24baires.com\/index.php?rest_route=\/wp\/v2\/posts\/7197\/revisions"}],"predecessor-version":[{"id":7242,"href":"https:\/\/www.24baires.com\/index.php?rest_route=\/wp\/v2\/posts\/7197\/revisions\/7242"}],"wp:attachment":[{"href":"https:\/\/www.24baires.com\/index.php?rest_route=%2Fwp%2Fv2%2Fmedia&parent=7197"}],"wp:term":[{"taxonomy":"category","embeddable":true,"href":"https:\/\/www.24baires.com\/index.php?rest_route=%2Fwp%2Fv2%2Fcategories&post=7197"},{"taxonomy":"post_tag","embeddable":true,"href":"https:\/\/www.24baires.com\/index.php?rest_route=%2Fwp%2Fv2%2Ftags&post=7197"}],"curies":[{"name":"wp","href":"https:\/\/api.w.org\/{rel}","templated":true}]}}