{"id":7194,"date":"2012-11-29T10:05:36","date_gmt":"2012-11-29T13:05:36","guid":{"rendered":"http:\/\/www.24baires.com\/?p=7194"},"modified":"2012-11-29T12:15:15","modified_gmt":"2012-11-29T15:15:15","slug":"trenque-lauquen-tiene-su-museo-criollo","status":"publish","type":"post","link":"https:\/\/www.24baires.com\/?p=7194","title":{"rendered":"Trenque Lauquen tiene su museo criollo"},"content":{"rendered":"<p>Fue formalmente inaugurado el Museo Criollo de Trenque Lauquen, ubicado en calle Marconi 350. Se trata de una iniciativa privada que el artista tradicionalista Juan Carlos Artigas confeccion\u00f3 en su propio hogar.<!--more--><br \/>\nLa ceremonia inaugural cont\u00f3 con la presencia del intendente Ra\u00fal Feito; el director de Cultura Municipal, Francisco Rossi; otros funcionarios de la comuna; encargados de museos; historiadores; representantes de diferentes instituciones y agrupaciones tradicionalistas de Trenque Lauquen y la zona (quienes llegaron a caballo hasta el domicilio de Artigas) y vecinos en general que se acercaron a conocer la interesante propuesta de este nuevo espacio hist\u00f3rico.<\/p>\n<p>El mismo presenta una variedad de objetos utilizados por el hombre de campo durante las primeras d\u00e9cadas del siglo XX, adem\u00e1s de colecciones en miniatura representativas de la actividad del gaucho que el propio Artigas supo utilizar en diferentes disertaciones brindadas en escuelas.<\/p>\n","protected":false},"excerpt":{"rendered":"<p>Fue formalmente inaugurado el Museo Criollo de Trenque Lauquen, ubicado en calle Marconi 350. Se trata de una iniciativa privada que el artista tradicionalista Juan Carlos Artigas confeccion\u00f3 en su propio hogar.<\/p>\n","protected":false},"author":4,"featured_media":0,"comment_status":"open","ping_status":"open","sticky":false,"template":"","format":"standard","meta":{"_jetpack_newsletter_access":"","_jetpack_dont_email_post_to_subs":false,"_jetpack_newsletter_tier_id":0,"_jetpack_memberships_contains_paywalled_content":false,"_jetpack_memberships_contains_paid_content":false,"footnotes":""},"categories":[38],"tags":[],"class_list":["post-7194","post","type-post","status-publish","format-standard","hentry","category-locales"],"jetpack_featured_media_url":"","jetpack_shortlink":"https:\/\/wp.me\/p2JWE0-1S2","jetpack-related-posts":[{"id":114265,"url":"https:\/\/www.24baires.com\/?p=114265","url_meta":{"origin":7194,"position":0},"title":"El gobierno decret\u00f3 la emergencia agropecuaria en Trenque Lauquen y General Villegas","author":"GB","date":"02\/03\/2020","format":false,"excerpt":"El gobierno bonaerense public\u00f3 en el Bolet\u00edn Oficial la declaraci\u00f3n de emergencia en la zona norte de la provincia. La emergencia fue prorrogada para el partido de Trenque Lauquen. El gobierno de la Provincia decret\u00f3 el estado de emergencia agropecuaria en la zona de General Villegas y el partido de\u2026","rel":"","context":"En \u00abProvincia\u00bb","block_context":{"text":"Provincia","link":"https:\/\/www.24baires.com\/?cat=40"},"img":{"alt_text":"","src":"https:\/\/i0.wp.com\/www.24baires.com\/wp-content\/uploads\/2013\/01\/trenque-lauquen-inundado.png?resize=350%2C200","width":350,"height":200},"classes":[]},{"id":101730,"url":"https:\/\/www.24baires.com\/?p=101730","url_meta":{"origin":7194,"position":1},"title":"Sesi\u00f3n por emergencia tarifaria termin\u00f3 con agresiones a ediles en Trenque Lauqen","author":"GB","date":"22\/04\/2018","format":false,"excerpt":"La primera sesi\u00f3n del a\u00f1o en el Concejo Deliberante de Trenque Lauquen termin\u00f3 ayer con una in\u00e9dita trifulca que incluy\u00f3 insultos y agresiones f\u00edsicas contra ediles de Cambiemos, luego de que esa fuerza pol\u00edtica frustrara la aprobaci\u00f3n de un proyecto de resoluci\u00f3n del kirchnerismo para declarar la emergencia tarifaria en\u2026","rel":"","context":"En \u00abMunicipios\u00bb","block_context":{"text":"Municipios","link":"https:\/\/www.24baires.com\/?cat=44"},"img":{"alt_text":"","src":"https:\/\/i0.wp.com\/www.24baires.com\/wp-content\/uploads\/2018\/04\/sesion-trenque-launquen-300x200.jpeg?resize=350%2C200","width":350,"height":200},"classes":[]},{"id":115501,"url":"https:\/\/www.24baires.com\/?p=115501","url_meta":{"origin":7194,"position":2},"title":"Trenque Lauquen aprob\u00f3 su propio impuesto a la riqueza","author":"GB","date":"30\/06\/2020","format":false,"excerpt":"El Concejo Deliberante apro\u00f3 una contribuci\u00f3n extraordinaria para las grandes fortunas. Los fondos recaudados ser\u00e1n utilizados para enfrentar la pandemia por coronavirus. \"Montar un centro extrahospitalario y que la gente est\u00e9 en buenas condiciones, sale plata\", argument\u00f3 el jefe comunal de Juntos por el Cambio, Miguel Fern\u00e1ndez. El distrito de\u2026","rel":"","context":"En \u00abMunicipios\u00bb","block_context":{"text":"Municipios","link":"https:\/\/www.24baires.com\/?cat=44"},"img":{"alt_text":"","src":"https:\/\/i0.wp.com\/www.24baires.com\/wp-content\/uploads\/2020\/06\/trenque-lauquen-300x188.jpg?resize=350%2C200","width":350,"height":200},"classes":[]},{"id":115721,"url":"https:\/\/www.24baires.com\/?p=115721","url_meta":{"origin":7194,"position":3},"title":"Confirman la llegada del Covid-19 a Pehuaj\u00f3","author":"GB","date":"23\/07\/2020","format":false,"excerpt":"El primero de los tres contagios confirmados ser\u00eda un penitenciario que contrajo la enfermedad en la unidad 20 de Trenque Lauquen A trav\u00e9s de su cuenta de Twitter, el intendente de Pehuaj\u00f3, Pablo Zurro, confirm\u00f3 que se identificaron 3 casos positivos de COVID-19 en ese distrito y adelant\u00f3 que este\u2026","rel":"","context":"En \u00abMunicipios\u00bb","block_context":{"text":"Municipios","link":"https:\/\/www.24baires.com\/?cat=44"},"img":{"alt_text":"","src":"https:\/\/i0.wp.com\/www.24baires.com\/wp-content\/uploads\/2020\/07\/intentente-pehuajo.jpg?resize=350%2C200","width":350,"height":200,"srcset":"https:\/\/i0.wp.com\/www.24baires.com\/wp-content\/uploads\/2020\/07\/intentente-pehuajo.jpg?resize=350%2C200 1x, https:\/\/i0.wp.com\/www.24baires.com\/wp-content\/uploads\/2020\/07\/intentente-pehuajo.jpg?resize=525%2C300 1.5x"},"classes":[]},{"id":2904,"url":"https:\/\/www.24baires.com\/?p=2904","url_meta":{"origin":7194,"position":4},"title":"Encuentran ca\u00f1\u00f3n de casi 900 kilos en obra en construcci\u00f3n en Trenque Lauquen","author":"AF","date":"22\/10\/2012","format":false,"excerpt":"Un ca\u00f1\u00f3n de principios del siglo XIX, similar a los que se encuentran en el Museo de la Comandancia, fue hallado d\u00edas pasados en una obra en construcci\u00f3n ubicada en calle Oro entre Villegas y Roca (frente al CEF 18) de Trenque Lauquen. A partir de este hallazgo se iniciaron\u2026","rel":"","context":"En \u00abLocales\u00bb","block_context":{"text":"Locales","link":"https:\/\/www.24baires.com\/?cat=38"},"img":{"alt_text":"","src":"","width":0,"height":0},"classes":[]},{"id":119029,"url":"https:\/\/www.24baires.com\/?p=119029","url_meta":{"origin":7194,"position":5},"title":"Kicillof sostuvo que la econom\u00eda \u201ccrece, pero no se distribuye en todos los sectores\u201d","author":"GB","date":"29\/06\/2022","format":false,"excerpt":"El gobernador de la Provincia, Axel Kicillof, estuvo presente en Trenque Lauquen para inaugurar las obras de refacci\u00f3n integral de la Escuela Primaria N\u00b0 1, y all\u00ed apunto contra la distribuci\u00f3n de la riqueza. Este martes, el gobernador de la Provincia, Axel Kicillof, encabez\u00f3 el acto de inauguraci\u00f3n de las\u2026","rel":"","context":"En \u00abProvincia\u00bb","block_context":{"text":"Provincia","link":"https:\/\/www.24baires.com\/?cat=40"},"img":{"alt_text":"","src":"https:\/\/i0.wp.com\/www.24baires.com\/wp-content\/uploads\/2022\/06\/2022_06_28-AK-T-Lauquen-Escuela-Primaria-N1__SGE1948-1024x683-1.jpg?resize=350%2C200","width":350,"height":200,"srcset":"https:\/\/i0.wp.com\/www.24baires.com\/wp-content\/uploads\/2022\/06\/2022_06_28-AK-T-Lauquen-Escuela-Primaria-N1__SGE1948-1024x683-1.jpg?resize=350%2C200 1x, https:\/\/i0.wp.com\/www.24baires.com\/wp-content\/uploads\/2022\/06\/2022_06_28-AK-T-Lauquen-Escuela-Primaria-N1__SGE1948-1024x683-1.jpg?resize=525%2C300 1.5x, https:\/\/i0.wp.com\/www.24baires.com\/wp-content\/uploads\/2022\/06\/2022_06_28-AK-T-Lauquen-Escuela-Primaria-N1__SGE1948-1024x683-1.jpg?resize=700%2C400 2x"},"classes":[]}],"jetpack_sharing_enabled":true,"jetpack_likes_enabled":true,"_links":{"self":[{"href":"https:\/\/www.24baires.com\/index.php?rest_route=\/wp\/v2\/posts\/7194","targetHints":{"allow":["GET"]}}],"collection":[{"href":"https:\/\/www.24baires.com\/index.php?rest_route=\/wp\/v2\/posts"}],"about":[{"href":"https:\/\/www.24baires.com\/index.php?rest_route=\/wp\/v2\/types\/post"}],"author":[{"embeddable":true,"href":"https:\/\/www.24baires.com\/index.php?rest_route=\/wp\/v2\/users\/4"}],"replies":[{"embeddable":true,"href":"https:\/\/www.24baires.com\/index.php?rest_route=%2Fwp%2Fv2%2Fcomments&post=7194"}],"version-history":[{"count":2,"href":"https:\/\/www.24baires.com\/index.php?rest_route=\/wp\/v2\/posts\/7194\/revisions"}],"predecessor-version":[{"id":7196,"href":"https:\/\/www.24baires.com\/index.php?rest_route=\/wp\/v2\/posts\/7194\/revisions\/7196"}],"wp:attachment":[{"href":"https:\/\/www.24baires.com\/index.php?rest_route=%2Fwp%2Fv2%2Fmedia&parent=7194"}],"wp:term":[{"taxonomy":"category","embeddable":true,"href":"https:\/\/www.24baires.com\/index.php?rest_route=%2Fwp%2Fv2%2Fcategories&post=7194"},{"taxonomy":"post_tag","embeddable":true,"href":"https:\/\/www.24baires.com\/index.php?rest_route=%2Fwp%2Fv2%2Ftags&post=7194"}],"curies":[{"name":"wp","href":"https:\/\/api.w.org\/{rel}","templated":true}]}}