{"id":7187,"date":"2012-11-29T11:59:35","date_gmt":"2012-11-29T14:59:35","guid":{"rendered":"http:\/\/www.24baires.com\/?p=7187"},"modified":"2012-11-29T12:01:39","modified_gmt":"2012-11-29T15:01:39","slug":"declaran-inconstitucional-la-norma-que-castiga-el-cultivo-de-marihuana-para-consumo-personal","status":"publish","type":"post","link":"https:\/\/www.24baires.com\/?p=7187","title":{"rendered":"Declaran inconstitucional la norma que castiga cultivar marihuana para consumo personal"},"content":{"rendered":"<p><img data-recalc-dims=\"1\" loading=\"lazy\" decoding=\"async\" class=\"alignleft size-medium wp-image-7188\" title=\"marihuana personal\" src=\"https:\/\/i0.wp.com\/www.24baires.com\/wp-content\/uploads\/2012\/11\/marihuana-personal.jpg?resize=300%2C225\" alt=\"\" width=\"300\" height=\"225\" srcset=\"https:\/\/i0.wp.com\/www.24baires.com\/wp-content\/uploads\/2012\/11\/marihuana-personal.jpg?resize=300%2C225&amp;ssl=1 300w, https:\/\/i0.wp.com\/www.24baires.com\/wp-content\/uploads\/2012\/11\/marihuana-personal.jpg?w=400&amp;ssl=1 400w\" sizes=\"auto, (max-width: 300px) 100vw, 300px\" \/>Lo dispuso la <strong>C\u00e1mara Federal<\/strong> de<strong> La Plata<\/strong>. El tribunal orden\u00f3 el sobreseimiento de una pareja, a quienes se les incautaron nueve plantas en un vivero de su propiedad. Seg\u00fan la resoluci\u00f3n, <strong>la conducta se encuadra dentro del \u00e1mbito de las acciones privadas<\/strong>.<!--more--><br \/>\nLa Sala II de la C\u00e1mara Federal de La Plata declar\u00f3, por mayor\u00eda, la inconstitucionalidad del pen\u00faltimo p\u00e1rrafo del art\u00edculo 5\u00b0 de la ley 23.737, que castiga a quien siembre o cultive plantas o guarde semillas utilizables para producir estupefacientes para consumo personal, por considerar que esa situaci\u00f3n se encuadra dentro del \u00e1mbito de las acciones privadas protegidas por el art\u00edculo 19 de la Constituci\u00f3n Nacional.<\/p>\n<p>En consecuencia, declar\u00f3 el sobreseimiento de una pareja a quien se le hab\u00eda secuestrado plantas de marihuana y semillas que se encontraban un vivero de su propiedad, ubicado en el partido de Ensenada, provincia de Buenos Aires.<br \/>\nEn el caso, durante un procedimiento policial realizado en dicho establecimiento y en la vivienda de los acusados, un hombre y una mujer, ambos licenciados en ciencias naturales, se les incautaron nueve plantas de marihuana, un envase de cart\u00f3n en cuyo interior se hallaban ramas y hojas de la misma planta, un frasco con 55 semillas de cannabis sativa linneo y una gavilla de ramas tambi\u00e9n de marihuana. Ambos fueron procesados por el delito previsto en el art\u00edculo 5\u00b0, inciso a, de la ley 23.737, en la modalidad de cultivo de plantas y guarda de semillas utilizables para producir estupefacientes.<br \/>\nEsa decisi\u00f3n fue apelada por la defensa, quien hab\u00eda entendido que existe es un error tratar a las plantas como si fuesen ya materiales producidos, lo cual conduce al juez de primera instancia a atribuir la tenencia de 81.745 dosis umbrales, cuando en realidad s\u00f3lo ten\u00edan una cantidad de marihuana que razonablemente se puede considerar destinada al propio uso.<br \/>\nAsimismo, hab\u00eda indicado que en cuanto a la calificaci\u00f3n cabr\u00eda encuadrar el hecho en la figura del art\u00edculo 14, segundo p\u00e1rrafo, de aquella ley (tenencia de estupefacientes destinados al consumo personal), por lo que solicit\u00f3 que se declare la inconstitucionalidad de esa norma sobre la base de los argumentos fijados por la Corte en el caso \u201cArriola\u201d.<br \/>\nSeg\u00fan el voto del camarista C\u00e9sar \u00c1lvarez, a cuya conclusi\u00f3n adhiri\u00f3 el juez Leopoldo Schiffrin (la minor\u00eda estuvo representada por la magistrada Olga Calitri), no hay dudas de que la sustancia en cuesti\u00f3n estaba destinada al consumo personal de los imputados. Y que por ello, sumado a las dem\u00e1s circunstancias del caso, se debe encuadrar el hecho en el pen\u00faltimo p\u00e1rrafo del art\u00edculo 5\u00b0 de esa ley.<br \/>\n\u201cLa conducta descripta tiene una \u00fanica posibilidad que es el consumo personal, y en consecuencia, no existe otro destinatario m\u00e1s all\u00e1 del autor, de los efectos de dicha conducta\u201d, asegur\u00f3 \u00c1lvarez. Y agreg\u00f3: \u201cNo es, de ninguna manera, compatible con la letra y el objetivo de la primera frase del art\u00edculo 19 CN, que se imponga una sanci\u00f3n por tal conducta\u201d.<br \/>\n\u201cNo hay posibilidad de evitar la declaraci\u00f3n de inconstitucionalidad de la norma bajo an\u00e1lisis, toda vez que de su propia redacci\u00f3n y de toda posible interpretaci\u00f3n resulta una clara afectaci\u00f3n del principio consagrado en la letra expresa del art\u00edculo 19 de la Constituci\u00f3n Nacional\u201d, indic\u00f3.<br \/>\nEn ese marco, dijo que \u201cen el \u00e1mbito de la autonom\u00eda privada nos encontramos con la capacidad de cada individuo de definir su propio proyecto de vida, de elaborar sus propias reglas de conducta, en definitiva de ser y de hacer consigo mismo lo que mejor le parezca sin interferencias, ni de los otros ni del Estado\u201d.<br \/>\n\u201cNi el legislador como sujeto ideal equiparable al colectivo social, ni los distintos individuos integrantes de ese colectivo, tienen atribuci\u00f3n para legislar sobre las acciones autorreferentes de los otros individuos, justamente porque no existe posibilidad de que las normas as\u00ed establecidas se proyecten sobre sus vidas\u201d, a\u00f1adi\u00f3.<\/p>\n","protected":false},"excerpt":{"rendered":"<p>Lo dispuso la C\u00e1mara Federal de La Plata. El tribunal orden\u00f3 el sobreseimiento de una pareja, a quienes se les incautaron nueve plantas en un vivero de su propiedad. Seg\u00fan la resoluci\u00f3n, la conducta se encuadra dentro del \u00e1mbito de las acciones privadas.<\/p>\n","protected":false},"author":4,"featured_media":0,"comment_status":"open","ping_status":"open","sticky":false,"template":"","format":"standard","meta":{"_jetpack_newsletter_access":"","_jetpack_dont_email_post_to_subs":false,"_jetpack_newsletter_tier_id":0,"_jetpack_memberships_contains_paywalled_content":false,"_jetpack_memberships_contains_paid_content":false,"footnotes":""},"categories":[1],"tags":[],"class_list":["post-7187","post","type-post","status-publish","format-standard","hentry","category-sociedad"],"jetpack_featured_media_url":"","jetpack_shortlink":"https:\/\/wp.me\/p2JWE0-1RV","jetpack-related-posts":[{"id":65583,"url":"https:\/\/www.24baires.com\/?p=65583","url_meta":{"origin":7187,"position":0},"title":"Rechazan la tenencia de drogas para consumo personal en las c\u00e1rceles","author":"GB","date":"08\/05\/2015","format":false,"excerpt":"La C\u00e1mara Federal de Casaci\u00f3n Penal revoc\u00f3 una resoluci\u00f3n que hab\u00eda confirmado el sobreseimiento de un interno de la ex c\u00e1rcel de Villa Devoto a quien se le secuestraron cuatro gramos de coca\u00edna. En el fallo se afirma que ello pod\u00eda afectar a terceros y que no es aplicable en\u2026","rel":"","context":"En \u00abPol\u00edtica\u00bb","block_context":{"text":"Pol\u00edtica","link":"https:\/\/www.24baires.com\/?cat=51"},"img":{"alt_text":"carcel drogas","src":"https:\/\/i0.wp.com\/www.24baires.com\/wp-content\/uploads\/2015\/05\/carcel-drogas.jpg?resize=350%2C200","width":350,"height":200,"srcset":"https:\/\/i0.wp.com\/www.24baires.com\/wp-content\/uploads\/2015\/05\/carcel-drogas.jpg?resize=350%2C200 1x, https:\/\/i0.wp.com\/www.24baires.com\/wp-content\/uploads\/2015\/05\/carcel-drogas.jpg?resize=525%2C300 1.5x"},"classes":[]},{"id":22731,"url":"https:\/\/www.24baires.com\/?p=22731","url_meta":{"origin":7187,"position":1},"title":"En varias ciudades argentinas se realiz\u00f3 la \u00abMarcha Mundial de la Marihuana\u00bb","author":"Grupo Sierra","date":"05\/05\/2013","format":false,"excerpt":"Miles de personas se movilizaron en distintas ciudades argentinas en reclamo de una ley que no penalice a los usuarios y cultivadores de cannabis en el marco de la \"Marcha Mundial de la Marihuana\". \"No queremos m\u00e1s presos por plantar y se debe regularizar el cannabis, pero no a trav\u00e9s\u2026","rel":"","context":"En \u00abSociedad\u00bb","block_context":{"text":"Sociedad","link":"https:\/\/www.24baires.com\/?cat=1"},"img":{"alt_text":"marcha cannabis","src":"https:\/\/i0.wp.com\/www.24baires.com\/wp-content\/uploads\/2013\/05\/marcha-cannabis.jpg?resize=350%2C200","width":350,"height":200,"srcset":"https:\/\/i0.wp.com\/www.24baires.com\/wp-content\/uploads\/2013\/05\/marcha-cannabis.jpg?resize=350%2C200 1x, https:\/\/i0.wp.com\/www.24baires.com\/wp-content\/uploads\/2013\/05\/marcha-cannabis.jpg?resize=525%2C300 1.5x"},"classes":[]},{"id":53936,"url":"https:\/\/www.24baires.com\/?p=53936","url_meta":{"origin":7187,"position":2},"title":"La Justicia dictamin\u00f3 que no es delito tener marihuana en la c\u00e1rcel para consumo","author":"GB","date":"19\/09\/2014","format":false,"excerpt":"Con un fallo dividido, la C\u00e1mara Federal de Casaci\u00f3n Penal consider\u00f3 que no debe penarse la tenencia de droga dentro de la prisi\u00f3n si es para consumo personal. La C\u00e1mara Federal de Casaci\u00f3n Penal consider\u00f3, en fallo dividido, que no debe penarse la tenencia de droga dentro de una c\u00e1rcel\u2026","rel":"","context":"En \u00abSociedad\u00bb","block_context":{"text":"Sociedad","link":"https:\/\/www.24baires.com\/?cat=1"},"img":{"alt_text":"faso","src":"https:\/\/i0.wp.com\/www.24baires.com\/wp-content\/uploads\/2014\/09\/faso.jpg?resize=350%2C200","width":350,"height":200,"srcset":"https:\/\/i0.wp.com\/www.24baires.com\/wp-content\/uploads\/2014\/09\/faso.jpg?resize=350%2C200 1x, https:\/\/i0.wp.com\/www.24baires.com\/wp-content\/uploads\/2014\/09\/faso.jpg?resize=525%2C300 1.5x"},"classes":[]},{"id":121137,"url":"https:\/\/www.24baires.com\/?p=121137","url_meta":{"origin":7187,"position":3},"title":"La Justicia declar\u00f3 inconstitucional la derogaci\u00f3n de la Ley de Tierras","author":"GB","date":"21\/03\/2024","format":false,"excerpt":"La Justicia impuso un freno a la intenci\u00f3n del gobierno de Javier Milei de favorecer la extranjerizaci\u00f3n de tierras sin l\u00edmite. Aseguran que el DNU pone en crisis la integridad territorial y la soberan\u00eda nacional. La Sala III de la C\u00e1mara Federal de La Plata declar\u00f3 este jueves la inconstitucionalidad\u2026","rel":"","context":"En \u00abPol\u00edtica\u00bb","block_context":{"text":"Pol\u00edtica","link":"https:\/\/www.24baires.com\/?cat=51"},"img":{"alt_text":"","src":"https:\/\/i0.wp.com\/www.24baires.com\/wp-content\/uploads\/2024\/03\/milei-serio.webp?resize=350%2C200","width":350,"height":200,"srcset":"https:\/\/i0.wp.com\/www.24baires.com\/wp-content\/uploads\/2024\/03\/milei-serio.webp?resize=350%2C200 1x, https:\/\/i0.wp.com\/www.24baires.com\/wp-content\/uploads\/2024\/03\/milei-serio.webp?resize=525%2C300 1.5x, https:\/\/i0.wp.com\/www.24baires.com\/wp-content\/uploads\/2024\/03\/milei-serio.webp?resize=700%2C400 2x"},"classes":[]},{"id":102558,"url":"https:\/\/www.24baires.com\/?p=102558","url_meta":{"origin":7187,"position":4},"title":"Declararon inconstitucional el aumento de 5,71% y ordenan aplicar un 14,5%","author":"GB","date":"06\/06\/2018","format":false,"excerpt":"La Sala III de la C\u00e1mara Federal de la Seguridad Social estableci\u00f3 que el gobierno nacional de tiene que devolver a jubilados y pensionados lo que le descont\u00f3. La Justicia declar\u00f3 inconstitucional el aumento del 5,71% a jubilados y pensionados aplicado en marzo sobre la base de la nueva ley\u2026","rel":"","context":"En \u00abPol\u00edtica\u00bb","block_context":{"text":"Pol\u00edtica","link":"https:\/\/www.24baires.com\/?cat=51"},"img":{"alt_text":"","src":"https:\/\/i0.wp.com\/www.24baires.com\/wp-content\/uploads\/2017\/12\/jubilados.jpg?resize=350%2C200","width":350,"height":200,"srcset":"https:\/\/i0.wp.com\/www.24baires.com\/wp-content\/uploads\/2017\/12\/jubilados.jpg?resize=350%2C200 1x, https:\/\/i0.wp.com\/www.24baires.com\/wp-content\/uploads\/2017\/12\/jubilados.jpg?resize=525%2C300 1.5x"},"classes":[]},{"id":61411,"url":"https:\/\/www.24baires.com\/?p=61411","url_meta":{"origin":7187,"position":5},"title":"Valeria del Mar: lo buscaban por violencia de g\u00e9nero y encontraron vivero de marihuana","author":"AF","date":"07\/02\/2015","format":false,"excerpt":"Ocurri\u00f3 en la localidad balnearia de Valeria del Mar. En el lugar, la Polic\u00eda secuestr\u00f3 16 plantas de cannabis sativa, una escopeta tumbera calibre 12\/70 con dos cartuchos y 35 municiones calibre 9 mil\u00edmetros. Tambi\u00e9n incautaron fertilizantes, hormonas, semillas, hojas secas y elementos para el cultivo. Hay un detenido. Un\u2026","rel":"","context":"En \u00abLocales\u00bb","block_context":{"text":"Locales","link":"https:\/\/www.24baires.com\/?cat=38"},"img":{"alt_text":"indoor","src":"https:\/\/i0.wp.com\/www.24baires.com\/wp-content\/uploads\/2015\/02\/indoor.jpg?resize=350%2C200","width":350,"height":200,"srcset":"https:\/\/i0.wp.com\/www.24baires.com\/wp-content\/uploads\/2015\/02\/indoor.jpg?resize=350%2C200 1x, https:\/\/i0.wp.com\/www.24baires.com\/wp-content\/uploads\/2015\/02\/indoor.jpg?resize=525%2C300 1.5x"},"classes":[]}],"jetpack_sharing_enabled":true,"jetpack_likes_enabled":true,"_links":{"self":[{"href":"https:\/\/www.24baires.com\/index.php?rest_route=\/wp\/v2\/posts\/7187","targetHints":{"allow":["GET"]}}],"collection":[{"href":"https:\/\/www.24baires.com\/index.php?rest_route=\/wp\/v2\/posts"}],"about":[{"href":"https:\/\/www.24baires.com\/index.php?rest_route=\/wp\/v2\/types\/post"}],"author":[{"embeddable":true,"href":"https:\/\/www.24baires.com\/index.php?rest_route=\/wp\/v2\/users\/4"}],"replies":[{"embeddable":true,"href":"https:\/\/www.24baires.com\/index.php?rest_route=%2Fwp%2Fv2%2Fcomments&post=7187"}],"version-history":[{"count":3,"href":"https:\/\/www.24baires.com\/index.php?rest_route=\/wp\/v2\/posts\/7187\/revisions"}],"predecessor-version":[{"id":7190,"href":"https:\/\/www.24baires.com\/index.php?rest_route=\/wp\/v2\/posts\/7187\/revisions\/7190"}],"wp:attachment":[{"href":"https:\/\/www.24baires.com\/index.php?rest_route=%2Fwp%2Fv2%2Fmedia&parent=7187"}],"wp:term":[{"taxonomy":"category","embeddable":true,"href":"https:\/\/www.24baires.com\/index.php?rest_route=%2Fwp%2Fv2%2Fcategories&post=7187"},{"taxonomy":"post_tag","embeddable":true,"href":"https:\/\/www.24baires.com\/index.php?rest_route=%2Fwp%2Fv2%2Ftags&post=7187"}],"curies":[{"name":"wp","href":"https:\/\/api.w.org\/{rel}","templated":true}]}}