{"id":7184,"date":"2012-11-29T10:10:41","date_gmt":"2012-11-29T13:10:41","guid":{"rendered":"http:\/\/www.24baires.com\/?p=7184"},"modified":"2012-11-29T11:47:06","modified_gmt":"2012-11-29T14:47:06","slug":"en-olavarria-realizaran-una-campana-de-prevencion-del-sida","status":"publish","type":"post","link":"https:\/\/www.24baires.com\/?p=7184","title":{"rendered":"En Olavarr\u00eda, realizar\u00e1n una campa\u00f1a de prevenci\u00f3n del SIDA"},"content":{"rendered":"<p><img data-recalc-dims=\"1\" loading=\"lazy\" decoding=\"async\" class=\"alignleft size-medium wp-image-7185\" title=\"olav 1\u00ba dic\" src=\"https:\/\/i0.wp.com\/www.24baires.com\/wp-content\/uploads\/2012\/11\/olav-1%C2%BA-dic.jpg?resize=241%2C300\" alt=\"\" width=\"241\" height=\"300\" srcset=\"https:\/\/i0.wp.com\/www.24baires.com\/wp-content\/uploads\/2012\/11\/olav-1%C2%BA-dic.jpg?resize=241%2C300&amp;ssl=1 241w, https:\/\/i0.wp.com\/www.24baires.com\/wp-content\/uploads\/2012\/11\/olav-1%C2%BA-dic.jpg?w=450&amp;ssl=1 450w\" sizes=\"auto, (max-width: 241px) 100vw, 241px\" \/>La actividad se realizar\u00e1 el viernes por la ma\u00f1ana en el Ex Colegio Nacional y en el Paseo Jes\u00fas Mend\u00eda de Olavarr\u00eda. Es organizada por la Secretar\u00eda de Prevenci\u00f3n y Atenci\u00f3n Sanitaria municipal y el grupo interdisciplinario \u201cChesida\u201d perteneciente a la Facultad de Ciencias Sociales.<!--more--><br \/>\nEste viernes se llevar\u00e1 a cabo una campa\u00f1a de prevenci\u00f3n de VIH &#8211; SIDA, organizada por la Secretar\u00eda de Prevenci\u00f3n y Atenci\u00f3n Sanitaria municipal y el grupo interdisciplinario \u201cChesida\u201d perteneciente a la Facultad de Ciencias Sociales de la Unicen. La actividad se realizar\u00e1 en el marco del D\u00eda Mundial de la Lucha contra el SIDA que se conmemora el 1\u00ba de diciembre.<\/p>\n<p>Desde las 9:30 horas del viernes, integrantes del programa \u201cRayuela\u201d, funcionarios e integrantes del grupo Chesida, se har\u00e1n presentes en la Escuela Media N\u00ba 6, ex Colegio Nacional. All\u00ed, entregar\u00e1n folleter\u00eda e instalar\u00e1n un dispenser con cajas de preservativos al Centro de Estudiantes del establecimiento. Adem\u00e1s, coordinar\u00e1n tareas de capacitaci\u00f3n para el a\u00f1o 2013.<\/p>\n<p>Posteriormente, a partir de las 10 horas en el Paseo \u201cPadre Jes\u00fas Mend\u00eda\u201d se har\u00e1 entrega de folleter\u00eda y preservativos a los transe\u00fantes. Tambi\u00e9n se desarrollar\u00e1 una mesa consultora preventiva sobre el tema.<\/p>\n","protected":false},"excerpt":{"rendered":"<p>La actividad se realizar\u00e1 el viernes por la ma\u00f1ana en el Ex Colegio Nacional y en el Paseo Jes\u00fas Mend\u00eda de Olavarr\u00eda. Es organizada por la Secretar\u00eda de Prevenci\u00f3n y Atenci\u00f3n Sanitaria municipal y el grupo interdisciplinario \u201cChesida\u201d perteneciente a la Facultad de Ciencias Sociales.<\/p>\n","protected":false},"author":4,"featured_media":0,"comment_status":"open","ping_status":"open","sticky":false,"template":"","format":"standard","meta":{"_jetpack_newsletter_access":"","_jetpack_dont_email_post_to_subs":false,"_jetpack_newsletter_tier_id":0,"_jetpack_memberships_contains_paywalled_content":false,"_jetpack_memberships_contains_paid_content":false,"footnotes":""},"categories":[38],"tags":[],"class_list":["post-7184","post","type-post","status-publish","format-standard","hentry","category-locales"],"jetpack_featured_media_url":"","jetpack_shortlink":"https:\/\/wp.me\/p2JWE0-1RS","jetpack-related-posts":[{"id":17888,"url":"https:\/\/www.24baires.com\/?p=17888","url_meta":{"origin":7184,"position":0},"title":"El Hospital Municipal de Olavarr\u00eda adquiri\u00f3 equipamientos \u00fanicos en el pa\u00eds","author":"AF","date":"09\/03\/2013","format":false,"excerpt":"Este viernes se realiz\u00f3 la presentaci\u00f3n de camillas de traslado y trasbordo lateral de pacientes adquiridas recientemente a la empresa olavarriense \u201cHospimovil\u201d. El centro de salud de Olavarr\u00eda es el primero en Argentina en contar con estas camillas. Este viernes se realiz\u00f3 la presentaci\u00f3n de camillas trasbordadoras de pacientes que\u2026","rel":"","context":"En \u00abLocales\u00bb","block_context":{"text":"Locales","link":"https:\/\/www.24baires.com\/?cat=38"},"img":{"alt_text":"HOSPITAL OLAVARR\u00cdA","src":"https:\/\/i0.wp.com\/www.24baires.com\/wp-content\/uploads\/2013\/03\/HOSPITAL-OLAVARR%C3%8DA.jpg?resize=350%2C200","width":350,"height":200,"srcset":"https:\/\/i0.wp.com\/www.24baires.com\/wp-content\/uploads\/2013\/03\/HOSPITAL-OLAVARR%C3%8DA.jpg?resize=350%2C200 1x, https:\/\/i0.wp.com\/www.24baires.com\/wp-content\/uploads\/2013\/03\/HOSPITAL-OLAVARR%C3%8DA.jpg?resize=525%2C300 1.5x"},"classes":[]},{"id":92903,"url":"https:\/\/www.24baires.com\/?p=92903","url_meta":{"origin":7184,"position":1},"title":"Har\u00e1n testeos gratis de HIV en la Universidad de La Plata","author":"AF","date":"08\/03\/2017","format":false,"excerpt":"A partir de este mi\u00e9rcoles, y luego los primeros mi\u00e9rcoles de cada mes, estudiantes, docentes y no docentes de la UNLP podr\u00e1n saber en cuesti\u00f3n de minutos si tienen alguna infecci\u00f3n de transmisi\u00f3n sexual a trav\u00e9s de un simple an\u00e1lisis de sangre, sin turno previo, de forma gratuita y an\u00f3nima.\u2026","rel":"","context":"En \u00abLocales\u00bb","block_context":{"text":"Locales","link":"https:\/\/www.24baires.com\/?cat=38"},"img":{"alt_text":"","src":"https:\/\/i0.wp.com\/www.24baires.com\/wp-content\/uploads\/2017\/03\/test-vih2.jpg?resize=350%2C200","width":350,"height":200,"srcset":"https:\/\/i0.wp.com\/www.24baires.com\/wp-content\/uploads\/2017\/03\/test-vih2.jpg?resize=350%2C200 1x, https:\/\/i0.wp.com\/www.24baires.com\/wp-content\/uploads\/2017\/03\/test-vih2.jpg?resize=525%2C300 1.5x"},"classes":[]},{"id":36375,"url":"https:\/\/www.24baires.com\/?p=36375","url_meta":{"origin":7184,"position":2},"title":"Semana de la Prevenci\u00f3n del VIH en Adrogu\u00e9 y Lomas de Zamora","author":"AF","date":"07\/12\/2013","format":false,"excerpt":"En el marco de la Semana de la Prevenci\u00f3n del VIH y tras el D\u00eda Mundial de la Lucha contra el SIDA, se realizaron actividades para concientizar y de prevenci\u00f3n, a cargo de los hospitales Lucio Mel\u00e9ndez y Luisa C. de Gandulfo, de Adrogu\u00e9 y Lomas de Zamora, respectivamente. Adem\u00e1s\u2026","rel":"","context":"En \u00abSociedad\u00bb","block_context":{"text":"Sociedad","link":"https:\/\/www.24baires.com\/?cat=1"},"img":{"alt_text":"","src":"","width":0,"height":0},"classes":[]},{"id":23742,"url":"https:\/\/www.24baires.com\/?p=23742","url_meta":{"origin":7184,"position":3},"title":"Olavarr\u00eda: UNICEN y AFSCA dictan capacitaciones gratuitas a periodistas","author":"AF","date":"17\/05\/2013","format":false,"excerpt":"Destinada a periodistas de Olavarr\u00eda y la regi\u00f3n y dem\u00e1s personas interesadas, los organismos dictan una serie de cursos sobre \u201cG\u00e9nero, Comunicaci\u00f3n y Derechos Humanos\u201d. Se realizan jueves y viernes, hasta el 28 de junio. La Universidad Nacional del Centro de la Provincia de Buenos Aires, en conjunto con la\u2026","rel":"","context":"En \u00abLocales\u00bb","block_context":{"text":"Locales","link":"https:\/\/www.24baires.com\/?cat=38"},"img":{"alt_text":"","src":"","width":0,"height":0},"classes":[]},{"id":17523,"url":"https:\/\/www.24baires.com\/?p=17523","url_meta":{"origin":7184,"position":4},"title":"Semana de la Mujer: Maip\u00fa realiza campa\u00f1a de prevenci\u00f3n de c\u00e1ncer de cuello de \u00fatero","author":"AF","date":"05\/03\/2013","format":false,"excerpt":"Bajo el lema \u201cUna vez por a\u00f1o = Un a\u00f1o m\u00e1s tranquila\u201d, la Secretar\u00eda de Salud y Acci\u00f3n Social de la Municipalidad de Maip\u00fa realiza esta semana, hasta el viernes 8 de marzo, su campa\u00f1a anual gratuita de prevenci\u00f3n del C\u00e1ncer de Cuello Uterino. En adhesi\u00f3n D\u00eda Internacional de la\u2026","rel":"","context":"En \u00abLocales\u00bb","block_context":{"text":"Locales","link":"https:\/\/www.24baires.com\/?cat=38"},"img":{"alt_text":"","src":"","width":0,"height":0},"classes":[]},{"id":50063,"url":"https:\/\/www.24baires.com\/?p=50063","url_meta":{"origin":7184,"position":5},"title":"El CONICET realiza una miniserie para divulgar la arqueolog\u00eda bonaerense","author":"GB","date":"17\/07\/2014","format":false,"excerpt":"La iniciativa es llevada a cabo por investigadores y becarios con el objetivo de difundir resultados de investigaciones cient\u00edficas que se desarrollan en la zona de Olavarr\u00eda. La miniserie se film\u00f3 principalmente en distintas localidades del partido de Olavarr\u00eda, aunque el rodaje se traslad\u00f3 tambi\u00e9n a en Tandil, Azul, Cachar\u00ed,\u2026","rel":"","context":"En \u00abSociedad\u00bb","block_context":{"text":"Sociedad","link":"https:\/\/www.24baires.com\/?cat=1"},"img":{"alt_text":"miniserie","src":"https:\/\/i0.wp.com\/www.24baires.com\/wp-content\/uploads\/2014\/07\/miniserie.jpg?resize=350%2C200","width":350,"height":200,"srcset":"https:\/\/i0.wp.com\/www.24baires.com\/wp-content\/uploads\/2014\/07\/miniserie.jpg?resize=350%2C200 1x, https:\/\/i0.wp.com\/www.24baires.com\/wp-content\/uploads\/2014\/07\/miniserie.jpg?resize=525%2C300 1.5x"},"classes":[]}],"jetpack_sharing_enabled":true,"jetpack_likes_enabled":true,"_links":{"self":[{"href":"https:\/\/www.24baires.com\/index.php?rest_route=\/wp\/v2\/posts\/7184","targetHints":{"allow":["GET"]}}],"collection":[{"href":"https:\/\/www.24baires.com\/index.php?rest_route=\/wp\/v2\/posts"}],"about":[{"href":"https:\/\/www.24baires.com\/index.php?rest_route=\/wp\/v2\/types\/post"}],"author":[{"embeddable":true,"href":"https:\/\/www.24baires.com\/index.php?rest_route=\/wp\/v2\/users\/4"}],"replies":[{"embeddable":true,"href":"https:\/\/www.24baires.com\/index.php?rest_route=%2Fwp%2Fv2%2Fcomments&post=7184"}],"version-history":[{"count":1,"href":"https:\/\/www.24baires.com\/index.php?rest_route=\/wp\/v2\/posts\/7184\/revisions"}],"predecessor-version":[{"id":7186,"href":"https:\/\/www.24baires.com\/index.php?rest_route=\/wp\/v2\/posts\/7184\/revisions\/7186"}],"wp:attachment":[{"href":"https:\/\/www.24baires.com\/index.php?rest_route=%2Fwp%2Fv2%2Fmedia&parent=7184"}],"wp:term":[{"taxonomy":"category","embeddable":true,"href":"https:\/\/www.24baires.com\/index.php?rest_route=%2Fwp%2Fv2%2Fcategories&post=7184"},{"taxonomy":"post_tag","embeddable":true,"href":"https:\/\/www.24baires.com\/index.php?rest_route=%2Fwp%2Fv2%2Ftags&post=7184"}],"curies":[{"name":"wp","href":"https:\/\/api.w.org\/{rel}","templated":true}]}}