{"id":7180,"date":"2012-11-29T09:00:34","date_gmt":"2012-11-29T12:00:34","guid":{"rendered":"http:\/\/www.24baires.com\/?p=7180"},"modified":"2012-11-29T11:37:36","modified_gmt":"2012-11-29T14:37:36","slug":"nueva-planta-de-agua-potable-en-rivadavia","status":"publish","type":"post","link":"https:\/\/www.24baires.com\/?p=7180","title":{"rendered":"Nueva planta de agua potable en Rivadavia"},"content":{"rendered":"<p><img data-recalc-dims=\"1\" loading=\"lazy\" decoding=\"async\" class=\"alignleft size-full wp-image-7181\" title=\"agua rivadavia\" src=\"https:\/\/i0.wp.com\/www.24baires.com\/wp-content\/uploads\/2012\/11\/agua-rivadavia.jpg?resize=258%2C138\" alt=\"\" width=\"258\" height=\"138\" \/>En el municipio de Rivadavia se inaugur\u00f3 la primera Planta del Sistema Provincial de Agua Potable, con doble ca\u00f1er\u00eda que permite una red de agua corriente para usos variados y al mismo tiempo una de agua potable para consumo.<!--more--><br \/>\nEl intendente de Rivadavia, Sergio Buil, recibi\u00f3 la visita del ministro de Infraestructura bonaerense, Alejandro Arl\u00eda, y juntos inauguraron la Planta del Sistema Provincial de Agua Potable.<br \/>\nSe trata de la primera planta de doble ca\u00f1er\u00eda que permite una red de agua corriente para usos variados y al mismo tiempo una de agua potable para consumo.<br \/>\n\u201cVenimos de Sansinena, una peque\u00f1a localidad de Rivadavia y ahora estamos en Fort\u00edn, Olavarr\u00eda, para seguir llevando por pedido del gobernador Daniel Scioli las obras que el interior necesita\u201d, asegur\u00f3 Arl\u00eda al tiempo que indic\u00f3 \u201cen el primer caso llevar el agua potable a trav\u00e9s del SPAR y en el segundo inaugurar las instalaciones de un jard\u00edn maternal que albergar\u00e1 a la mayor\u00eda de los ni\u00f1os del lugar, permitiendo alojar a hijos de madres adolescentes, madres que trabajan, o que est\u00e1n en situaci\u00f3n de precariedad, brind\u00e1ndoles los servicios necesarios para una infancia sana y feliz\u201d.<br \/>\nAsimismo, el ministro habl\u00f3 de los desaf\u00edos del crecimiento en Rivadavia y anunci\u00f3 \u201ctambi\u00e9n estoy abocado plenamente a acelerar una obra de tendido de energ\u00eda el\u00e9ctrica que est\u00e1 en etapa de aprobaci\u00f3n, las obras de cloacas faltantes en algunos barrios del municipio y los trabajos para mejorar la transitabilidad de la ruta 70\u2033.<br \/>\nEn la ocasi\u00f3n tambi\u00e9n estuvo presente el presidente del Servicio Provincial de Agua Potable y Saneamiento Rural, Juan Vi\u00f1ales, el titular de la Autoridad del Agua, Daniel Corolli, el director provincial de Obras de Hidr\u00e1ulica, Mario Gschaider, el diputado Abel Buil, todo el gabinete local, el cuerpo de concejales, consejeros escolares, representantes de instituciones y vecinos.<\/p>\n","protected":false},"excerpt":{"rendered":"<p>En el municipio de Rivadavia se inaugur\u00f3 la primera Planta del Sistema Provincial de Agua Potable, con doble ca\u00f1er\u00eda que permite una red de agua corriente para usos variados y al mismo tiempo una de agua potable para consumo.<\/p>\n","protected":false},"author":4,"featured_media":0,"comment_status":"open","ping_status":"open","sticky":false,"template":"","format":"standard","meta":{"_jetpack_newsletter_access":"","_jetpack_dont_email_post_to_subs":false,"_jetpack_newsletter_tier_id":0,"_jetpack_memberships_contains_paywalled_content":false,"_jetpack_memberships_contains_paid_content":false,"footnotes":""},"categories":[38],"tags":[],"class_list":["post-7180","post","type-post","status-publish","format-standard","hentry","category-locales"],"jetpack_featured_media_url":"","jetpack_shortlink":"https:\/\/wp.me\/p2JWE0-1RO","jetpack-related-posts":[{"id":17801,"url":"https:\/\/www.24baires.com\/?p=17801","url_meta":{"origin":7180,"position":0},"title":"El ministro Arl\u00eda inaugur\u00f3 obras en Carmen de Patagones","author":"AF","date":"08\/03\/2013","format":false,"excerpt":"En el marco del aniversario del combate de Patagones, el ministro Alejandro Arl\u00eda; el administrador de Vialidad, Ricardo Curetti; y parte del gabinete de Infraestructura, participaron en la ciudad sure\u00f1a de la celebraci\u00f3n, junto al intendente Jabier Garc\u00e9s, e inauguraron obras. En un acto realizado en el Cerro de la\u2026","rel":"","context":"En \u00abLocales\u00bb","block_context":{"text":"Locales","link":"https:\/\/www.24baires.com\/?cat=38"},"img":{"alt_text":"arl\u00eda en patagones","src":"https:\/\/i0.wp.com\/www.24baires.com\/wp-content\/uploads\/2013\/03\/arl%C3%ADa-en-patagones.png?resize=350%2C200","width":350,"height":200},"classes":[]},{"id":37179,"url":"https:\/\/www.24baires.com\/?p=37179","url_meta":{"origin":7180,"position":1},"title":"Chivilcoy: inauguran nueva red de desag\u00fce","author":"Grupo Sierra","date":"20\/12\/2013","format":false,"excerpt":"El Servicio Provincial de Agua Potable y Saneamiento Rural (SPAR) dio or inaugurada la flamante red de Moquehu\u00e1 en el Partido, que fue consolidada con aportes del BID con una inversi\u00f3n que ascendi\u00f3 los 10 millones de pesos. El acto inaugural cont\u00f3 con la presencia de autoridades nacionales y provinciales,\u2026","rel":"","context":"En \u00abLocales\u00bb","block_context":{"text":"Locales","link":"https:\/\/www.24baires.com\/?cat=38"},"img":{"alt_text":"","src":"","width":0,"height":0},"classes":[]},{"id":29244,"url":"https:\/\/www.24baires.com\/?p=29244","url_meta":{"origin":7180,"position":2},"title":"Maip\u00fa: comenz\u00f3 a haber agua potable en Las Armas","author":"AF","date":"31\/07\/2013","format":false,"excerpt":"Juan Vi\u00f1ales, titular del Servicio Provincial de Agua Potable y Saneamiento Rural (SPAR),junto al intendente de Maip\u00fa An\u00edbal Rapallini, inaugur\u00f3 el servicio de agua potable en las localidad de Las Armas. En la ocasi\u00f3n, la comunidad de Las Armas celebr\u00f3 junto a las autoridades la puesta en marcha de la\u2026","rel":"","context":"En \u00abLocales\u00bb","block_context":{"text":"Locales","link":"https:\/\/www.24baires.com\/?cat=38"},"img":{"alt_text":"agua maip\u00fa","src":"https:\/\/i0.wp.com\/www.24baires.com\/wp-content\/uploads\/2013\/07\/agua-maip%C3%BA.jpeg?resize=350%2C200","width":350,"height":200},"classes":[]},{"id":63112,"url":"https:\/\/www.24baires.com\/?p=63112","url_meta":{"origin":7180,"position":3},"title":"Vecinos rurales de Bragado celebran la llegada de agua potable","author":"Grupo Sierra","date":"13\/03\/2015","format":false,"excerpt":"El gobierno bonaerense avanza con las obras de agua potable, con una inversi\u00f3n de $1.014.766,39, y se realizan en el marco del Plan Cuidar. Este programa cuenta con el financiamiento del Banco Interamericano de Desarrollo (BID) y est\u00e1 destinado a pueblos que no superan los 900 habitantes. En este caso,\u2026","rel":"","context":"En \u00abLocales\u00bb","block_context":{"text":"Locales","link":"https:\/\/www.24baires.com\/?cat=38"},"img":{"alt_text":"canilla-de-agua","src":"https:\/\/i0.wp.com\/www.24baires.com\/wp-content\/uploads\/2015\/01\/canilla-de-agua.jpg?resize=350%2C200","width":350,"height":200,"srcset":"https:\/\/i0.wp.com\/www.24baires.com\/wp-content\/uploads\/2015\/01\/canilla-de-agua.jpg?resize=350%2C200 1x, https:\/\/i0.wp.com\/www.24baires.com\/wp-content\/uploads\/2015\/01\/canilla-de-agua.jpg?resize=525%2C300 1.5x"},"classes":[]},{"id":28782,"url":"https:\/\/www.24baires.com\/?p=28782","url_meta":{"origin":7180,"position":4},"title":"Chivilcoy: denuncian situaci\u00f3n cr\u00edtica del agua potable","author":"AF","date":"23\/07\/2013","format":false,"excerpt":"Referentes de agrupaciones pol\u00edticas aseguran que el servicio de la ciudad se encuentra contaminado dado la presencia de altas concentraciones de ars\u00e9nico, un metaloide cancer\u00edgeno. Asimismo, critican al gobierno municipal de Anibal Pitelli y enfatizan en la necesidad de potabilizar la red del agua, para lo cual se requiere de\u2026","rel":"","context":"En \u00abLocales\u00bb","block_context":{"text":"Locales","link":"https:\/\/www.24baires.com\/?cat=38"},"img":{"alt_text":"","src":"","width":0,"height":0},"classes":[]},{"id":38859,"url":"https:\/\/www.24baires.com\/?p=38859","url_meta":{"origin":7180,"position":5},"title":"La Provincia alcanz\u00f3 un 80% de cobertura de agua","author":"Grupo Sierra","date":"20\/01\/2014","format":false,"excerpt":"El titular del Servicio Provincial de Agua Potable y Saneamiento Rural (SPAR), Juan Mar\u00eda Vi\u00f1ales, adelant\u00f3 que \u201cla provincia de Buenos Aires ser\u00e1 una de las primeras del pa\u00eds en tener esta cobertura en los pueblos y localidades del interior\u201d. En ese sentido explic\u00f3 que \u201cdurante 2014 se pondr\u00e1n en\u2026","rel":"","context":"En \u00abProvincia\u00bb","block_context":{"text":"Provincia","link":"https:\/\/www.24baires.com\/?cat=40"},"img":{"alt_text":"agua potable","src":"https:\/\/i0.wp.com\/www.24baires.com\/wp-content\/uploads\/2014\/01\/agua-potable.jpg?resize=350%2C200","width":350,"height":200},"classes":[]}],"jetpack_sharing_enabled":true,"jetpack_likes_enabled":true,"_links":{"self":[{"href":"https:\/\/www.24baires.com\/index.php?rest_route=\/wp\/v2\/posts\/7180","targetHints":{"allow":["GET"]}}],"collection":[{"href":"https:\/\/www.24baires.com\/index.php?rest_route=\/wp\/v2\/posts"}],"about":[{"href":"https:\/\/www.24baires.com\/index.php?rest_route=\/wp\/v2\/types\/post"}],"author":[{"embeddable":true,"href":"https:\/\/www.24baires.com\/index.php?rest_route=\/wp\/v2\/users\/4"}],"replies":[{"embeddable":true,"href":"https:\/\/www.24baires.com\/index.php?rest_route=%2Fwp%2Fv2%2Fcomments&post=7180"}],"version-history":[{"count":2,"href":"https:\/\/www.24baires.com\/index.php?rest_route=\/wp\/v2\/posts\/7180\/revisions"}],"predecessor-version":[{"id":7183,"href":"https:\/\/www.24baires.com\/index.php?rest_route=\/wp\/v2\/posts\/7180\/revisions\/7183"}],"wp:attachment":[{"href":"https:\/\/www.24baires.com\/index.php?rest_route=%2Fwp%2Fv2%2Fmedia&parent=7180"}],"wp:term":[{"taxonomy":"category","embeddable":true,"href":"https:\/\/www.24baires.com\/index.php?rest_route=%2Fwp%2Fv2%2Fcategories&post=7180"},{"taxonomy":"post_tag","embeddable":true,"href":"https:\/\/www.24baires.com\/index.php?rest_route=%2Fwp%2Fv2%2Ftags&post=7180"}],"curies":[{"name":"wp","href":"https:\/\/api.w.org\/{rel}","templated":true}]}}