{"id":7175,"date":"2012-11-29T10:00:16","date_gmt":"2012-11-29T13:00:16","guid":{"rendered":"http:\/\/www.24baires.com\/?p=7175"},"modified":"2012-11-29T11:30:37","modified_gmt":"2012-11-29T14:30:37","slug":"balcarce-fortalece-su-sector-de-salud","status":"publish","type":"post","link":"https:\/\/www.24baires.com\/?p=7175","title":{"rendered":"Balcarce fortalece su sector de salud"},"content":{"rendered":"<p><img data-recalc-dims=\"1\" loading=\"lazy\" decoding=\"async\" class=\"alignleft  wp-image-7176\" title=\"cristina videoconferencia\" src=\"https:\/\/i0.wp.com\/www.24baires.com\/wp-content\/uploads\/2012\/11\/cristina-videoconferencia.jpg?resize=336%2C246\" alt=\"\" width=\"336\" height=\"246\" srcset=\"https:\/\/i0.wp.com\/www.24baires.com\/wp-content\/uploads\/2012\/11\/cristina-videoconferencia.jpg?w=560&amp;ssl=1 560w, https:\/\/i0.wp.com\/www.24baires.com\/wp-content\/uploads\/2012\/11\/cristina-videoconferencia.jpg?resize=300%2C219&amp;ssl=1 300w\" sizes=\"auto, (max-width: 336px) 100vw, 336px\" \/>Mediante una videoconferencia con la presidenta Cristina Fern\u00e1ndez de Kirchner, el titular de la cartera sanitaria, Juan Manzur, entreg\u00f3 en Balcarce una moderna ambulancia, inaugur\u00f3 una sala de guardia y efectiviz\u00f3 un subsidio por $500 mil para el fortalecimiento del sistema sanitario local.<!--more--><br \/>\nLa comuna de Balcarce recibi\u00f3 de la presidenta Critina Kirchner una ambulancia de traslado de alta complejidad para el Hospital Subzonal \u201cDr. Felipe A. Fossati\u201d, donde tambi\u00e9n pudo inaugurar la nueva sala de guardia.<br \/>\nMediante una videoconferencia con la presidenta Cristina Fern\u00e1ndez de Kirchner, el titular de la cartera sanitaria, Juan Manzur, entreg\u00f3 la ambulancia, inaugur\u00f3 una sala de guardia y efectiviz\u00f3 un subsidio por $500 mil para el fortalecimiento del sistema sanitario local.<br \/>\n\u201cEste hospital es el \u00fanico efector que hay en todo Balcarce, no hay efectores privados, por lo tanto la magnitud que esto representa es a\u00fan mayor y la puesta en marcha de esta iniciativa genera m\u00e1s inclusi\u00f3n, m\u00e1s accesibilidad y permite cerrar brechas\u201d, sostuvo el ministro Manzur.<br \/>\nPor su parte, el intendente Jos\u00e9 Echeverr\u00eda agradeci\u00f3 el permanente acompa\u00f1amiento del gobierno nacional y expres\u00f3 que \u201choy Balcarce vive un antes y un despu\u00e9s en la salud, mientras en algunos pa\u00edses de Europa se disminuye la inversi\u00f3n en salud, vemos que en Argentina la salud se establece como prioridad\u201d.<br \/>\nEn su di\u00e1logo con la presidenta Cristina Kirchner el intendente Echeverr\u00eda sostuvo que \u201ces un honor muy grande para los balcarce\u00f1os poder inaugurar esta guardia. Usted y su marido \u2013por N\u00e9stor Kirchner- nos ense\u00f1aron a pensar en grande y por eso hoy estamos ac\u00e1\u201d.<\/p>\n","protected":false},"excerpt":{"rendered":"<p>Mediante una videoconferencia con la presidenta Cristina Fern\u00e1ndez de Kirchner, el titular de la cartera sanitaria, Juan Manzur, entreg\u00f3 en Balcarce una moderna ambulancia, inaugur\u00f3 una sala de guardia y efectiviz\u00f3 un subsidio por $500 mil para el fortalecimiento del sistema sanitario local.<\/p>\n","protected":false},"author":4,"featured_media":0,"comment_status":"open","ping_status":"open","sticky":false,"template":"","format":"standard","meta":{"_jetpack_newsletter_access":"","_jetpack_dont_email_post_to_subs":false,"_jetpack_newsletter_tier_id":0,"_jetpack_memberships_contains_paywalled_content":false,"_jetpack_memberships_contains_paid_content":false,"footnotes":""},"categories":[38],"tags":[],"class_list":["post-7175","post","type-post","status-publish","format-standard","hentry","category-locales"],"jetpack_featured_media_url":"","jetpack_shortlink":"https:\/\/wp.me\/p2JWE0-1RJ","jetpack-related-posts":[{"id":6225,"url":"https:\/\/www.24baires.com\/?p=6225","url_meta":{"origin":7175,"position":0},"title":"Balcarce: refuerzan su sistema sanitario","author":"AF","date":"21\/11\/2012","format":false,"excerpt":"\u201cHoy Balcarce vive un antes y un despu\u00e9s en la salud, mientras en algunos pa\u00edses de Europa se disminuye la inversi\u00f3n en salud, vemos que en Argentina se establece como prioridad\u201d expres\u00f3 el intendente local Jos\u00e9 Echeverr\u00eda, durante el acto donde se entreg\u00f3 una ambulancia de traslado de alta complejidad\u2026","rel":"","context":"En \u00abLocales\u00bb","block_context":{"text":"Locales","link":"https:\/\/www.24baires.com\/?cat=38"},"img":{"alt_text":"","src":"","width":0,"height":0},"classes":[]},{"id":10635,"url":"https:\/\/www.24baires.com\/?p=10635","url_meta":{"origin":7175,"position":1},"title":"Cristina present\u00f3 por videoconferencia el 2do. tramo de la Autopista Balcarce-Mar del Plata","author":"AF","date":"27\/12\/2012","format":false,"excerpt":"BALCARCE - La presidenta\u00a0Cristina Fern\u00e1ndez de Kirchner mantuvo este jueves una videoconferencia con Balcarce con\u00a0motivo de la inauguraci\u00f3n de obras viales. En concreto se trata del tramo final de la \"Autopista Jard\u00edn Juan Manuel Boudeu\" -Ruta 226- \u00a0que une la ciudad de Balcarce con Mar del Plata. La Presidenta Cristina\u2026","rel":"","context":"En \u00abLocales\u00bb","block_context":{"text":"Locales","link":"https:\/\/www.24baires.com\/?cat=38"},"img":{"alt_text":"ruta 226","src":"https:\/\/i0.wp.com\/www.24baires.com\/wp-content\/uploads\/2012\/12\/ruta-226.jpg?resize=350%2C200","width":350,"height":200,"srcset":"https:\/\/i0.wp.com\/www.24baires.com\/wp-content\/uploads\/2012\/12\/ruta-226.jpg?resize=350%2C200 1x, https:\/\/i0.wp.com\/www.24baires.com\/wp-content\/uploads\/2012\/12\/ruta-226.jpg?resize=525%2C300 1.5x"},"classes":[]},{"id":7001,"url":"https:\/\/www.24baires.com\/?p=7001","url_meta":{"origin":7175,"position":2},"title":"Inauguraron en Balcarce un espacio para estimular el desarrollo de ni\u00f1os","author":"AF","date":"27\/11\/2012","format":false,"excerpt":"El ministro de Desarrollo Social Mart\u00edn Ferr\u00e9 y su par de Infraestructura, Alejandro Arl\u00eda inauguraron este martes en Balcarce una nueva Unidad de Desarrollo Infantil (UDI) que funcionar\u00e1 en un jard\u00edn maternal de ese distrito con el objetivo de implementar mecanismos de contenci\u00f3n a unos 40 ni\u00f1os de entre 45\u2026","rel":"","context":"En \u00abLocales\u00bb","block_context":{"text":"Locales","link":"https:\/\/www.24baires.com\/?cat=38"},"img":{"alt_text":"","src":"https:\/\/i0.wp.com\/www.24baires.com\/wp-content\/uploads\/2012\/11\/balcarce-UDI-300x204.jpg?resize=350%2C200","width":350,"height":200},"classes":[]},{"id":115857,"url":"https:\/\/www.24baires.com\/?p=115857","url_meta":{"origin":7175,"position":3},"title":"El Presidente inaugura el sector Covid-19 del Hospital del Bicentenario de Ituzaing\u00f3","author":"GB","date":"05\/08\/2020","format":false,"excerpt":"El mandatario estar\u00e1 acompa\u00f1ado en la residencia de Olivos por la directora Ejecutiva del PAMI, Luana Volnovich, mientras que participar\u00e1n desde Ituzaing\u00f3 el ministro de Salud de la Naci\u00f3n, Gin\u00e9s Gonz\u00e1lez Garc\u00eda; el gobernador bonaerense, Axel Kicillof, y el intendente local, Alberto Descalzo. El presidente Alberto Fern\u00e1ndez encabezar\u00e1 a las\u2026","rel":"","context":"En \u00abPol\u00edtica\u00bb","block_context":{"text":"Pol\u00edtica","link":"https:\/\/www.24baires.com\/?cat=51"},"img":{"alt_text":"","src":"https:\/\/i0.wp.com\/www.24baires.com\/wp-content\/uploads\/2020\/05\/alberto-despacho.jpg?resize=350%2C200","width":350,"height":200,"srcset":"https:\/\/i0.wp.com\/www.24baires.com\/wp-content\/uploads\/2020\/05\/alberto-despacho.jpg?resize=350%2C200 1x, https:\/\/i0.wp.com\/www.24baires.com\/wp-content\/uploads\/2020\/05\/alberto-despacho.jpg?resize=525%2C300 1.5x"},"classes":[]},{"id":75574,"url":"https:\/\/www.24baires.com\/?p=75574","url_meta":{"origin":7175,"position":4},"title":"La Presidenta inaugura hoy obras en el Posadas","author":"GB","date":"24\/11\/2015","format":false,"excerpt":"La Presidenta inaugurar\u00e1 obras en el Posadas, y mantendr\u00e1 videoconferencias con Entre R\u00edos, para presentar las nuevas instalaciones del hospital de Paran\u00e1, y en los centros de Ituzaing\u00f3 y Esteban Echeverr\u00eda El acto, anunciado para las 13 horas, tendr\u00e1 como ejes las obras realizadas sobre el Hospital Posadas: un nuevo\u2026","rel":"","context":"En \u00abPol\u00edtica\u00bb","block_context":{"text":"Pol\u00edtica","link":"https:\/\/www.24baires.com\/?cat=51"},"img":{"alt_text":"cristina cadena","src":"https:\/\/i0.wp.com\/www.24baires.com\/wp-content\/uploads\/2015\/08\/cristina-cadena.jpg?resize=350%2C200","width":350,"height":200,"srcset":"https:\/\/i0.wp.com\/www.24baires.com\/wp-content\/uploads\/2015\/08\/cristina-cadena.jpg?resize=350%2C200 1x, https:\/\/i0.wp.com\/www.24baires.com\/wp-content\/uploads\/2015\/08\/cristina-cadena.jpg?resize=525%2C300 1.5x"},"classes":[]},{"id":68176,"url":"https:\/\/www.24baires.com\/?p=68176","url_meta":{"origin":7175,"position":5},"title":"Provincia ampliar\u00e1 el Hospital Fossati de Balcarce","author":"AF","date":"26\/06\/2015","format":false,"excerpt":"El titular de Infraestructura, Alejandro Arl\u00eda, firm\u00f3, acompa\u00f1ado por el intendente de Balcarce, Jos\u00e9 Enrique Echeverr\u00eda, y la presidenta del Profide, Marta Albamonte, los contratos de obra para llevar adelante la ampliaci\u00f3n del Hospital Municipal Subzonal \u201cFelipe A. Fossati\u201d, por casi 30 millones de pesos. \u201cComo siempre dice el gobernador\u2026","rel":"","context":"En \u00abLocales\u00bb","block_context":{"text":"Locales","link":"https:\/\/www.24baires.com\/?cat=38"},"img":{"alt_text":"hospital fossati balcarce","src":"https:\/\/i0.wp.com\/www.24baires.com\/wp-content\/uploads\/2015\/06\/hospital-fossati-balcarce.jpg?resize=350%2C200","width":350,"height":200,"srcset":"https:\/\/i0.wp.com\/www.24baires.com\/wp-content\/uploads\/2015\/06\/hospital-fossati-balcarce.jpg?resize=350%2C200 1x, https:\/\/i0.wp.com\/www.24baires.com\/wp-content\/uploads\/2015\/06\/hospital-fossati-balcarce.jpg?resize=525%2C300 1.5x"},"classes":[]}],"jetpack_sharing_enabled":true,"jetpack_likes_enabled":true,"_links":{"self":[{"href":"https:\/\/www.24baires.com\/index.php?rest_route=\/wp\/v2\/posts\/7175","targetHints":{"allow":["GET"]}}],"collection":[{"href":"https:\/\/www.24baires.com\/index.php?rest_route=\/wp\/v2\/posts"}],"about":[{"href":"https:\/\/www.24baires.com\/index.php?rest_route=\/wp\/v2\/types\/post"}],"author":[{"embeddable":true,"href":"https:\/\/www.24baires.com\/index.php?rest_route=\/wp\/v2\/users\/4"}],"replies":[{"embeddable":true,"href":"https:\/\/www.24baires.com\/index.php?rest_route=%2Fwp%2Fv2%2Fcomments&post=7175"}],"version-history":[{"count":3,"href":"https:\/\/www.24baires.com\/index.php?rest_route=\/wp\/v2\/posts\/7175\/revisions"}],"predecessor-version":[{"id":7179,"href":"https:\/\/www.24baires.com\/index.php?rest_route=\/wp\/v2\/posts\/7175\/revisions\/7179"}],"wp:attachment":[{"href":"https:\/\/www.24baires.com\/index.php?rest_route=%2Fwp%2Fv2%2Fmedia&parent=7175"}],"wp:term":[{"taxonomy":"category","embeddable":true,"href":"https:\/\/www.24baires.com\/index.php?rest_route=%2Fwp%2Fv2%2Fcategories&post=7175"},{"taxonomy":"post_tag","embeddable":true,"href":"https:\/\/www.24baires.com\/index.php?rest_route=%2Fwp%2Fv2%2Ftags&post=7175"}],"curies":[{"name":"wp","href":"https:\/\/api.w.org\/{rel}","templated":true}]}}