{"id":7170,"date":"2012-11-29T10:39:03","date_gmt":"2012-11-29T13:39:03","guid":{"rendered":"http:\/\/www.24baires.com\/?p=7170"},"modified":"2012-11-29T10:39:03","modified_gmt":"2012-11-29T13:39:03","slug":"continua-en-terapia-intensiva-agustina-la-joven-brutalmente-golpeada-en-saladillo","status":"publish","type":"post","link":"https:\/\/www.24baires.com\/?p=7170","title":{"rendered":"Contin\u00faa en terapia intensiva Agustina, la joven brutalmente golpeada en Saladillo"},"content":{"rendered":"<p>El director del Hospital de Ni\u00f1os dijo que \u201csu evoluci\u00f3n parece ser buena\u201d y que es tratada por un cuadro de infecci\u00f3n generalizada.<br \/>\nA\u00fan permanece internada en la terapia intensiva del Hospital de Ni\u00f1os de La Plata con pron\u00f3stico reservado aunque los especialistas son optimistas sobre su evoluci\u00f3n.<!--more--><\/p>\n<p>El director del establecimiento, Reinaldo Reimondi, record\u00f3 que Agustina, de 14 a\u00f1os, \u201centr\u00f3 en la madrugada del mi\u00e9rcoles, inconsciente y con un cuadro de hiperton\u00eda\u201d que se manifiesta con \u201crigidez en extremidades, dientes apretados e imposibilidad de comunicarse\u201d y un \u201crelato de un cuadro de violencia\u201d.<\/p>\n<p>Asegur\u00f3 que la menor no presenta \u201ccortes internos o hemorragias\u201d, aunque s\u00ed padece de \u201cun cuadro infeccioso generalizado que est\u00e1 siendo tratado\u201d en estos momentos.<\/p>\n<p>Seg\u00fan los estudios, la chica tiene \u201cun edema en el cuero cabelludo que puede ser por tironeamiento de pelo pero no hay signos de edema cerebral ni hemorragias internas\u201d. Para avanzar en el diagn\u00f3stico, \u201cse necesita estabilizarla\u201d y es por eso que \u201cest\u00e1 sedada y con respirador para darle una mejor evoluci\u00f3n\u201d, precis\u00f3 Reimondi.<\/p>\n<p>Seguido, consign\u00f3 que el equipo de profesionales que asiste a v\u00edctimas de violencia en el hospital recomend\u00f3 en su momento \u201cno profundizar\u201d los ex\u00e1menes tendientes a comprobar si la chica fue abusada sexualmente. No obstante, esas pruebas est\u00e1n pendientes y es probable que se hagan en las pr\u00f3ximas horas.<\/p>\n<p>\u201cEl pron\u00f3stico expectante. Est\u00e1 en terapia intensiva y si bien el pron\u00f3stico es siempre reservado, la evoluci\u00f3n parece ser buena\u201d, explic\u00f3 el director del hospital, al tiempo que asegur\u00f3 que la menor no presenta \u201clesiones visibles\u201d en su rostro.<\/p>\n","protected":false},"excerpt":{"rendered":"<p>El director del Hospital de Ni\u00f1os dijo que \u201csu evoluci\u00f3n parece ser buena\u201d y que es tratada por un cuadro de infecci\u00f3n generalizada. A\u00fan permanece internada en la terapia intensiva del Hospital de Ni\u00f1os de La Plata con pron\u00f3stico reservado aunque los especialistas son optimistas sobre su evoluci\u00f3n.<\/p>\n","protected":false},"author":4,"featured_media":0,"comment_status":"open","ping_status":"open","sticky":false,"template":"","format":"standard","meta":{"_jetpack_newsletter_access":"","_jetpack_dont_email_post_to_subs":false,"_jetpack_newsletter_tier_id":0,"_jetpack_memberships_contains_paywalled_content":false,"_jetpack_memberships_contains_paid_content":false,"footnotes":""},"categories":[49],"tags":[],"class_list":["post-7170","post","type-post","status-publish","format-standard","hentry","category-policiales"],"jetpack_featured_media_url":"","jetpack_shortlink":"https:\/\/wp.me\/p2JWE0-1RE","jetpack-related-posts":[{"id":26100,"url":"https:\/\/www.24baires.com\/?p=26100","url_meta":{"origin":7170,"position":0},"title":"La gripe A lleg\u00f3 a Tandil","author":"Grupo Sierra","date":"16\/06\/2013","format":false,"excerpt":"TANDIL.- El caso fue confirmado por la doctora Marta Brea, directora del Hospital de Ni\u00f1os. Lleg\u00f3 al nosocomio con un cuadro cr\u00edtico y debi\u00f3 ser trasladado a Mar del Plata, donde estuvo en Terapia Intensiva varios d\u00edas. Finalmente, se recupera en esa ciudad favorablemente. \u00a0 Un menor de edad fue\u2026","rel":"","context":"En \u00abLocales\u00bb","block_context":{"text":"Locales","link":"https:\/\/www.24baires.com\/?cat=38"},"img":{"alt_text":"HOSPITAL NI\u00d1OS TANDIL","src":"https:\/\/i0.wp.com\/www.24baires.com\/wp-content\/uploads\/2013\/06\/HOSPITAL-NI%C3%91OS-TANDIL-300x201.jpg?resize=350%2C200","width":350,"height":200},"classes":[]},{"id":13552,"url":"https:\/\/www.24baires.com\/?p=13552","url_meta":{"origin":7170,"position":1},"title":"Contin\u00faa grave el adolescente que mat\u00f3 al hombre que quiso violar a su hermanita","author":"AF","date":"25\/01\/2013","format":false,"excerpt":"SAN BERNARDO - El adolescente de 16 a\u00f1os que mat\u00f3 a un hombre que intent\u00f3 violar a su hermana de 12 y que prendi\u00f3 fuego a su abuela, en una vivienda de la localidad bonaerense de San Bernardo, segu\u00eda este viernes internado \"en estado cr\u00edtico\" en una sala de terapia\u2026","rel":"","context":"En \u00abPoliciales\u00bb","block_context":{"text":"Policiales","link":"https:\/\/www.24baires.com\/?cat=49"},"img":{"alt_text":"san bernardo","src":"https:\/\/i0.wp.com\/www.24baires.com\/wp-content\/uploads\/2013\/01\/san-bernardo-300x227.jpg?resize=350%2C200","width":350,"height":200},"classes":[]},{"id":81642,"url":"https:\/\/www.24baires.com\/?p=81642","url_meta":{"origin":7170,"position":2},"title":"Tragedia en fiesta electr\u00f3nica: Es \u201ccr\u00edtico\u201d el estado de salud de tres de los j\u00f3venes internados","author":"GB","date":"19\/04\/2016","format":false,"excerpt":"Se trata de las tres personas que permanecen en el hospital Fern\u00e1ndez, tras haber participado de la fiesta que dej\u00f3 un saldo de cinco muertos. Los tres j\u00f3venes que fueron internados en el Hospital Fern\u00e1ndez tras participar el viernes pasado en una fiesta electr\u00f3nica en Costa Salguero contin\u00faan en \"estado\u2026","rel":"","context":"En \u00abSociedad\u00bb","block_context":{"text":"Sociedad","link":"https:\/\/www.24baires.com\/?cat=1"},"img":{"alt_text":"fiesta electronica","src":"https:\/\/i0.wp.com\/www.24baires.com\/wp-content\/uploads\/2016\/04\/fiesta-electronica.jpg?resize=350%2C200","width":350,"height":200,"srcset":"https:\/\/i0.wp.com\/www.24baires.com\/wp-content\/uploads\/2016\/04\/fiesta-electronica.jpg?resize=350%2C200 1x, https:\/\/i0.wp.com\/www.24baires.com\/wp-content\/uploads\/2016\/04\/fiesta-electronica.jpg?resize=525%2C300 1.5x"},"classes":[]},{"id":13811,"url":"https:\/\/www.24baires.com\/?p=13811","url_meta":{"origin":7170,"position":3},"title":"Por brote viral cierran terapia intensiva de un Hospital: temen por la salud de trabajadores","author":"AF","date":"28\/01\/2013","format":false,"excerpt":"CARMEN DE ARECO - El viceministro de Salud bonaerense, Sergio Alejandre, dijo que \"todos los pacientes tienen cuadros leves y est\u00e1n respondiendo al tratamiento\". Por su parte, desde el Sindicato de Salud P\u00fablica critican el contagio intrahospitalario: \"El hospital est\u00e1 para curar y no para enfermar, eso es algo fundamental\",\u2026","rel":"","context":"En \u00abLocales\u00bb","block_context":{"text":"Locales","link":"https:\/\/www.24baires.com\/?cat=38"},"img":{"alt_text":"","src":"","width":0,"height":0},"classes":[]},{"id":57242,"url":"https:\/\/www.24baires.com\/?p=57242","url_meta":{"origin":7170,"position":4},"title":"Cacho Casta\u00f1a contin\u00faa delicado: le realizaron la traqueotom\u00eda","author":"GB","date":"17\/11\/2014","format":false,"excerpt":"El cantautor est\u00e1 internado desde hace un mes en terapia intensiva del Sanatorio porte\u00f1o de Los Arcos y Alfredo Cahe, su m\u00e9dico personal, advirti\u00f3 que \"contin\u00faa en estado cr\u00edtico\". \"Hoy se le efectu\u00f3 una traqueotom\u00eda con la finalidad de proteger la parte a\u00e9rea superior y agilizar su respiraci\u00f3n\", explic\u00f3 Cahe\u2026","rel":"","context":"En \u00abEspectaculos\u00bb","block_context":{"text":"Espectaculos","link":"https:\/\/www.24baires.com\/?cat=41"},"img":{"alt_text":"cacho casta\u00f1a","src":"https:\/\/i0.wp.com\/www.24baires.com\/wp-content\/uploads\/2013\/12\/cacho-casta%C3%B1a.jpg?resize=350%2C200","width":350,"height":200,"srcset":"https:\/\/i0.wp.com\/www.24baires.com\/wp-content\/uploads\/2013\/12\/cacho-casta%C3%B1a.jpg?resize=350%2C200 1x, https:\/\/i0.wp.com\/www.24baires.com\/wp-content\/uploads\/2013\/12\/cacho-casta%C3%B1a.jpg?resize=525%2C300 1.5x"},"classes":[]},{"id":108316,"url":"https:\/\/www.24baires.com\/?p=108316","url_meta":{"origin":7170,"position":5},"title":"Se confirm\u00f3 un caso de Gripe A en la provincia, fue en Berisso","author":"AF","date":"21\/05\/2019","format":false,"excerpt":"Autoridades sanitarias confirmaron hoy el primer caso de Gripe A de la provincia: se trata de un ni\u00f1o de 7 a\u00f1os oriundo de la localidad de Berisso que hab\u00eda sido internado en el Hospital de Ni\u00f1os de La Plata a ra\u00edz de los s\u00edntomas que presentaba. Seg\u00fan confirmaron a DIB\u2026","rel":"","context":"En \u00abSociedad\u00bb","block_context":{"text":"Sociedad","link":"https:\/\/www.24baires.com\/?cat=1"},"img":{"alt_text":"","src":"https:\/\/i0.wp.com\/www.24baires.com\/wp-content\/uploads\/2013\/07\/gripe-a-tres-arroyos.jpg?resize=350%2C200","width":350,"height":200,"srcset":"https:\/\/i0.wp.com\/www.24baires.com\/wp-content\/uploads\/2013\/07\/gripe-a-tres-arroyos.jpg?resize=350%2C200 1x, https:\/\/i0.wp.com\/www.24baires.com\/wp-content\/uploads\/2013\/07\/gripe-a-tres-arroyos.jpg?resize=525%2C300 1.5x"},"classes":[]}],"jetpack_sharing_enabled":true,"jetpack_likes_enabled":true,"_links":{"self":[{"href":"https:\/\/www.24baires.com\/index.php?rest_route=\/wp\/v2\/posts\/7170","targetHints":{"allow":["GET"]}}],"collection":[{"href":"https:\/\/www.24baires.com\/index.php?rest_route=\/wp\/v2\/posts"}],"about":[{"href":"https:\/\/www.24baires.com\/index.php?rest_route=\/wp\/v2\/types\/post"}],"author":[{"embeddable":true,"href":"https:\/\/www.24baires.com\/index.php?rest_route=\/wp\/v2\/users\/4"}],"replies":[{"embeddable":true,"href":"https:\/\/www.24baires.com\/index.php?rest_route=%2Fwp%2Fv2%2Fcomments&post=7170"}],"version-history":[{"count":1,"href":"https:\/\/www.24baires.com\/index.php?rest_route=\/wp\/v2\/posts\/7170\/revisions"}],"predecessor-version":[{"id":7171,"href":"https:\/\/www.24baires.com\/index.php?rest_route=\/wp\/v2\/posts\/7170\/revisions\/7171"}],"wp:attachment":[{"href":"https:\/\/www.24baires.com\/index.php?rest_route=%2Fwp%2Fv2%2Fmedia&parent=7170"}],"wp:term":[{"taxonomy":"category","embeddable":true,"href":"https:\/\/www.24baires.com\/index.php?rest_route=%2Fwp%2Fv2%2Fcategories&post=7170"},{"taxonomy":"post_tag","embeddable":true,"href":"https:\/\/www.24baires.com\/index.php?rest_route=%2Fwp%2Fv2%2Ftags&post=7170"}],"curies":[{"name":"wp","href":"https:\/\/api.w.org\/{rel}","templated":true}]}}