{"id":71676,"date":"2015-09-04T22:00:48","date_gmt":"2015-09-05T01:00:48","guid":{"rendered":"http:\/\/www.24baires.com\/?p=71676"},"modified":"2015-09-04T21:07:49","modified_gmt":"2015-09-05T00:07:49","slug":"y-que-el-amor-siga-venciendo","status":"publish","type":"post","link":"https:\/\/www.24baires.com\/?p=71676","title":{"rendered":"Y que el amor siga venciendo"},"content":{"rendered":"<p><img data-recalc-dims=\"1\" loading=\"lazy\" decoding=\"async\" class=\"aligncenter size-full wp-image-19254\" src=\"https:\/\/i0.wp.com\/www.24baires.com\/wp-content\/uploads\/2013\/03\/carlotto-estela-acto-24-mar-2013.jpg?resize=560%2C399\" alt=\"carlotto estela acto 24 mar 2013\" width=\"560\" height=\"399\" srcset=\"https:\/\/i0.wp.com\/www.24baires.com\/wp-content\/uploads\/2013\/03\/carlotto-estela-acto-24-mar-2013.jpg?w=560&amp;ssl=1 560w, https:\/\/i0.wp.com\/www.24baires.com\/wp-content\/uploads\/2013\/03\/carlotto-estela-acto-24-mar-2013.jpg?resize=300%2C213&amp;ssl=1 300w\" sizes=\"auto, (max-width: 560px) 100vw, 560px\" \/>Saliendo un rato de la campa\u00f1a, la que llamamos sucia, la que no se basa en propuestas y debates, sino en operaciones mediocres y en difamaciones burdas. Saliendo un rato de la m\u00e1quina medi\u00e1tica que nos bombardea todo el d\u00eda con cosas inciertas o cuanto menos incomprobables, con malas noticias reales o inventadas, con im\u00e1genes y opiniones que s\u00f3lo buscan desanimarnos, ocurren cosas realmente bellas. <!--more--><\/p>\n<p>Cosas buenas que nos pasan a todos, aunque algunos no quieran sentirlas propias. Como el fallo de la Justicia norteamericana a favor de la Argentina en el tema Fondos Buitres, por ejemplo. O, mejor aun, la restituci\u00f3n hist\u00f3rica de la identidad de un hijo o hija de desaparecidos en la \u00faltima dictadura c\u00edvico militar. Un nieto o nieta encontrado por las Abuelas, y por todos nosotros, porque entre todos los estamos buscando.<br \/>\nVaya cosa hermosa, esa: enterarse de que hay un nieto o una nieta m\u00e1s que recupera su identidad. Y siempre que sucede esto me asombra y alegra que la mayor\u00eda de la gente que conozco no s\u00f3lo hable del tema, sino que se sienta feliz con esos anuncios emocionantes de las \u200eAbuelas\u202c. Es com\u00fan que me cruce ese d\u00eda con personas que, en distintos \u00e1mbitos, quieran compartir la noticia y la alegr\u00eda y lo primero que nos preguntamos cuando nos vemos, casi a coro, y con sonrisa de oreja a oreja, sea un: \u201c\u00bfViste que las Abuelas encontraron otro nieto?\u201d<br \/>\nParece un fen\u00f3meno de esos que explotan a veces en las redes sociales, informaciones de impacto que hacen que casi todos hablemos de lo mismo. Pero en realidad es algo infinitamente mejor que eso: somos nosotros reconoci\u00e9ndonos en los dem\u00e1s. Somos cada uno de nosotros reflej\u00e1ndonos en el espejo de esa alegr\u00eda, porque tambi\u00e9n hacemos nuestra esa lucha. Por eso es propia, porque las Abuelas batallan por todos.<br \/>\nEs como cuando Guido se encontr\u00f3 con Estela. Fue como ganar un Mundial, nos abrazamos, lloramos, festejamos, hasta se escuchaban los bocinazos en las calles. No, no era mi sangre, pero era mi hermano y mi abuela. Era tu hijo, tu madre. Eran los compa\u00f1eros que, al abrazarse, nos regalaban la alegr\u00eda del a\u00f1o.<br \/>\nAlgunos pueden creen que son felicidades ajenas. Que les pasan a otros, que son momentos privados que no tienen nada que ver con quienes no los protagonizan. Hechos aislados que no hacen al conjunto de la sociedad, que no nos modifican en nada.<br \/>\nLo que yo creo es que no hay mayor felicidad que la compartida, no hay mayor alegr\u00eda que la colectiva. No hay mayor triunfo que el que se logra luchando junto a los dem\u00e1s. Y esas victorias, que son restituciones hist\u00f3ricas, no s\u00f3lo se disfrutan en conjunto, sino que nos modifican la realidad a toda la sociedad, porque de a poco nos vamos volviendo menos injustos, de a poco nos vamos construyendo m\u00e1s igualitarios.<br \/>\nSeguimos aprendiendo de quienes invirtieron su vida en la b\u00fasqueda de la verdad, quienes tomaron el dolor y lo transformaron en amor. Y algo as\u00ed, tan trascendental no puede no afectarnos, no puede no mejorarnos, no puede sernos ajeno.<br \/>\nY entre el fuego cruzado entre oficialismo y oposici\u00f3n, este salvavidas que nos tiran en un mar revuelto y agresivo, sirve para detenernos un poquito y reflexionar sobre otras cosas importantes, aunque para diarios como Clar\u00edn no lo haya sido y por eso no incluyeran en tapa novedad de la Nieta 117. La verdad no esperamos nada de ellos, lo \u00fanico que esperamos, porque en eso estamos, es que el amor siga venciendo.<\/p>\n","protected":false},"excerpt":{"rendered":"<p>Saliendo un rato de la campa\u00f1a, la que llamamos sucia, la que no se basa en propuestas y debates, sino en operaciones mediocres y en difamaciones burdas. Saliendo un rato de la m\u00e1quina medi\u00e1tica que nos bombardea todo el d\u00eda con cosas inciertas o cuanto menos incomprobables, con malas noticias reales o inventadas, con im\u00e1genes y opiniones que s\u00f3lo buscan [&#8230;]<\/p>\n","protected":false},"author":8,"featured_media":0,"comment_status":"open","ping_status":"open","sticky":false,"template":"","format":"standard","meta":{"_jetpack_newsletter_access":"","_jetpack_dont_email_post_to_subs":false,"_jetpack_newsletter_tier_id":0,"_jetpack_memberships_contains_paywalled_content":false,"_jetpack_memberships_contains_paid_content":false,"footnotes":""},"categories":[64],"tags":[],"class_list":["post-71676","post","type-post","status-publish","format-standard","hentry","category-opinion"],"jetpack_featured_media_url":"","jetpack_shortlink":"https:\/\/wp.me\/p2JWE0-iE4","jetpack-related-posts":[{"id":52316,"url":"https:\/\/www.24baires.com\/?p=52316","url_meta":{"origin":71676,"position":0},"title":"Licha y Vuelve","author":"GB","date":"23\/08\/2014","format":false,"excerpt":"Hay abrazos que no pueden ser y recibimos algunas noticias con sonrisas, pero que no pueden dejar de ser algo amargas. Porque la felicidad es mucha cuando aparece un nuevo nieto o nieta, pero es completa si hay abuela. Y Licha se muri\u00f3 en el 2008 buscando a Ana Libertad.\u2026","rel":"","context":"En \u00abOpini\u00f3n\u00bb","block_context":{"text":"Opini\u00f3n","link":"https:\/\/www.24baires.com\/?cat=64"},"img":{"alt_text":"nieta 115","src":"https:\/\/i0.wp.com\/www.24baires.com\/wp-content\/uploads\/2014\/08\/nieta-115.jpg?resize=350%2C200","width":350,"height":200,"srcset":"https:\/\/i0.wp.com\/www.24baires.com\/wp-content\/uploads\/2014\/08\/nieta-115.jpg?resize=350%2C200 1x, https:\/\/i0.wp.com\/www.24baires.com\/wp-content\/uploads\/2014\/08\/nieta-115.jpg?resize=525%2C300 1.5x"},"classes":[]},{"id":51557,"url":"https:\/\/www.24baires.com\/?p=51557","url_meta":{"origin":71676,"position":1},"title":"Cabandi\u00e9: \u00abMuchos nietos buscan su identidad impulsados por la pol\u00edtica de DDHH\u00bb","author":"Grupo Sierra","date":"10\/08\/2014","format":false,"excerpt":"El diputado nacional del Frente para la Victoria (FPV) por la ciudad de Buenos Aires y nieto recuperado, Juan Cabandi\u00e9, consider\u00f3 que la pol\u00edtica de derechos humanos desarrollada por el kirchnerismo desde 2003 \u201cinfluye much\u00edsimo para que los nietos busquen sus verdaderas identidades\u201d. \u201cDesde 2003, la recuperaci\u00f3n de la identidad\u2026","rel":"","context":"En \u00abMemoria\u00bb","block_context":{"text":"Memoria","link":"https:\/\/www.24baires.com\/?cat=50"},"img":{"alt_text":"cabandi\u00e9","src":"https:\/\/i0.wp.com\/www.24baires.com\/wp-content\/uploads\/2013\/10\/cabandi%C3%A9.jpg?resize=350%2C200","width":350,"height":200,"srcset":"https:\/\/i0.wp.com\/www.24baires.com\/wp-content\/uploads\/2013\/10\/cabandi%C3%A9.jpg?resize=350%2C200 1x, https:\/\/i0.wp.com\/www.24baires.com\/wp-content\/uploads\/2013\/10\/cabandi%C3%A9.jpg?resize=525%2C300 1.5x"},"classes":[]},{"id":55688,"url":"https:\/\/www.24baires.com\/?p=55688","url_meta":{"origin":71676,"position":2},"title":"Tras el ADN negativo, Susana Trimarco asegur\u00f3 que seguir\u00e1 buscando al hijo de Marita","author":"GB","date":"20\/10\/2014","format":false,"excerpt":"As\u00ed lo afirm\u00f3 la presidenta de la Fundaci\u00f3n Mar\u00eda de los \u00c1ngeles, nombre de su hija desaparecida por redes de trata en 2002, tras conocer los resultados del cotejo que buscaba determinar si un chico de 12 a\u00f1os era su nieto. Susana Trimarco, presidenta de la Fundaci\u00f3n Mar\u00eda de los\u2026","rel":"","context":"En \u00abSociedad\u00bb","block_context":{"text":"Sociedad","link":"https:\/\/www.24baires.com\/?cat=1"},"img":{"alt_text":"susana trimarco","src":"https:\/\/i0.wp.com\/www.24baires.com\/wp-content\/uploads\/2014\/08\/susana-trimarco.jpg?resize=350%2C200","width":350,"height":200,"srcset":"https:\/\/i0.wp.com\/www.24baires.com\/wp-content\/uploads\/2014\/08\/susana-trimarco.jpg?resize=350%2C200 1x, https:\/\/i0.wp.com\/www.24baires.com\/wp-content\/uploads\/2014\/08\/susana-trimarco.jpg?resize=525%2C300 1.5x"},"classes":[]},{"id":54222,"url":"https:\/\/www.24baires.com\/?p=54222","url_meta":{"origin":71676,"position":3},"title":"Estela de Carlotto visit\u00f3 Olavarr\u00eda por primera vez con su nieto","author":"Grupo Sierra","date":"24\/09\/2014","format":false,"excerpt":"\u201cEncontrar a mi nieto fue como darme un baldazo de vida\u201d, coment\u00f3 a la prensa, junto a Ignacio Guido. Acompa\u00f1ada por su nieto y su hijo \u201cKibo\u201d, se refiri\u00f3 a su encuentro con el m\u00fasico olavarriense tras 37 a\u00f1os de b\u00fasqueda. La presidente de Abuelas de Plaza de Mayo dialog\u00f3\u2026","rel":"","context":"En \u00abLocales\u00bb","block_context":{"text":"Locales","link":"https:\/\/www.24baires.com\/?cat=38"},"img":{"alt_text":"guido-estela","src":"https:\/\/i0.wp.com\/www.24baires.com\/wp-content\/uploads\/2014\/08\/guido-estela.jpg?resize=350%2C200","width":350,"height":200,"srcset":"https:\/\/i0.wp.com\/www.24baires.com\/wp-content\/uploads\/2014\/08\/guido-estela.jpg?resize=350%2C200 1x, https:\/\/i0.wp.com\/www.24baires.com\/wp-content\/uploads\/2014\/08\/guido-estela.jpg?resize=525%2C300 1.5x"},"classes":[]},{"id":114497,"url":"https:\/\/www.24baires.com\/?p=114497","url_meta":{"origin":71676,"position":4},"title":"Hagamos memoria","author":"AF","date":"24\/03\/2020","format":false,"excerpt":"La memoria puede ser el cementerio m\u00e1s grande y oscuro. La memoria puede ser el pozo sin fondo donde algunos arrojan la Historia, para que se pierda en tanta negrura. Puede ser una herida de sangre fresca y dolor constante, como toda llaga abierta. Pero resulta que tambi\u00e9n puede ser\u2026","rel":"","context":"En \u00abOpini\u00f3n\u00bb","block_context":{"text":"Opini\u00f3n","link":"https:\/\/www.24baires.com\/?cat=64"},"img":{"alt_text":"","src":"https:\/\/i0.wp.com\/www.24baires.com\/wp-content\/uploads\/2020\/03\/MARCHA-24-2.jpg?resize=350%2C200","width":350,"height":200,"srcset":"https:\/\/i0.wp.com\/www.24baires.com\/wp-content\/uploads\/2020\/03\/MARCHA-24-2.jpg?resize=350%2C200 1x, https:\/\/i0.wp.com\/www.24baires.com\/wp-content\/uploads\/2020\/03\/MARCHA-24-2.jpg?resize=525%2C300 1.5x"},"classes":[]},{"id":49169,"url":"https:\/\/www.24baires.com\/?p=49169","url_meta":{"origin":71676,"position":5},"title":"\u2018Chicha\u2019 Mariani: \u201cNo conf\u00edo en el Papa actual\u201d","author":"AF","date":"03\/07\/2014","format":false,"excerpt":"Mar\u00eda Isabel \u201cChicha\u201d Mariani, fundadora de Abuelas de Plaza de Mayo, dialog\u00f3 sobre la continuidad del Juicio de \u2018La Cacha\u2019, el rol del Papa y la Iglesia con los desaparecidos y el compromiso de la Justicia argentina para finalizar los juicios de lesa humanidad en Diciembre de 2015. Respecto al\u2026","rel":"","context":"En \u00abSociedad\u00bb","block_context":{"text":"Sociedad","link":"https:\/\/www.24baires.com\/?cat=1"},"img":{"alt_text":"chicha mariani","src":"https:\/\/i0.wp.com\/www.24baires.com\/wp-content\/uploads\/2014\/05\/chicha-mariani.jpg?resize=350%2C200","width":350,"height":200,"srcset":"https:\/\/i0.wp.com\/www.24baires.com\/wp-content\/uploads\/2014\/05\/chicha-mariani.jpg?resize=350%2C200 1x, https:\/\/i0.wp.com\/www.24baires.com\/wp-content\/uploads\/2014\/05\/chicha-mariani.jpg?resize=525%2C300 1.5x"},"classes":[]}],"jetpack_sharing_enabled":true,"jetpack_likes_enabled":true,"_links":{"self":[{"href":"https:\/\/www.24baires.com\/index.php?rest_route=\/wp\/v2\/posts\/71676","targetHints":{"allow":["GET"]}}],"collection":[{"href":"https:\/\/www.24baires.com\/index.php?rest_route=\/wp\/v2\/posts"}],"about":[{"href":"https:\/\/www.24baires.com\/index.php?rest_route=\/wp\/v2\/types\/post"}],"author":[{"embeddable":true,"href":"https:\/\/www.24baires.com\/index.php?rest_route=\/wp\/v2\/users\/8"}],"replies":[{"embeddable":true,"href":"https:\/\/www.24baires.com\/index.php?rest_route=%2Fwp%2Fv2%2Fcomments&post=71676"}],"version-history":[{"count":1,"href":"https:\/\/www.24baires.com\/index.php?rest_route=\/wp\/v2\/posts\/71676\/revisions"}],"predecessor-version":[{"id":71678,"href":"https:\/\/www.24baires.com\/index.php?rest_route=\/wp\/v2\/posts\/71676\/revisions\/71678"}],"wp:attachment":[{"href":"https:\/\/www.24baires.com\/index.php?rest_route=%2Fwp%2Fv2%2Fmedia&parent=71676"}],"wp:term":[{"taxonomy":"category","embeddable":true,"href":"https:\/\/www.24baires.com\/index.php?rest_route=%2Fwp%2Fv2%2Fcategories&post=71676"},{"taxonomy":"post_tag","embeddable":true,"href":"https:\/\/www.24baires.com\/index.php?rest_route=%2Fwp%2Fv2%2Ftags&post=71676"}],"curies":[{"name":"wp","href":"https:\/\/api.w.org\/{rel}","templated":true}]}}