{"id":7160,"date":"2012-11-28T11:45:58","date_gmt":"2012-11-28T14:45:58","guid":{"rendered":"http:\/\/www.24baires.com\/?p=7160"},"modified":"2012-11-28T22:45:05","modified_gmt":"2012-11-29T01:45:05","slug":"capacitan-a-medicos-bonaerenses-para-mejorar-el-trato-hacia-los-pacientes-lgbt","status":"publish","type":"post","link":"https:\/\/www.24baires.com\/?p=7160","title":{"rendered":"Capacitan a m\u00e9dicos bonaerenses para mejorar el trato hacia los pacientes LGBT"},"content":{"rendered":"<p>El hospital Guti\u00e9rrez de La Plata fue capacitado con la nueva gu\u00eda para la atenci\u00f3n de la poblaci\u00f3n LGBT \u00a0(lesbianas, gays, bisexuales y trans). All\u00ed se realizan hace varios a\u00f1os tratamientos hormonales y cirug\u00edas de reasignaci\u00f3n genital. De esta forma, la provincia de Buenos Aires se consolida como pionera en la inclusi\u00f3n de la diversidad sexual en el tratamiento m\u00e9dico.<!--more--><\/p>\n<p>Desde septiembre fueron capacitados seis hospitales provinciales, en los que ya se aplica la gu\u00eda para la atenci\u00f3n de los pacientes: el Paroissien de La Matanza, el Evita de Lan\u00fas, Eva Per\u00f3n de San Mart\u00edn, Carrillo de Tres de Febrero y el Guti\u00e9rrez de La Plata.<\/p>\n<p>La coordinadora del programa provincial de Pol\u00edticas de G\u00e9nero, Marina Ch\u00e1vez, explic\u00f3 que \u201clas capacitaciones se retomar\u00e1n en los primeros meses del pr\u00f3ximo a\u00f1o y se realizar\u00e1n hasta cubrir los 77 hospitales provinciales\u201d. A su vez destac\u00f3 la importancia de esta Gu\u00eda ya que \u201ccomo tenemos un modelo de salud que presume la heterosexualidad, el mayor desaf\u00edo es lograr un cambio que acerque a todas las personas a la salud y que no las aleje presuponiendo una orientaci\u00f3n sexual establecida por las normas sociales tradicionales\u201d.<br \/>\nSeg\u00fan explicaron desde la Cartera Sanitaria provincial, la gu\u00eda tiene como fin capacitar a los profesionales de los hospitales p\u00fablicos para mejorar el acceso de los colectivos LGBT (lesbianas, gays, bisexuales y trans) a la atenci\u00f3n integral de su salud. Fue realizada por el \u00e1rea de Pol\u00edticas de G\u00e9nero del ministerio de Salud, en conjunto con las investigadoras del Conicet, Florencia Gemetro y Gabriela Bacin, y comprende contenidos b\u00e1sicos sobre la promoci\u00f3n de la salud sexual y reproductiva y la prevenci\u00f3n de la discriminaci\u00f3n y violencia hacia lesbianas, gays, trans, bisexuales e intersex.<br \/>\n<strong>La diversidad sexual en el hospital Guti\u00e9rrez<\/strong><br \/>\nLa provincia de Buenos Aires es pionera en la incorporaci\u00f3n de medidas de salud p\u00fablica que garantizan la atenci\u00f3n de la poblaci\u00f3n m\u00e1s vulnerable. En diciembre de 2011, la gesti\u00f3n del ministro Alejandro Collia estableci\u00f3 la obligatoriedad de respetar la identidad de g\u00e9nero autopercibida de todos los usuarios del sistema de salud, lo que signific\u00f3 que la historia cl\u00ednica de una persona respete su nombre elegido m\u00e1s all\u00e1 de lo que diga su DNI.<br \/>\nTambi\u00e9n en la Provincia, espec\u00edficamente en el hospital provincial Guti\u00e9rrez de La Plata, donde hoy se llev\u00f3 a cabo la jornada de capacitaci\u00f3n de la Gu\u00eda de Diversidad Sexual, se realiz\u00f3 en 1997 la primera cirug\u00eda de reasignaci\u00f3n genital del pa\u00eds. Desde ese a\u00f1o hasta ahora se hicieron 56 intervenciones de este tipo, lo que convierte a este hospital en uno de los dos lugares del pa\u00eds en los que se hacen en forma p\u00fablica y gratuita. El otro es el hospital Duran de Buenos Aires.<br \/>\nY desde 2004 se incorpor\u00f3 la atenci\u00f3n de los pacientes transexuales con el fin de iniciar la evaluaci\u00f3n y tratamiento hormonal en el consultorio de Ginecolog\u00eda Endocrinol\u00f3gica, a cargo de la Claudia Capandegui. Actualmente se encuentran en tratamiento hormonal 48 pacientes: 32 de masculino a femenino y 16 de femenino a masculino.<br \/>\nLa edad promedio de la primera consulta es a los 26 a\u00f1os en el caso de masculino a femenino y de 33 a\u00f1os de femenino a masculino. El 31 por ciento de los pacientes es de la provincia de Buenos Aires, el 33 por ciento de la ciudad de La Plata y el 35 por ciento del resto del pa\u00eds.<br \/>\nEl hospital, para esto, cuenta con el equipo interdisciplinario de Reasignaci\u00f3n de G\u00e9nero, coordinado por el jefe de Urolog\u00eda, C\u00e9sar Fidalgo. Ahora el Guti\u00e9rrez suma la gu\u00eda de diversidad sexual, primera en su tipo para la atenci\u00f3n en el sistema de salud p\u00fablico del pa\u00eds y, mediante la cual se busca facilitar el acceso de la poblaci\u00f3n LGTB a la salud, los controles ginecol\u00f3gicos necesarios para la prevenci\u00f3n y todo otro tipo de enfermedades.<\/p>\n","protected":false},"excerpt":{"rendered":"<p>El hospital Guti\u00e9rrez de La Plata fue capacitado con la nueva gu\u00eda para la atenci\u00f3n de la poblaci\u00f3n LGBT \u00a0(lesbianas, gays, bisexuales y trans). All\u00ed se realizan hace varios a\u00f1os tratamientos hormonales y cirug\u00edas de reasignaci\u00f3n genital. De esta forma, la provincia de Buenos Aires se consolida como pionera en la inclusi\u00f3n de la diversidad sexual en el tratamiento m\u00e9dico.<\/p>\n","protected":false},"author":4,"featured_media":0,"comment_status":"open","ping_status":"open","sticky":false,"template":"","format":"standard","meta":{"_jetpack_newsletter_access":"","_jetpack_dont_email_post_to_subs":false,"_jetpack_newsletter_tier_id":0,"_jetpack_memberships_contains_paywalled_content":false,"_jetpack_memberships_contains_paid_content":false,"footnotes":""},"categories":[1],"tags":[],"class_list":["post-7160","post","type-post","status-publish","format-standard","hentry","category-sociedad"],"jetpack_featured_media_url":"","jetpack_shortlink":"https:\/\/wp.me\/p2JWE0-1Ru","jetpack-related-posts":[{"id":101668,"url":"https:\/\/www.24baires.com\/?p=101668","url_meta":{"origin":7160,"position":0},"title":"Vidal anunciar\u00e1 un plan destinado para que pacientes oncol\u00f3gicos puedan acceder a tratamientos","author":"GB","date":"18\/04\/2018","format":false,"excerpt":"La gobernadora de la provincia de Buenos Aires presentar\u00e1 un programa destinado a ampliar la cobertura de salud p\u00fablica. El acto ser\u00e1 en el hospital de San Isidro. La gobernadora de la provincia de Buenos Aires, Mar\u00eda Eugenia Vidal, presentar\u00e1 hoy el plan que garantizar\u00e1 el acceso al tratamiento del\u2026","rel":"","context":"En \u00abProvincia\u00bb","block_context":{"text":"Provincia","link":"https:\/\/www.24baires.com\/?cat=40"},"img":{"alt_text":"","src":"https:\/\/i0.wp.com\/www.24baires.com\/wp-content\/uploads\/2018\/01\/vidal-anuncios.jpg?resize=350%2C200","width":350,"height":200,"srcset":"https:\/\/i0.wp.com\/www.24baires.com\/wp-content\/uploads\/2018\/01\/vidal-anuncios.jpg?resize=350%2C200 1x, https:\/\/i0.wp.com\/www.24baires.com\/wp-content\/uploads\/2018\/01\/vidal-anuncios.jpg?resize=525%2C300 1.5x"},"classes":[]},{"id":93416,"url":"https:\/\/www.24baires.com\/?p=93416","url_meta":{"origin":7160,"position":1},"title":"Ordenan a la Provincia reacondicionar el Estevez de Lomas de Zamora","author":"AF","date":"29\/03\/2017","format":false,"excerpt":"La justicia de Garant\u00edas de Lomas de Zamora orden\u00f3 este martes al gobierno de la provincia de Buenos Aires reacondicionar el Hospital Estevez de ese distrito, tras constatar malos tratos y abandono de paciente y deficiencias edilicias que agravan su internaci\u00f3n. Seg\u00fan informaron fuentes judiciales, as\u00ed se resolvi\u00f3 un h\u00e1beas\u2026","rel":"","context":"En \u00abLocales\u00bb","block_context":{"text":"Locales","link":"https:\/\/www.24baires.com\/?cat=38"},"img":{"alt_text":"","src":"https:\/\/i0.wp.com\/www.24baires.com\/wp-content\/uploads\/2017\/03\/hospital-estevez-lomas.jpg?resize=350%2C200","width":350,"height":200,"srcset":"https:\/\/i0.wp.com\/www.24baires.com\/wp-content\/uploads\/2017\/03\/hospital-estevez-lomas.jpg?resize=350%2C200 1x, https:\/\/i0.wp.com\/www.24baires.com\/wp-content\/uploads\/2017\/03\/hospital-estevez-lomas.jpg?resize=525%2C300 1.5x"},"classes":[]},{"id":116893,"url":"https:\/\/www.24baires.com\/?p=116893","url_meta":{"origin":7160,"position":2},"title":"Impulsan el cultivo de cannabis medicinal y la incorporaci\u00f3n del aceite a los hospitales","author":"GB","date":"16\/12\/2020","format":false,"excerpt":"Se trata de una iniciativa que el Ejecutivo bonaerense ingres\u00f3 a la C\u00e1mara de Diputados, a comienzos de esta semana, con la idea de discutirla en el per\u00edodo de sesiones extraordinarias. La administraci\u00f3n de Axel Kicillof promueve un proyecto de ley que autoriza el autocultivo de cannabis para uso medicinal\u2026","rel":"","context":"En \u00abProvincia\u00bb","block_context":{"text":"Provincia","link":"https:\/\/www.24baires.com\/?cat=40"},"img":{"alt_text":"","src":"https:\/\/i0.wp.com\/www.24baires.com\/wp-content\/uploads\/2020\/12\/20201216091201_cultivo-300x168.jpg?resize=350%2C200","width":350,"height":200},"classes":[]},{"id":19830,"url":"https:\/\/www.24baires.com\/?p=19830","url_meta":{"origin":7160,"position":3},"title":"Se someti\u00f3 a una mastectom\u00eda en un hospital p\u00fablico el primer var\u00f3n transexual en recibir nuevo DNI","author":"Grupo Sierra","date":"31\/03\/2013","format":false,"excerpt":"Kalym Soria fue sometido a una mastectom\u00eda en el Hospital Guti\u00e9rrez de La Plata, pionero en las cirug\u00edas de reasignaci\u00f3n genital. Kalym Soria, el primer var\u00f3n transexual en recibir el a\u00f1o pasado el Documento Nacional de Identidad (DNI), que lo identifica con su verdadero nombre, fue sometido a una mastectom\u00eda\u2026","rel":"","context":"En \u00abSociedad\u00bb","block_context":{"text":"Sociedad","link":"https:\/\/www.24baires.com\/?cat=1"},"img":{"alt_text":"","src":"","width":0,"height":0},"classes":[]},{"id":41817,"url":"https:\/\/www.24baires.com\/?p=41817","url_meta":{"origin":7160,"position":4},"title":"Los hospitales p\u00fablicos estar\u00e1n conectados por fibra \u00f3ptica a nivel nacional","author":"Grupo Sierra","date":"09\/03\/2014","format":false,"excerpt":"Los ministerios de Planificaci\u00f3n Federal y de Salud de la naci\u00f3n brindar\u00e1n conectividad a establecimientos sanitarios de provincias y municipios a trav\u00e9s del Plan Nacional de Cibersalud, que se apoyar\u00e1 en la Red Federal de Fibra \u00d3ptica (Refeco). Este plan posibilita la centralizaci\u00f3n de bases de datos y la implementaci\u00f3n\u2026","rel":"","context":"En \u00abTecnolog\u00eda\u00bb","block_context":{"text":"Tecnolog\u00eda","link":"https:\/\/www.24baires.com\/?cat=46"},"img":{"alt_text":"","src":"","width":0,"height":0},"classes":[]},{"id":52186,"url":"https:\/\/www.24baires.com\/?p=52186","url_meta":{"origin":7160,"position":5},"title":"Paran hoy m\u00e9dicos de Cicop de toda la Provincia","author":"AF","date":"21\/08\/2014","format":false,"excerpt":"Los m\u00e9dicos y profesionales de la salud nucleados en Cicop volver\u00e1n a parar este jueves en los 78 hospitales bonaerenses para reclamar mejoras salariales y laborales, mientras que desde el Ministerio de Salud pidieron colaboraci\u00f3n a los trabajadores y que no dejen sin atenci\u00f3n a los pacientes de hospitales. Cicop,\u2026","rel":"","context":"En \u00abSociedad\u00bb","block_context":{"text":"Sociedad","link":"https:\/\/www.24baires.com\/?cat=1"},"img":{"alt_text":"paro cicop","src":"https:\/\/i0.wp.com\/www.24baires.com\/wp-content\/uploads\/2013\/02\/paro-cicop.jpg?resize=350%2C200","width":350,"height":200,"srcset":"https:\/\/i0.wp.com\/www.24baires.com\/wp-content\/uploads\/2013\/02\/paro-cicop.jpg?resize=350%2C200 1x, https:\/\/i0.wp.com\/www.24baires.com\/wp-content\/uploads\/2013\/02\/paro-cicop.jpg?resize=525%2C300 1.5x"},"classes":[]}],"jetpack_sharing_enabled":true,"jetpack_likes_enabled":true,"_links":{"self":[{"href":"https:\/\/www.24baires.com\/index.php?rest_route=\/wp\/v2\/posts\/7160","targetHints":{"allow":["GET"]}}],"collection":[{"href":"https:\/\/www.24baires.com\/index.php?rest_route=\/wp\/v2\/posts"}],"about":[{"href":"https:\/\/www.24baires.com\/index.php?rest_route=\/wp\/v2\/types\/post"}],"author":[{"embeddable":true,"href":"https:\/\/www.24baires.com\/index.php?rest_route=\/wp\/v2\/users\/4"}],"replies":[{"embeddable":true,"href":"https:\/\/www.24baires.com\/index.php?rest_route=%2Fwp%2Fv2%2Fcomments&post=7160"}],"version-history":[{"count":2,"href":"https:\/\/www.24baires.com\/index.php?rest_route=\/wp\/v2\/posts\/7160\/revisions"}],"predecessor-version":[{"id":7164,"href":"https:\/\/www.24baires.com\/index.php?rest_route=\/wp\/v2\/posts\/7160\/revisions\/7164"}],"wp:attachment":[{"href":"https:\/\/www.24baires.com\/index.php?rest_route=%2Fwp%2Fv2%2Fmedia&parent=7160"}],"wp:term":[{"taxonomy":"category","embeddable":true,"href":"https:\/\/www.24baires.com\/index.php?rest_route=%2Fwp%2Fv2%2Fcategories&post=7160"},{"taxonomy":"post_tag","embeddable":true,"href":"https:\/\/www.24baires.com\/index.php?rest_route=%2Fwp%2Fv2%2Ftags&post=7160"}],"curies":[{"name":"wp","href":"https:\/\/api.w.org\/{rel}","templated":true}]}}